{"id":769,"date":"2022-10-27T12:57:24","date_gmt":"2022-10-27T15:57:24","guid":{"rendered":"https:\/\/campusff.ms.gba.gov.ar\/floreal\/?p=769"},"modified":"2022-11-07T10:21:06","modified_gmt":"2022-11-07T13:21:06","slug":"boletines-red-en-movimiento","status":"publish","type":"post","link":"https:\/\/campusff.ms.gba.gov.ar\/floreal\/2022\/10\/27\/boletines-red-en-movimiento\/","title":{"rendered":"Boletines Red en Movimiento"},"content":{"rendered":"\n<p><a rel=\"noreferrer noopener\" href=\"https:\/\/campusff.ms.gba.gov.ar\/floreal\/wp-content\/uploads\/sites\/4\/2022\/10\/BOLETIN-1-Redes-en-salud.pdf\" data-type=\"URL\" data-id=\"https:\/\/campusff.ms.gba.gov.ar\/floreal\/wp-content\/uploads\/sites\/4\/2022\/10\/BOLETIN-1-Redes-en-salud.pdf\" target=\"_blank\">BOLETIN 1 &#8211; Redes en salud<\/a><\/p>\n\n\n\n<p><a rel=\"noreferrer noopener\" href=\"https:\/\/campusff.ms.gba.gov.ar\/floreal\/wp-content\/uploads\/sites\/4\/2022\/10\/BOLETIN-2-La-ternura-un-punto-que-teje-la-buena-practica-en-salud.pdf\" data-type=\"URL\" data-id=\"https:\/\/campusff.ms.gba.gov.ar\/floreal\/wp-content\/uploads\/sites\/4\/2022\/10\/BOLETIN-2-La-ternura-un-punto-que-teje-la-buena-practica-en-salud.pdf\" target=\"_blank\">B<\/a><a rel=\"noreferrer noopener\" href=\"https:\/\/campusff.ms.gba.gov.ar\/floreal\/wp-content\/uploads\/sites\/4\/2022\/10\/BOLETIN-2-La-ternura-un-punto-que-teje-la-buena-practica-en-salud.pdf\" target=\"_blank\">OLETIN <\/a><a rel=\"noreferrer noopener\" href=\"https:\/\/campusff.ms.gba.gov.ar\/floreal\/wp-content\/uploads\/sites\/4\/2022\/10\/BOLETIN-2-La-ternura-un-punto-que-teje-la-buena-practica-en-salud.pdf\" data-type=\"URL\" data-id=\"https:\/\/campusff.ms.gba.gov.ar\/floreal\/wp-content\/uploads\/sites\/4\/2022\/10\/BOLETIN-2-La-ternura-un-punto-que-teje-la-buena-practica-en-salud.pdf\" target=\"_blank\">2 &#8211; La ternura, un punto que teje la buena pr\u00e1ctica en salud<\/a><\/p>\n\n\n\n<p><a rel=\"noreferrer noopener\" href=\"https:\/\/campusff.ms.gba.gov.ar\/floreal\/wp-content\/uploads\/sites\/4\/2022\/10\/BOLETIN-3-COVID-19-una-oportunidad-para-refundar-el-sistema-de-salud-argentino.pdf\" target=\"_blank\">B<\/a><a rel=\"noreferrer noopener\" href=\"https:\/\/campusff.ms.gba.gov.ar\/floreal\/wp-content\/uploads\/sites\/4\/2022\/10\/BOLETIN-3-COVID-19-una-oportunidad-para-refundar-el-sistema-de-salud-argentino.pdf\" data-type=\"URL\" data-id=\"https:\/\/campusff.ms.gba.gov.ar\/floreal\/wp-content\/uploads\/sites\/4\/2022\/10\/BOLETIN-3-COVID-19-una-oportunidad-para-refundar-el-sistema-de-salud-argentino.pdf\" target=\"_blank\">OLETIN 3 &#8211; COVID-19 una oportunidad para refundar el sistema de salud argentino<\/a><\/p>\n\n\n\n<p><a href=\"https:\/\/campusff.ms.gba.gov.ar\/floreal\/wp-content\/uploads\/sites\/4\/2022\/10\/BOLETIN-4-El-virus-como-sustancia-y-el-pensamiento-como-antidoto.pdf\" target=\"_blank\" rel=\"noreferrer noopener\">BOLETIN 4 &#8211; El virus como sustancia y el pensamiento como ant\u00eddoto<\/a><\/p>\n\n\n\n<p><a href=\"https:\/\/campusff.ms.gba.gov.ar\/floreal\/wp-content\/uploads\/sites\/4\/2022\/10\/BOLETIN-5-Formacion-tambien-es-la-experiencia-de-lo-inesperado.pdf\" target=\"_blank\" rel=\"noreferrer noopener\">BOLETIN 5 &#8211; Formaci\u00f3n tambi\u00e9n es la experiencia de lo inesperado<\/a><\/p>\n\n\n\n<p><a rel=\"noreferrer noopener\" href=\"https:\/\/campusff.ms.gba.gov.ar\/floreal\/wp-content\/uploads\/sites\/4\/2022\/10\/BOLETIN-6-Matices-subjetivos-durante-la-pandemia.pdf\" target=\"_blank\">BO<\/a><a href=\"https:\/\/campusff.ms.gba.gov.ar\/floreal\/wp-content\/uploads\/sites\/4\/2022\/10\/BOLETIN-6-Matices-subjetivos-durante-la-pandemia.pdf\" data-type=\"URL\" data-id=\"https:\/\/campusff.ms.gba.gov.ar\/floreal\/wp-content\/uploads\/sites\/4\/2022\/10\/BOLETIN-6-Matices-subjetivos-durante-la-pandemia.pdf\" target=\"_blank\" rel=\"noreferrer noopener\">LETIN 6 &#8211; Matices subjetivos durante l<\/a><a rel=\"noreferrer noopener\" href=\"https:\/\/campusff.ms.gba.gov.ar\/floreal\/wp-content\/uploads\/sites\/4\/2022\/10\/BOLETIN-6-Matices-subjetivos-durante-la-pandemia.pdf\" data-type=\"URL\" data-id=\"https:\/\/campusff.ms.gba.gov.ar\/floreal\/wp-content\/uploads\/sites\/4\/2022\/10\/BOLETIN-6-Matices-subjetivos-durante-la-pandemia.pdf\" target=\"_blank\">a pandemia<\/a><\/p>\n\n\n\n<p><a href=\"https:\/\/campusff.ms.gba.gov.ar\/floreal\/wp-content\/uploads\/sites\/4\/2022\/10\/BOLETIN-7-\u00bfCogestion-en-tiempo-de-crisis.pdf\" target=\"_blank\" rel=\"noreferrer noopener\">BOLETIN 7 &#8211; \u00bfCogesti\u00f3n en tiempo de crisis?<\/a><\/p>\n\n\n\n<p><a href=\"https:\/\/campusff.ms.gba.gov.ar\/floreal\/wp-content\/uploads\/sites\/4\/2022\/10\/BOLETIN-8-2020-Ano-Internacional-de-la-Enfermeria.pdf\" data-type=\"URL\" data-id=\"https:\/\/campusff.ms.gba.gov.ar\/floreal\/wp-content\/uploads\/sites\/4\/2022\/10\/BOLETIN-8-2020-Ano-Internacional-de-la-Enfermeria.pdf\">B<\/a><a href=\"https:\/\/campusff.ms.gba.gov.ar\/floreal\/wp-content\/uploads\/sites\/4\/2022\/10\/BOLETIN-8-2020-Ano-Internacional-de-la-Enfermeria.pdf\" data-type=\"URL\" data-id=\"https:\/\/campusff.ms.gba.gov.ar\/floreal\/wp-content\/uploads\/sites\/4\/2022\/10\/BOLETIN-8-2020-Ano-Internacional-de-la-Enfermeria.pdf\" target=\"_blank\" rel=\"noreferrer noopener\">O<\/a><a rel=\"noreferrer noopener\" href=\"https:\/\/campusff.ms.gba.gov.ar\/floreal\/wp-content\/uploads\/sites\/4\/2022\/10\/BOLETIN-8-2020-Ano-Internacional-de-la-Enfermeria.pdf\" target=\"_blank\">LETIN 8 &#8211; 2020, A\u00f1o Internacional de la Enfermeria<\/a><\/p>\n\n\n\n<p><a rel=\"noreferrer noopener\" href=\"https:\/\/campusff.ms.gba.gov.ar\/floreal\/wp-content\/uploads\/sites\/4\/2022\/10\/BOLETIN-9-Hacia-la-educacioninterprofesional-nuevos-y-no-tan-nuevos-escenarios-formativos-para-las-residencias.pdf\" target=\"_blank\">BOLETIN 9 &#8211; Hacia la educaci\u00f3n interprofesional: nuevos y no tan nuevos escenarios formativos para las residencias<\/a><\/p>\n\n\n\n<p><a rel=\"noreferrer noopener\" href=\"https:\/\/campusff.ms.gba.gov.ar\/floreal\/wp-content\/uploads\/sites\/4\/2022\/10\/BOLETIN-10-Creando-Salud-Mental-Comunitaria-pandemia-y-territorio.pdf\" target=\"_blank\">BOLETIN 10 &#8211; Creando Salud Mental Comunitaria: pandemia y territorio<\/a><\/p>\n\n\n\n<p><a rel=\"noreferrer noopener\" href=\"https:\/\/campusff.ms.gba.gov.ar\/floreal\/wp-content\/uploads\/sites\/4\/2022\/10\/BOLETIN-11-Sostenernos-para-poder-sostener.pdf\" target=\"_blank\">BOLETIN 11 &#8211;<\/a><a rel=\"noreferrer noopener\" href=\"https:\/\/campusff.ms.gba.gov.ar\/floreal\/wp-content\/uploads\/sites\/4\/2022\/10\/BOLETIN-11-Sostenernos-para-poder-sostener.pdf\" target=\"_blank\"> <\/a><a rel=\"noreferrer noopener\" href=\"https:\/\/campusff.ms.gba.gov.ar\/floreal\/wp-content\/uploads\/sites\/4\/2022\/10\/BOLETIN-11-Sostenernos-para-poder-sostener.pdf\" target=\"_blank\">Sostenernos para poder sostener<\/a><\/p>\n\n\n\n<p><a rel=\"noreferrer noopener\" href=\"https:\/\/campusff.ms.gba.gov.ar\/floreal\/wp-content\/uploads\/sites\/4\/2022\/10\/BOLETIN-12-Reflexion-de-una-enfermera-asistencial-en-pandemia.pdf\" target=\"_blank\">BOLETIN 12<\/a><a rel=\"noreferrer noopener\" href=\"https:\/\/campusff.ms.gba.gov.ar\/floreal\/wp-content\/uploads\/sites\/4\/2022\/10\/BOLETIN-12-Reflexion-de-una-enfermera-asistencial-en-pandemia.pdf\" target=\"_blank\"> <\/a><a rel=\"noreferrer noopener\" href=\"https:\/\/campusff.ms.gba.gov.ar\/floreal\/wp-content\/uploads\/sites\/4\/2022\/10\/BOLETIN-12-Reflexion-de-una-enfermera-asistencial-en-pandemia.pdf\" target=\"_blank\">&#8211; Reflexi\u00f3n de una enfermera asistencial en pandemia<\/a><\/p>\n\n\n\n<p><a rel=\"noreferrer noopener\" href=\"https:\/\/campusff.ms.gba.gov.ar\/floreal\/wp-content\/uploads\/sites\/4\/2022\/10\/BOLETIN-13-El-cuidado-de-la-salud-desde-el-territorio.pdf\" target=\"_blank\">BOLETIN 13<\/a><a rel=\"noreferrer noopener\" href=\"https:\/\/campusff.ms.gba.gov.ar\/floreal\/wp-content\/uploads\/sites\/4\/2022\/10\/BOLETIN-13-El-cuidado-de-la-salud-desde-el-territorio.pdf\" target=\"_blank\"> <\/a><a rel=\"noreferrer noopener\" href=\"https:\/\/campusff.ms.gba.gov.ar\/floreal\/wp-content\/uploads\/sites\/4\/2022\/10\/BOLETIN-13-El-cuidado-de-la-salud-desde-el-territorio.pdf\" target=\"_blank\">&#8211; El cuidado de la salud desde el territorio<\/a><\/p>\n\n\n\n<p><a rel=\"noreferrer noopener\" href=\"https:\/\/campusff.ms.gba.gov.ar\/floreal\/wp-content\/uploads\/sites\/4\/2022\/10\/BOLETIN-14-El-rol-del-hospital-en-el-cuidado-de-la-salud.pdf\" target=\"_blank\">BOLETIN 14 &#8211; El rol del hospital en el cuidado de la salud<\/a><\/p>\n\n\n\n<p><a rel=\"noreferrer noopener\" href=\"https:\/\/campusff.ms.gba.gov.ar\/floreal\/wp-content\/uploads\/sites\/4\/2022\/10\/BOLETIN-15-Momento-para-reinventarnos....pdf\" target=\"_blank\">BOLETIN 15 &#8211; Momento para reinventarnos\u2026<\/a><\/p>\n\n\n\n<p><a rel=\"noreferrer noopener\" href=\"https:\/\/campusff.ms.gba.gov.ar\/floreal\/wp-content\/uploads\/sites\/4\/2022\/10\/BOLETIN-16-El-tecnico-en-Hemoterapia-y-la-donacion-de-plasma.pdf\" data-type=\"URL\" data-id=\"https:\/\/campusff.ms.gba.gov.ar\/floreal\/wp-content\/uploads\/sites\/4\/2022\/10\/BOLETIN-16-El-tecnico-en-Hemoterapia-y-la-donacion-de-plasma.pdf\" target=\"_blank\">BOLETIN 16 &#8211; El t\u00e9cnico en Hemoterapia y la donaci\u00f3n<\/a><a href=\"https:\/\/campusff.ms.gba.gov.ar\/floreal\/wp-content\/uploads\/sites\/4\/2022\/10\/BOLETIN-16-El-tecnico-en-Hemoterapia-y-la-donacion-de-plasma.pdf\" data-type=\"URL\" data-id=\"https:\/\/campusff.ms.gba.gov.ar\/floreal\/wp-content\/uploads\/sites\/4\/2022\/10\/BOLETIN-16-El-tecnico-en-Hemoterapia-y-la-donacion-de-plasma.pdf\" target=\"_blank\" rel=\"noreferrer noopener\"> de plasma<\/a><\/p>\n\n\n\n<p><a rel=\"noreferrer noopener\" href=\"https:\/\/campusff.ms.gba.gov.ar\/floreal\/wp-content\/uploads\/sites\/4\/2022\/10\/BOLETIN-17-Informacion-como-herramienta-para-la-politica-publica.pdf\" target=\"_blank\">BOLETIN 17 &#8211; Informaci\u00f3n como herramienta para la pol\u00edtica p\u00fablica<\/a><\/p>\n\n\n\n<p><a rel=\"noreferrer noopener\" href=\"https:\/\/campusff.ms.gba.gov.ar\/floreal\/wp-content\/uploads\/sites\/4\/2022\/10\/BOLETIN-18-Abordaje-grupal-con-varones-que-ejercen-violencia-de-genero.pdf\" target=\"_blank\">BOLETIN 18 &#8211; Abordaje grupal con varones que ejercen violencia de g\u00e9nero<\/a><\/p>\n\n\n\n<p><a rel=\"noreferrer noopener\" href=\"https:\/\/campusff.ms.gba.gov.ar\/floreal\/wp-content\/uploads\/sites\/4\/2022\/10\/BOLETIN-19-Las-residencias-en-la-era-de-la-pandemia.-\u00bfTodo-debe-seguir-igual.pdf\" target=\"_blank\">BOLETIN 19 &#8211; Las residencias en la era de la pandemia. \u00bfTodo debe seguir igual<\/a><a href=\"https:\/\/campusff.ms.gba.gov.ar\/floreal\/wp-content\/uploads\/sites\/4\/2022\/10\/BOLETIN-19-Las-residencias-en-la-era-de-la-pandemia.-%C2%BFTodo-debe-seguir-igual.pdf\" target=\"_blank\" rel=\"noreferrer noopener\">?<\/a><\/p>\n\n\n\n<p><a rel=\"noreferrer noopener\" href=\"https:\/\/campusff.ms.gba.gov.ar\/floreal\/wp-content\/uploads\/sites\/4\/2022\/10\/BOLETIN-20-La-formacion-permanente-en-contexto-de-pandemia-el-desarrollo-de-competencias-situacionales.pdf\" target=\"_blank\">BOLETIN 20 &#8211; La formaci\u00f3n permanente en<\/a><a rel=\"noreferrer noopener\" href=\"https:\/\/campusff.ms.gba.gov.ar\/floreal\/wp-content\/uploads\/sites\/4\/2022\/10\/BOLETIN-20-La-formacion-permanente-en-contexto-de-pandemia-el-desarrollo-de-competencias-situacionales.pdf\" target=\"_blank\"> contexto de pandemia: el desarrollo de competencias situacionales<\/a><\/p>\n\n\n\n<p><a rel=\"noreferrer noopener\" href=\"https:\/\/campusff.ms.gba.gov.ar\/floreal\/wp-content\/uploads\/sites\/4\/2022\/10\/BOLETIN-21-Acompanamiento-terapeutico-en-Hospital-Esteves.pdf\" target=\"_blank\">BOLETIN 21 &#8211; Acompa\u00f1amiento terap\u00e9utico en Hospital Esteves<\/a><\/p>\n\n\n\n<p><a rel=\"noreferrer noopener\" href=\"https:\/\/campusff.ms.gba.gov.ar\/floreal\/wp-content\/uploads\/sites\/4\/2022\/10\/BOLETIN-22-Dignificar-la-vida-en-tiemposde-Pandemia.pdf\" target=\"_blank\">BOLETIN 22 &#8211; Dignificar la vida en tiempos de Pandemia<\/a><\/p>\n\n\n\n<p><a rel=\"noreferrer noopener\" href=\"https:\/\/campusff.ms.gba.gov.ar\/floreal\/wp-content\/uploads\/sites\/4\/2022\/10\/BOLETIN-23-Experiencias-durante-la-pandemia-un-aporte-a-la-transformacion-de-las-instituciones-de-salud.pdf\" target=\"_blank\">BOLETIN 23 &#8211; Experiencias durante la pandemia: un aporte a la transformaci\u00f3n de las instituciones de salud<\/a><\/p>\n\n\n\n<p><a rel=\"noreferrer noopener\" href=\"https:\/\/campusff.ms.gba.gov.ar\/floreal\/wp-content\/uploads\/sites\/4\/2022\/10\/BOLETIN-24-Pandemizar-el-acercamiento-en-tiempos-de-COVID.pdf\" target=\"_blank\">BOLETIN 24 &#8211; Pandemizar el acercamiento en tiempos de COVID<\/a><\/p>\n\n\n\n<p><a rel=\"noreferrer noopener\" href=\"https:\/\/campusff.ms.gba.gov.ar\/floreal\/wp-content\/uploads\/sites\/4\/2022\/10\/BOLETIN-25-La-necesidad-de-formacion-de-recursos-humanos-en-salud-ambiental-alcances-y-desafios.pdf\" target=\"_blank\">BOLETIN 25 &#8211; La necesidad de formaci\u00f3n de recursos humanos en salud ambiental: alcances y desaf\u00edos<\/a><\/p>\n\n\n\n<p><a rel=\"noreferrer noopener\" href=\"https:\/\/campusff.ms.gba.gov.ar\/floreal\/wp-content\/uploads\/sites\/4\/2022\/10\/BOLETIN-26-Tiempo-de-cuidar.pdf\" target=\"_blank\">BOLETIN 26 &#8211; Tiempo de cuidar<\/a><\/p>\n\n\n\n<p><a rel=\"noreferrer noopener\" href=\"https:\/\/campusff.ms.gba.gov.ar\/floreal\/wp-content\/uploads\/sites\/4\/2022\/10\/BOLETIN-27-De-la-resistencia-al-imprevisto-heroismo.-Una-mirada-desde-la-guardia-de-Emergencias.pdf\" target=\"_blank\">BOLETIN 27 &#8211; De la resistencia al imprevisto hero\u00edsmo. Una mirada desde la guardia de Emergencias<\/a><\/p>\n\n\n\n<p><a rel=\"noreferrer noopener\" href=\"https:\/\/campusff.ms.gba.gov.ar\/floreal\/wp-content\/uploads\/sites\/4\/2022\/10\/BOLETIN-28-Practicas-creativas-en-escenarios-cambiantes-Acerca-del-trabajo-en-equipos-de-salud-en-el-contexto-de-emergencia-sanitaria.pdf\" target=\"_blank\">BOLETIN 28 &#8211; Pr\u00e1cticas creativas en escenarios cambiantes: Acerca del trabajo en equipos de salud en el contexto de emergencia sanitaria<\/a><\/p>\n\n\n\n<p><a rel=\"noreferrer noopener\" href=\"https:\/\/campusff.ms.gba.gov.ar\/floreal\/wp-content\/uploads\/sites\/4\/2022\/10\/BOLETIN-29-Extender-la-juegoteca-en-los-limites-del-encuentro.pdf\" target=\"_blank\">BOLETIN 29 &#8211; Extender la juegoteca en los l\u00edmites del encuentro<\/a><\/p>\n\n\n\n<p><a rel=\"noreferrer noopener\" href=\"https:\/\/campusff.ms.gba.gov.ar\/floreal\/wp-content\/uploads\/sites\/4\/2022\/10\/BOLETIN-30-Comision-Conjunta-de-Investigacion-en-Salud-y-Programa-Provincial-de-Investigacion-en-Salud.-Ministerio-de-Salud.-Provincia-de-Buenos-Aires.pdf\" target=\"_blank\">BOLETIN 30 &#8211; Comisi\u00f3n Conjunta de Investigaci\u00f3n en Salud y Programa Provincial de Investigaci\u00f3n en Salud. Ministerio de Salud. Provincia de Buenos Aires<\/a><\/p>\n\n\n\n<p><a rel=\"noreferrer noopener\" href=\"https:\/\/campusff.ms.gba.gov.ar\/floreal\/wp-content\/uploads\/sites\/4\/2022\/10\/BOLETIN-31-Salud-Mental-y-Apoyo-Psicosocial-en-Equipos-de-Emergencias-Prehospitalarios-COVID-19-Un-cuidado-estrategico-en-salud-publica.pdf\" target=\"_blank\">BOLETIN 31 &#8211; Salud Mental y Apoyo Psicosocial en Equipos de Emergencias Prehospitalarios COVID 19; Un cuidado estrat\u00e9gico en salud p\u00fablica<\/a><\/p>\n\n\n\n<p><a rel=\"noreferrer noopener\" href=\"https:\/\/campusff.ms.gba.gov.ar\/floreal\/wp-content\/uploads\/sites\/4\/2022\/10\/BOLETIN-32-El-rol-de-las-Residencias-en-la-construccion-de-un-modelo-de-salud-que-garantice-el-acceso-a-derechos.pdf\" target=\"_blank\">BOLETIN 32 &#8211; El rol de las Residencias en la construcci\u00f3n de un modelo de salud que garantice el acceso a derechos<\/a><\/p>\n\n\n\n<p><a rel=\"noreferrer noopener\" href=\"https:\/\/campusff.ms.gba.gov.ar\/floreal\/wp-content\/uploads\/sites\/4\/2022\/10\/BOLETIN-33-Enlazando-Cuidados-en-tiempos-de-Pandemia.pdf\" target=\"_blank\">BOLETIN 33 &#8211; Enlazando Cuidados en tiempos de Pandemia<\/a><\/p>\n\n\n\n<p><a rel=\"noreferrer noopener\" href=\"https:\/\/campusff.ms.gba.gov.ar\/floreal\/wp-content\/uploads\/sites\/4\/2022\/10\/BOLETIN-34-Una-apuesta-por-la-construccion-colectiva-de-cuidados-y-acompanamiento-en-salud.pdf\" target=\"_blank\">BOLETIN 34 &#8211; Una apuesta por la construcci\u00f3n colectiva de cuidados y acompa\u00f1amiento en salud<\/a><\/p>\n\n\n\n<p><a rel=\"noreferrer noopener\" href=\"https:\/\/campusff.ms.gba.gov.ar\/floreal\/wp-content\/uploads\/sites\/4\/2022\/10\/BOLETIN-35-Necesidad-de-deteccion-oportuna-de-riesgo-suicida.pdf\" target=\"_blank\">BOLETIN 35 &#8211; Necesidad de detecci\u00f3n oportuna de riesgo suicida<\/a><\/p>\n\n\n\n<p><a rel=\"noreferrer noopener\" href=\"https:\/\/campusff.ms.gba.gov.ar\/floreal\/wp-content\/uploads\/sites\/4\/2022\/10\/BOLETIN-Edicion-Especial-Honrar-la-lucha.pdf\" target=\"_blank\">BOLETIN Edicion Especial &#8211; Honrar la lucha<\/a><\/p>\n","protected":false},"excerpt":{"rendered":"<p>BOLETIN 1 &#8211; Redes en salud BOLETIN 2 &#8211; La ternura, un punto que teje la buena pr\u00e1ctica en salud BOLETIN 3 &#8211; COVID-19 una oportunidad para refundar el sistema de salud argentino BOLETIN 4 &#8211; El virus como sustancia &hellip; <a href=\"https:\/\/campusff.ms.gba.gov.ar\/floreal\/2022\/10\/27\/boletines-red-en-movimiento\/\">Continued<\/a><\/p>\n","protected":false},"author":4,"featured_media":0,"comment_status":"closed","ping_status":"open","sticky":false,"template":"","format":"standard","meta":{"footnotes":""},"categories":[69],"tags":[71,70,29],"class_list":["post-769","post","type-post","status-publish","format-standard","hentry","category-boletines","tag-boletines","tag-red-en-movimiento","tag-salud"],"_links":{"self":[{"href":"https:\/\/campusff.ms.gba.gov.ar\/floreal\/wp-json\/wp\/v2\/posts\/769","targetHints":{"allow":["GET"]}}],"collection":[{"href":"https:\/\/campusff.ms.gba.gov.ar\/floreal\/wp-json\/wp\/v2\/posts"}],"about":[{"href":"https:\/\/campusff.ms.gba.gov.ar\/floreal\/wp-json\/wp\/v2\/types\/post"}],"author":[{"embeddable":true,"href":"https:\/\/campusff.ms.gba.gov.ar\/floreal\/wp-json\/wp\/v2\/users\/4"}],"replies":[{"embeddable":true,"href":"https:\/\/campusff.ms.gba.gov.ar\/floreal\/wp-json\/wp\/v2\/comments?post=769"}],"version-history":[{"count":15,"href":"https:\/\/campusff.ms.gba.gov.ar\/floreal\/wp-json\/wp\/v2\/posts\/769\/revisions"}],"predecessor-version":[{"id":828,"href":"https:\/\/campusff.ms.gba.gov.ar\/floreal\/wp-json\/wp\/v2\/posts\/769\/revisions\/828"}],"wp:attachment":[{"href":"https:\/\/campusff.ms.gba.gov.ar\/floreal\/wp-json\/wp\/v2\/media?parent=769"}],"wp:term":[{"taxonomy":"category","embeddable":true,"href":"https:\/\/campusff.ms.gba.gov.ar\/floreal\/wp-json\/wp\/v2\/categories?post=769"},{"taxonomy":"post_tag","embeddable":true,"href":"https:\/\/campusff.ms.gba.gov.ar\/floreal\/wp-json\/wp\/v2\/tags?post=769"}],"curies":[{"name":"wp","href":"https:\/\/api.w.org\/{rel}","templated":true}]}}