{"id":723,"date":"2022-08-15T18:10:09","date_gmt":"2022-08-15T21:10:09","guid":{"rendered":"https:\/\/campusff.ms.gba.gov.ar\/floreal\/?p=723"},"modified":"2022-08-15T18:10:10","modified_gmt":"2022-08-15T21:10:10","slug":"cambio-climatico-demasiado-calor-para-la-especie-humana","status":"publish","type":"post","link":"https:\/\/campusff.ms.gba.gov.ar\/floreal\/2022\/08\/15\/cambio-climatico-demasiado-calor-para-la-especie-humana\/","title":{"rendered":"Cambio clim\u00e1tico: Demasiado calor para la especie humana"},"content":{"rendered":"<div id=\"wppb-builder-container\" class=\"wppb-builder-container\">                <div  class=\"wppb-row-parent  wppb-row-1660597841995 \"  >\n\t\t\t\t\t\n\t\t\t\t\t\t\t\t\t\t\n\t\t\t\t\t\t\t\t\t\t\n\t\t\t\t\t<div class=\"wppb-container \">\n\t\t\t\t\t\t\t\t\t\t\t\t\t\n                        <div class=\"wppb-row\">\n\t\t\t\t\t\t\t                                    <div  class=\"wppb-column-parent wppb-column-parent-view wppb-col-1660597841993  \"  >\n                                        <div class=\"wppb-column\">\n\t\t\t\t\t\n\t\t\t\t\t\t\t\t\t\t\t\n                                            <div class=\"wppb-builder-addons\">\n\t\t\t\t\t\t\t\t\t\t\t\t<div class='wppb-builder-addon wppb-addon-1660597952006'  data-addon-id='1660597952006'><div class='wppb-addon'><div class=\"wppb-image-addon\"><figure class=\"wppb-image-addon-content-wrap\"><div class=\"wppb-image-addon-content wppb-imginlineblock\"><img decoding=\"async\" class=\"wppb-image-addon-img\" src=\"https:\/\/campusff.ms.gba.gov.ar\/floreal\/wp-content\/uploads\/sites\/4\/2022\/08\/Cambio-climatico-Demasiado-calor-para-la-especie-humana-Opinion-750x375-1.jpg\" alt=\"Image\"><\/div><\/figure><\/div><\/div><\/div>                                            <\/div>\n                                        <\/div>\n                                    <\/div>\n\t\t\t\t\t\t\t\t\t                                    <div  class=\"wppb-column-parent wppb-column-parent-view wppb-col-1660597841994  \"  >\n                                        <div class=\"wppb-column\">\n\t\t\t\t\t\n\t\t\t\t\t\t\t\t\t\t\t\n                                            <div class=\"wppb-builder-addons\">\n\t\t\t\t\t\t\t\t\t\t\t\t<div class='wppb-builder-addon wppb-addon-1660597985473'  data-addon-id='1660597985473'><div class='wppb-addon'><div class=\"wppb-text-block-addon\"><div class=\"wppb-text-block-content 0\"><div class=\"kvgmc6g5 cxmmr5t8 oygrvhab hcukyx3x c1et5uql ii04i59q\"><div dir=\"auto\">\u00bfQU\u00c9 QUIERE DECIR DEMASIADO?<\/div><div dir=\"auto\"><em>\"Las temperaturas y la duraci\u00f3n interminable de las olas t\u00f3rridas est\u00e1n ya muy cerca del l\u00edmite que puede soportar nuestra especie, que no evolucion\u00f3 para esto ni lo har\u00e1 en un futuro previsible. Es verdad que hay organismos, casi todos microbios, que pueden vivir en condiciones de torrefacci\u00f3n, pero eso requiere un metabolismo (la cocina de la c\u00e9lula) adaptado minuciosamente para soportarlas. Tambi\u00e9n hay personas que soportan el calor m\u00e1s que otras, pero no hasta esos extremos. La situaci\u00f3n no va a mejorar durante las pr\u00f3ximas generaciones. Aun cuando elimin\u00e1ramos ma\u00f1ana mismo todas las emisiones de CO\u2082, cosa que tampoco va a ocurrir, los gases que ya hemos emitido seguir\u00edan achicharrando el planeta a lo largo de los siglos. La evoluci\u00f3n no nos va a ayudar a soportarlo. Queridos amigos, estamos bien fastidiados.\"<\/em><\/div><div dir=\"auto\">\u00a0<\/div><div dir=\"auto\"><a href=\"https:\/\/informacion.center\/cambio-climatico-demasiado-calor-para-la-especie-humana-opinion\/?fbclid=IwAR28SaSg4EQ31Mq2ZF9q9NbN8CfqQqdu-5cKgrzMpKZL6bdXSqUFbVveSaM\" target=\"_blank\" rel=\"noopener\">Publicado el 21 de julio de 2022 por Informaci\u00f3n Center<\/a><\/div><\/div><\/div><\/div><\/div><\/div>                                            <\/div>\n                                        <\/div>\n                                    <\/div>\n\t\t\t\t\t\t\t\t\t                        <\/div>\n\n                    <\/div>\n                <\/div>\n\t\t\t\t<\/div>","protected":false},"excerpt":{"rendered":"<p>\u00bfQU\u00c9 QUIERE DECIR DEMASIADO?&#8221;Las temperaturas y la duraci\u00f3n interminable de las olas t\u00f3rridas est\u00e1n ya muy cerca del l\u00edmite que puede soportar nuestra especie, que no evolucion\u00f3 para esto ni lo har\u00e1 en un futuro previsible. Es verdad que hay &hellip; <a href=\"https:\/\/campusff.ms.gba.gov.ar\/floreal\/2022\/08\/15\/cambio-climatico-demasiado-calor-para-la-especie-humana\/\">Continued<\/a><\/p>\n","protected":false},"author":4,"featured_media":724,"comment_status":"closed","ping_status":"open","sticky":false,"template":"","format":"standard","meta":{"footnotes":""},"categories":[23],"tags":[46,30,60],"class_list":["post-723","post","type-post","status-publish","format-standard","has-post-thumbnail","hentry","category-en-los-medios","tag-cambio-climatico","tag-noticias","tag-salud-ambiental"],"_links":{"self":[{"href":"https:\/\/campusff.ms.gba.gov.ar\/floreal\/wp-json\/wp\/v2\/posts\/723","targetHints":{"allow":["GET"]}}],"collection":[{"href":"https:\/\/campusff.ms.gba.gov.ar\/floreal\/wp-json\/wp\/v2\/posts"}],"about":[{"href":"https:\/\/campusff.ms.gba.gov.ar\/floreal\/wp-json\/wp\/v2\/types\/post"}],"author":[{"embeddable":true,"href":"https:\/\/campusff.ms.gba.gov.ar\/floreal\/wp-json\/wp\/v2\/users\/4"}],"replies":[{"embeddable":true,"href":"https:\/\/campusff.ms.gba.gov.ar\/floreal\/wp-json\/wp\/v2\/comments?post=723"}],"version-history":[{"count":1,"href":"https:\/\/campusff.ms.gba.gov.ar\/floreal\/wp-json\/wp\/v2\/posts\/723\/revisions"}],"predecessor-version":[{"id":725,"href":"https:\/\/campusff.ms.gba.gov.ar\/floreal\/wp-json\/wp\/v2\/posts\/723\/revisions\/725"}],"wp:featuredmedia":[{"embeddable":true,"href":"https:\/\/campusff.ms.gba.gov.ar\/floreal\/wp-json\/wp\/v2\/media\/724"}],"wp:attachment":[{"href":"https:\/\/campusff.ms.gba.gov.ar\/floreal\/wp-json\/wp\/v2\/media?parent=723"}],"wp:term":[{"taxonomy":"category","embeddable":true,"href":"https:\/\/campusff.ms.gba.gov.ar\/floreal\/wp-json\/wp\/v2\/categories?post=723"},{"taxonomy":"post_tag","embeddable":true,"href":"https:\/\/campusff.ms.gba.gov.ar\/floreal\/wp-json\/wp\/v2\/tags?post=723"}],"curies":[{"name":"wp","href":"https:\/\/api.w.org\/{rel}","templated":true}]}}