{"id":711,"date":"2022-08-15T17:25:10","date_gmt":"2022-08-15T20:25:10","guid":{"rendered":"https:\/\/campusff.ms.gba.gov.ar\/floreal\/?p=711"},"modified":"2022-08-19T12:54:31","modified_gmt":"2022-08-19T15:54:31","slug":"girl-belgica-2018","status":"publish","type":"post","link":"https:\/\/campusff.ms.gba.gov.ar\/floreal\/2022\/08\/15\/girl-belgica-2018\/","title":{"rendered":"GIRL (2018)"},"content":{"rendered":"<div id=\"wppb-builder-container\" class=\"wppb-builder-container\">                <div  class=\"wppb-row-parent  wppb-row-1660595144644 \"  >\n\t\t\t\t\t\n\t\t\t\t\t\t\t\t\t\t\n\t\t\t\t\t\t\t\t\t\t\n\t\t\t\t\t<div class=\"wppb-container \">\n\t\t\t\t\t\t\t\t\t\t\t\t\t\n                        <div class=\"wppb-row\">\n\t\t\t\t\t\t\t                                    <div  class=\"wppb-column-parent wppb-column-parent-view wppb-col-1660595144643  \"  >\n                                        <div class=\"wppb-column\">\n\t\t\t\t\t\n\t\t\t\t\t\t\t\t\t\t\t\n                                            <div class=\"wppb-builder-addons\">\n\t\t\t\t\t\t\t\t\t\t\t\t<div class='wppb-builder-addon wppb-addon-1660595174504'  data-addon-id='1660595174504'><div class='wppb-addon'><div class=\"wppb-text-block-addon\"><div class=\"wppb-text-block-content 0\"><p><span style=\"font-weight: 400\">Lara es una adolescente trans de quince a\u00f1os cuyo sue\u00f1o es ser bailarina cl\u00e1sica. Si bien goza de apoyo familiar y de una parte de la comunidad, debe enfrentar diversas coyunturas aflictivas que surgen en su camino: limitaciones m\u00e9dicas a la transici\u00f3n hormonal, requisitos estil\u00edsticos propios de las coreograf\u00edas femeninas de ballet, la convivencia con los pares, etc. Todo esto va dejando huellas en una b\u00fasqueda identitaria sinuosa y angustiante. Aunque podemos ver que un elemento vincular importante est\u00e1 resuelto en lo que al \u00e1mbito familiar se refiere, nos encontramos con una sociedad que, a pesar de las \u201cbuenas intenciones\u201d de algunos de sus integrantes, lejos est\u00e1 de ver en Lara una persona que no encarne lo ajeno, lo misterioso, lo atemorizante. Y la protagonista absorbe estos gestos contradictorios intentando descifrarlos, en un silencio por pocos comprendido.<\/span><\/p><p><span style=\"font-weight: 400\">Muchos an\u00e1lisis de este film hacen foco en el personaje principal y sus herramientas para enfrentar las controversias. Pero, \u00bfQu\u00e9 podr\u00edamos decir de quienes interact\u00faan con Lara?, \u00bfQu\u00e9 sensaciones les despierta la presencia de quien trasciende las categor\u00edas que les han sido impuestas desde el discurso social?, \u00bfpor qu\u00e9 les provoca tanto temor la \u201cincongruencia\u201d de caracteres corporales respecto a lo esperado en una persona? Estos y otros interrogantes pueden surgir en el an\u00e1lisis de este film, que quiz\u00e1s nos permitan cuestionar algunos de los preceptos sigilosamente asimilados en cada cultura y momento hist\u00f3rico.<\/span><\/p><\/div><\/div><\/div><\/div>                                            <\/div>\n                                        <\/div>\n                                    <\/div>\n\t\t\t\t\t\t\t\t\t                        <\/div>\n\n                    <\/div>\n                <\/div>\n\t\t\t\t                <div  class=\"wppb-row-parent  wppb-row-1660595144666 \"  >\n\t\t\t\t\t\n\t\t\t\t\t\t\t\t\t\t\n\t\t\t\t\t\t\t\t\t\t\n\t\t\t\t\t<div class=\"wppb-container \">\n\t\t\t\t\t\t\t\t\t\t\t\t\t\n                        <div class=\"wppb-row\">\n\t\t\t\t\t\t\t                                    <div  class=\"wppb-column-parent wppb-column-parent-view wppb-col-1660595144665  \"  >\n                                        <div class=\"wppb-column\">\n\t\t\t\t\t\n\t\t\t\t\t\t\t\t\t\t\t\n                                            <div class=\"wppb-builder-addons\">\n\t\t\t\t\t\t\t\t\t\t\t\t<div class='wppb-builder-addon wppb-addon-1660595237798'  data-addon-id='1660595237798'><div class='wppb-addon'><div class=\"wppb-video-addon\"><div class=\"wppb-video-content\"><div class=\"wppb-video-block wppb-embed-responsive wppb-embed-responsive-16by9\"><iframe class=\"wppb-embed-responsive-item\" src=\"\/\/www.youtube.com\/embed\/if8qAhD4ZXc?controls=1&#038;modestbranding=1\" allowFullScreen><\/iframe><\/div><\/div><\/div><\/div><\/div>                                            <\/div>\n                                        <\/div>\n                                    <\/div>\n\t\t\t\t\t\t\t\t\t                        <\/div>\n\n                    <\/div>\n                <\/div>\n\t\t\t\t<\/div>","protected":false},"excerpt":{"rendered":"<p>Lara es una adolescente trans de quince a\u00f1os cuyo sue\u00f1o es ser bailarina cl\u00e1sica. Si bien goza de apoyo familiar y de una parte de la comunidad, debe enfrentar diversas coyunturas aflictivas que surgen en su camino: limitaciones m\u00e9dicas a &hellip; <a href=\"https:\/\/campusff.ms.gba.gov.ar\/floreal\/2022\/08\/15\/girl-belgica-2018\/\">Continued<\/a><\/p>\n","protected":false},"author":4,"featured_media":713,"comment_status":"closed","ping_status":"open","sticky":false,"template":"","format":"standard","meta":{"footnotes":""},"categories":[32],"tags":[48,58,61,57],"class_list":["post-711","post","type-post","status-publish","format-standard","has-post-thumbnail","hentry","category-la-salud-en-foto","tag-audiovisual","tag-diversidad","tag-genero","tag-peliculas"],"_links":{"self":[{"href":"https:\/\/campusff.ms.gba.gov.ar\/floreal\/wp-json\/wp\/v2\/posts\/711","targetHints":{"allow":["GET"]}}],"collection":[{"href":"https:\/\/campusff.ms.gba.gov.ar\/floreal\/wp-json\/wp\/v2\/posts"}],"about":[{"href":"https:\/\/campusff.ms.gba.gov.ar\/floreal\/wp-json\/wp\/v2\/types\/post"}],"author":[{"embeddable":true,"href":"https:\/\/campusff.ms.gba.gov.ar\/floreal\/wp-json\/wp\/v2\/users\/4"}],"replies":[{"embeddable":true,"href":"https:\/\/campusff.ms.gba.gov.ar\/floreal\/wp-json\/wp\/v2\/comments?post=711"}],"version-history":[{"count":2,"href":"https:\/\/campusff.ms.gba.gov.ar\/floreal\/wp-json\/wp\/v2\/posts\/711\/revisions"}],"predecessor-version":[{"id":729,"href":"https:\/\/campusff.ms.gba.gov.ar\/floreal\/wp-json\/wp\/v2\/posts\/711\/revisions\/729"}],"wp:featuredmedia":[{"embeddable":true,"href":"https:\/\/campusff.ms.gba.gov.ar\/floreal\/wp-json\/wp\/v2\/media\/713"}],"wp:attachment":[{"href":"https:\/\/campusff.ms.gba.gov.ar\/floreal\/wp-json\/wp\/v2\/media?parent=711"}],"wp:term":[{"taxonomy":"category","embeddable":true,"href":"https:\/\/campusff.ms.gba.gov.ar\/floreal\/wp-json\/wp\/v2\/categories?post=711"},{"taxonomy":"post_tag","embeddable":true,"href":"https:\/\/campusff.ms.gba.gov.ar\/floreal\/wp-json\/wp\/v2\/tags?post=711"}],"curies":[{"name":"wp","href":"https:\/\/api.w.org\/{rel}","templated":true}]}}