{"id":706,"date":"2022-08-12T12:47:22","date_gmt":"2022-08-12T15:47:22","guid":{"rendered":"https:\/\/campusff.ms.gba.gov.ar\/floreal\/?p=706"},"modified":"2022-08-19T12:54:50","modified_gmt":"2022-08-19T15:54:50","slug":"la-vida-de-adele","status":"publish","type":"post","link":"https:\/\/campusff.ms.gba.gov.ar\/floreal\/2022\/08\/12\/la-vida-de-adele\/","title":{"rendered":"La vida de Ad\u00e8le (2013)"},"content":{"rendered":"<div id=\"wppb-builder-container\" class=\"wppb-builder-container\">                <div  class=\"wppb-row-parent  wppb-row-1660319405790 \"  >\n\t\t\t\t\t\n\t\t\t\t\t\t\t\t\t\t\n\t\t\t\t\t\t\t\t\t\t\n\t\t\t\t\t<div class=\"wppb-container \">\n\t\t\t\t\t\t\t\t\t\t\t\t\t\n                        <div class=\"wppb-row\">\n\t\t\t\t\t\t\t                                    <div  class=\"wppb-column-parent wppb-column-parent-view wppb-col-1660319405789  \"  >\n                                        <div class=\"wppb-column\">\n\t\t\t\t\t\n\t\t\t\t\t\t\t\t\t\t\t\n                                            <div class=\"wppb-builder-addons\">\n\t\t\t\t\t\t\t\t\t\t\t\t<div class='wppb-builder-addon wppb-addon-1660323714177'  data-addon-id='1660323714177'><div class='wppb-addon'><div class=\"wppb-text-block-addon\"><div class=\"wppb-text-block-content 0\"><p>Ad\u00e8le es una estudiante de secundaria en plena exploraci\u00f3n de su sexualidad. La aparici\u00f3n en su vida de Emma, una mujer de m\u00e1s edad y preferencias homoer\u00f3ticas, la sumerge en un mundo de intensas experiencias que la llevan a encontrar su forma m\u00e1s gratificante de vivir el deseo. Forma que no ser\u00e1 ajena al surgimiento de las controversias que los diferentes \u00e1mbitos de los que la protagonista forma parte promueven. No obstante, el amor acompa\u00f1ado de apasionados intercambios sexuales, le dar\u00e1n las herramientas necesarias para elegir el camino. Pero una vez alcanzado el equilibrio, ciertos patrones vinculares sutilmente angustiantes despertar\u00e1n en ella la necesidad de sumergirse en una nueva b\u00fasqueda, que trae aparejadas rupturas dolorosas que marcar\u00e1n su camino a la adultez.<\/p><p>En el film podemos apreciar el tratamiento de diferentes cuestiones en torno a la vivencia de la sexualidad dentro de una estructura sociocultural patriarcal y heteronormativa. En primer lugar, las dificultades que se le presentan a una adolescente condenada a descubrir casi en soledad su objeto de deseo, en constante angustia por sentirse subversiva ante las normas sociales que se le han impuesto a lo largo de su vida. En segundo lugar, la vivencia de un v\u00ednculo de pareja que, a pesar de transgredir las normas de elecci\u00f3n sexual, no deja de reproducir las din\u00e1micas patriarcales en las cuales ella contin\u00faa cumpliendo el papel tradicional de la mujer introvertida, delicada y servicial.\u00a0<\/p><p>Por \u00faltimo, el film muestra de manera interesante a la mujer como sujeto deseante\u00a0 y no solo como objeto de deseo, tan habitual en los filmes que tratan la sexualidad. Esta visi\u00f3n sobre el papel femenino en el v\u00ednculo sexual ha despertado gran inter\u00e9s en el mundo del arte y la filosof\u00eda, y deber\u00eda formar parte de los cambios de paradigma que los nuevos dispositivos de Educaci\u00f3n Sexual promueven.<\/p><\/div><\/div><\/div><\/div>                                            <\/div>\n                                        <\/div>\n                                    <\/div>\n\t\t\t\t\t\t\t\t\t                        <\/div>\n\n                    <\/div>\n                <\/div>\n\t\t\t\t                <div  class=\"wppb-row-parent  wppb-row-1660319405808 \"  >\n\t\t\t\t\t\n\t\t\t\t\t\t\t\t\t\t\n\t\t\t\t\t\t\t\t\t\t\n\t\t\t\t\t<div class=\"wppb-container \">\n\t\t\t\t\t\t\t\t\t\t\t\t\t\n                        <div class=\"wppb-row\">\n\t\t\t\t\t\t\t                                    <div  class=\"wppb-column-parent wppb-column-parent-view wppb-col-1660319405807  \"  >\n                                        <div class=\"wppb-column\">\n\t\t\t\t\t\n\t\t\t\t\t\t\t\t\t\t\t\n                                            <div class=\"wppb-builder-addons\">\n\t\t\t\t\t\t\t\t\t\t\t\t<div class='wppb-builder-addon wppb-addon-1660323884999'  data-addon-id='1660323884999'><div class='wppb-addon'><div class=\"wppb-video-addon\"><div class=\"wppb-video-content\"><div class=\"wppb-video-block wppb-embed-responsive wppb-embed-responsive-16by9\"><iframe class=\"wppb-embed-responsive-item\" src=\"\/\/www.youtube.com\/embed\/BEgIflNyQfY?controls=1&#038;modestbranding=1\" allowFullScreen><\/iframe><\/div><\/div><\/div><\/div><\/div>                                            <\/div>\n                                        <\/div>\n                                    <\/div>\n\t\t\t\t\t\t\t\t\t                        <\/div>\n\n                    <\/div>\n                <\/div>\n\t\t\t\t<\/div>","protected":false},"excerpt":{"rendered":"<p>Ad\u00e8le es una estudiante de secundaria en plena exploraci\u00f3n de su sexualidad. La aparici\u00f3n en su vida de Emma, una mujer de m\u00e1s edad y preferencias homoer\u00f3ticas, la sumerge en un mundo de intensas experiencias que la llevan a encontrar &hellip; <a href=\"https:\/\/campusff.ms.gba.gov.ar\/floreal\/2022\/08\/12\/la-vida-de-adele\/\">Continued<\/a><\/p>\n","protected":false},"author":4,"featured_media":707,"comment_status":"closed","ping_status":"open","sticky":false,"template":"","format":"standard","meta":{"footnotes":""},"categories":[32],"tags":[48,58,61,57],"class_list":["post-706","post","type-post","status-publish","format-standard","has-post-thumbnail","hentry","category-la-salud-en-foto","tag-audiovisual","tag-diversidad","tag-genero","tag-peliculas"],"_links":{"self":[{"href":"https:\/\/campusff.ms.gba.gov.ar\/floreal\/wp-json\/wp\/v2\/posts\/706","targetHints":{"allow":["GET"]}}],"collection":[{"href":"https:\/\/campusff.ms.gba.gov.ar\/floreal\/wp-json\/wp\/v2\/posts"}],"about":[{"href":"https:\/\/campusff.ms.gba.gov.ar\/floreal\/wp-json\/wp\/v2\/types\/post"}],"author":[{"embeddable":true,"href":"https:\/\/campusff.ms.gba.gov.ar\/floreal\/wp-json\/wp\/v2\/users\/4"}],"replies":[{"embeddable":true,"href":"https:\/\/campusff.ms.gba.gov.ar\/floreal\/wp-json\/wp\/v2\/comments?post=706"}],"version-history":[{"count":2,"href":"https:\/\/campusff.ms.gba.gov.ar\/floreal\/wp-json\/wp\/v2\/posts\/706\/revisions"}],"predecessor-version":[{"id":710,"href":"https:\/\/campusff.ms.gba.gov.ar\/floreal\/wp-json\/wp\/v2\/posts\/706\/revisions\/710"}],"wp:featuredmedia":[{"embeddable":true,"href":"https:\/\/campusff.ms.gba.gov.ar\/floreal\/wp-json\/wp\/v2\/media\/707"}],"wp:attachment":[{"href":"https:\/\/campusff.ms.gba.gov.ar\/floreal\/wp-json\/wp\/v2\/media?parent=706"}],"wp:term":[{"taxonomy":"category","embeddable":true,"href":"https:\/\/campusff.ms.gba.gov.ar\/floreal\/wp-json\/wp\/v2\/categories?post=706"},{"taxonomy":"post_tag","embeddable":true,"href":"https:\/\/campusff.ms.gba.gov.ar\/floreal\/wp-json\/wp\/v2\/tags?post=706"}],"curies":[{"name":"wp","href":"https:\/\/api.w.org\/{rel}","templated":true}]}}