{"id":695,"date":"2022-07-18T09:43:20","date_gmt":"2022-07-18T12:43:20","guid":{"rendered":"https:\/\/campusff.ms.gba.gov.ar\/floreal\/?p=695"},"modified":"2022-07-18T09:43:20","modified_gmt":"2022-07-18T12:43:20","slug":"informe-de-las-naciones-unidas-las-cifras-del-hambre-en-el-mundo-aumentaron-hasta-alcanzar-los-828-millones-de-personas-en-2021","status":"publish","type":"post","link":"https:\/\/campusff.ms.gba.gov.ar\/floreal\/2022\/07\/18\/informe-de-las-naciones-unidas-las-cifras-del-hambre-en-el-mundo-aumentaron-hasta-alcanzar-los-828-millones-de-personas-en-2021\/","title":{"rendered":"Informe de las Naciones Unidas: las cifras del hambre en el mundo aumentaron hasta alcanzar los 828 millones de personas en 2021"},"content":{"rendered":"<div id=\"wppb-builder-container\" class=\"wppb-builder-container\">                <div  class=\"wppb-row-parent  wppb-row-1658148285848 \"  >\n\t\t\t\t\t\n\t\t\t\t\t\t\t\t\t\t\n\t\t\t\t\t\t\t\t\t\t\n\t\t\t\t\t<div class=\"wppb-container \">\n\t\t\t\t\t\t\t\t\t\t\t\t\t\n                        <div class=\"wppb-row\">\n\t\t\t\t\t\t\t                                    <div  class=\"wppb-column-parent wppb-column-parent-view wppb-col-1658148285846  \"  >\n                                        <div class=\"wppb-column\">\n\t\t\t\t\t\n\t\t\t\t\t\t\t\t\t\t\t\n                                            <div class=\"wppb-builder-addons\">\n\t\t\t\t\t\t\t\t\t\t\t\t<div class='wppb-builder-addon wppb-addon-1658148370633'  data-addon-id='1658148370633'><div class='wppb-addon'><div class=\"wppb-image-addon\"><figure class=\"wppb-image-addon-content-wrap\"><div class=\"wppb-image-addon-content wppb-imginlineblock\"><img decoding=\"async\" class=\"wppb-image-addon-img\" src=\"https:\/\/campusff.ms.gba.gov.ar\/floreal\/wp-content\/uploads\/sites\/4\/2022\/07\/who.int_.jpg\" alt=\"\"><\/div><\/figure><\/div><\/div><\/div>                                            <\/div>\n                                        <\/div>\n                                    <\/div>\n\t\t\t\t\t\t\t\t\t                                    <div  class=\"wppb-column-parent wppb-column-parent-view wppb-col-1658148285847  \"  >\n                                        <div class=\"wppb-column\">\n\t\t\t\t\t\n\t\t\t\t\t\t\t\t\t\t\t\n                                            <div class=\"wppb-builder-addons\">\n\t\t\t\t\t\t\t\t\t\t\t\t<div class='wppb-builder-addon wppb-addon-1658148414435'  data-addon-id='1658148414435'><div class='wppb-addon'><div class=\"wppb-text-block-addon\"><div class=\"wppb-text-block-content 0\"><p>El \u00faltimo informe sobre El estado de la seguridad alimentaria y la nutrici\u00f3n en el mundo revela que se est\u00e1 produciendo un retroceso en los esfuerzos por eliminar el hambre y la malnutrici\u00f3n.<\/p><p><a href=\"https:\/\/www.who.int\/es\/news\/item\/06-07-2022-un-report--global-hunger-numbers-rose-to-as-many-as-828-million-in-2021?fbclid=IwAR096C0aJDIqaixuowaPyzN38ZMCIukOZvQ3CU-mnJ118_GAjIbnpbUACkU\" target=\"_blank\" rel=\"noopener\">Publicado el 06 de julio de 2022 por la Organizaci\u00f3n Mundial de la Salud<\/a><\/p><\/div><\/div><\/div><\/div>                                            <\/div>\n                                        <\/div>\n                                    <\/div>\n\t\t\t\t\t\t\t\t\t                        <\/div>\n\n                    <\/div>\n                <\/div>\n\t\t\t\t<\/div>","protected":false},"excerpt":{"rendered":"<p>El \u00faltimo informe sobre El estado de la seguridad alimentaria y la nutrici\u00f3n en el mundo revela que se est\u00e1 produciendo un retroceso en los esfuerzos por eliminar el hambre y la malnutrici\u00f3n.Publicado el 06 de julio de 2022 por &hellip; <a href=\"https:\/\/campusff.ms.gba.gov.ar\/floreal\/2022\/07\/18\/informe-de-las-naciones-unidas-las-cifras-del-hambre-en-el-mundo-aumentaron-hasta-alcanzar-los-828-millones-de-personas-en-2021\/\">Continued<\/a><\/p>\n","protected":false},"author":4,"featured_media":696,"comment_status":"closed","ping_status":"open","sticky":false,"template":"","format":"standard","meta":{"footnotes":""},"categories":[23],"tags":[45,46,43,44],"class_list":["post-695","post","type-post","status-publish","format-standard","has-post-thumbnail","hentry","category-en-los-medios","tag-alimentacion","tag-cambio-climatico","tag-organizacion-mundial-de-la-salud","tag-salud-mundial"],"_links":{"self":[{"href":"https:\/\/campusff.ms.gba.gov.ar\/floreal\/wp-json\/wp\/v2\/posts\/695","targetHints":{"allow":["GET"]}}],"collection":[{"href":"https:\/\/campusff.ms.gba.gov.ar\/floreal\/wp-json\/wp\/v2\/posts"}],"about":[{"href":"https:\/\/campusff.ms.gba.gov.ar\/floreal\/wp-json\/wp\/v2\/types\/post"}],"author":[{"embeddable":true,"href":"https:\/\/campusff.ms.gba.gov.ar\/floreal\/wp-json\/wp\/v2\/users\/4"}],"replies":[{"embeddable":true,"href":"https:\/\/campusff.ms.gba.gov.ar\/floreal\/wp-json\/wp\/v2\/comments?post=695"}],"version-history":[{"count":1,"href":"https:\/\/campusff.ms.gba.gov.ar\/floreal\/wp-json\/wp\/v2\/posts\/695\/revisions"}],"predecessor-version":[{"id":697,"href":"https:\/\/campusff.ms.gba.gov.ar\/floreal\/wp-json\/wp\/v2\/posts\/695\/revisions\/697"}],"wp:featuredmedia":[{"embeddable":true,"href":"https:\/\/campusff.ms.gba.gov.ar\/floreal\/wp-json\/wp\/v2\/media\/696"}],"wp:attachment":[{"href":"https:\/\/campusff.ms.gba.gov.ar\/floreal\/wp-json\/wp\/v2\/media?parent=695"}],"wp:term":[{"taxonomy":"category","embeddable":true,"href":"https:\/\/campusff.ms.gba.gov.ar\/floreal\/wp-json\/wp\/v2\/categories?post=695"},{"taxonomy":"post_tag","embeddable":true,"href":"https:\/\/campusff.ms.gba.gov.ar\/floreal\/wp-json\/wp\/v2\/tags?post=695"}],"curies":[{"name":"wp","href":"https:\/\/api.w.org\/{rel}","templated":true}]}}