{"id":677,"date":"2022-07-08T14:01:36","date_gmt":"2022-07-08T17:01:36","guid":{"rendered":"https:\/\/campusff.ms.gba.gov.ar\/floreal\/?p=677"},"modified":"2022-07-08T14:01:37","modified_gmt":"2022-07-08T17:01:37","slug":"que-dice-la-nueva-ley-de-cuidados-paliativos","status":"publish","type":"post","link":"https:\/\/campusff.ms.gba.gov.ar\/floreal\/2022\/07\/08\/que-dice-la-nueva-ley-de-cuidados-paliativos\/","title":{"rendered":"Qu\u00e9 dice la nueva ley de Cuidados Paliativos"},"content":{"rendered":"<div id=\"wppb-builder-container\" class=\"wppb-builder-container\">                <div  class=\"wppb-row-parent  wppb-row-1657299769159 \"  >\n\t\t\t\t\t\n\t\t\t\t\t\t\t\t\t\t\n\t\t\t\t\t\t\t\t\t\t\n\t\t\t\t\t<div class=\"wppb-container \">\n\t\t\t\t\t\t\t\t\t\t\t\t\t\n                        <div class=\"wppb-row\">\n\t\t\t\t\t\t\t                                    <div  class=\"wppb-column-parent wppb-column-parent-view wppb-col-1657299769157  \"  >\n                                        <div class=\"wppb-column\">\n\t\t\t\t\t\n\t\t\t\t\t\t\t\t\t\t\t\n                                            <div class=\"wppb-builder-addons\">\n\t\t\t\t\t\t\t\t\t\t\t\t<div class='wppb-builder-addon wppb-addon-1657299792057'  data-addon-id='1657299792057'><div class='wppb-addon'><div class=\"wppb-image-addon\"><figure class=\"wppb-image-addon-content-wrap\"><div class=\"wppb-image-addon-content wppb-imginlineblock\"><a rel=nofolow href=\"https:\/\/www.pagina12.com.ar\/434876-que-dice-la-nueva-ley-de-cuidados-paliativos?fbclid=IwAR19Q8UC3cPLZiHx_wR4cvIqlfOL6KzKRd31j1wf-QmkF8aKpLXcSEp3ras\" target=_blank><img decoding=\"async\" class=\"wppb-image-addon-img\" src=\"https:\/\/campusff.ms.gba.gov.ar\/floreal\/wp-content\/uploads\/sites\/4\/2022\/07\/572638-cuidados-20paliativos.jpg\" alt=\"Image\"><\/a><\/div><\/figure><\/div><\/div><\/div>                                            <\/div>\n                                        <\/div>\n                                    <\/div>\n\t\t\t\t\t\t\t\t\t                                    <div  class=\"wppb-column-parent wppb-column-parent-view wppb-col-1657299769158  \"  >\n                                        <div class=\"wppb-column\">\n\t\t\t\t\t\n\t\t\t\t\t\t\t\t\t\t\t\n                                            <div class=\"wppb-builder-addons\">\n\t\t\t\t\t\t\t\t\t\t\t\t<div class='wppb-builder-addon wppb-addon-1657299779761'  data-addon-id='1657299779761'><div class='wppb-addon'><div class=\"wppb-text-block-addon\"><div class=\"wppb-text-block-content 0\"><p>La ley de Cuidados Paliativos fue aprobada con 218 votos a favor, 1 en contra y 0 abstenciones. Busca incrementar la calidad de vida de pacientes con enfermedades cr\u00f3nicas durante sus \u00faltimos a\u00f1os.<\/p><p><a href=\"http:\/\/La ley de Cuidados Paliativos fue aprobada con 218 votos a favor, 1 en contra y 0 abstenciones. Busca incrementar la calidad de vida de pacientes con enfermedades cr\u00f3nicas durante sus \u00faltimos a\u00f1os.\" target=\"_blank\" rel=\"noopener\" data-wplink-url-error=\"true\">Publicado el 07 de julio de 2022 por P\u00e1gina 12<\/a><\/p><\/div><\/div><\/div><\/div>                                            <\/div>\n                                        <\/div>\n                                    <\/div>\n\t\t\t\t\t\t\t\t\t                        <\/div>\n\n                    <\/div>\n                <\/div>\n\t\t\t\t<\/div>","protected":false},"excerpt":{"rendered":"<p>La ley de Cuidados Paliativos fue aprobada con 218 votos a favor, 1 en contra y 0 abstenciones. Busca incrementar la calidad de vida de pacientes con enfermedades cr\u00f3nicas durante sus \u00faltimos a\u00f1os.Publicado el 07 de julio de 2022 por &hellip; <a href=\"https:\/\/campusff.ms.gba.gov.ar\/floreal\/2022\/07\/08\/que-dice-la-nueva-ley-de-cuidados-paliativos\/\">Continued<\/a><\/p>\n","protected":false},"author":4,"featured_media":678,"comment_status":"closed","ping_status":"open","sticky":false,"template":"","format":"standard","meta":{"footnotes":""},"categories":[23],"tags":[38,37,30,29],"class_list":["post-677","post","type-post","status-publish","format-standard","has-post-thumbnail","hentry","category-en-los-medios","tag-cuidados-paliativos","tag-ley","tag-noticias","tag-salud"],"_links":{"self":[{"href":"https:\/\/campusff.ms.gba.gov.ar\/floreal\/wp-json\/wp\/v2\/posts\/677","targetHints":{"allow":["GET"]}}],"collection":[{"href":"https:\/\/campusff.ms.gba.gov.ar\/floreal\/wp-json\/wp\/v2\/posts"}],"about":[{"href":"https:\/\/campusff.ms.gba.gov.ar\/floreal\/wp-json\/wp\/v2\/types\/post"}],"author":[{"embeddable":true,"href":"https:\/\/campusff.ms.gba.gov.ar\/floreal\/wp-json\/wp\/v2\/users\/4"}],"replies":[{"embeddable":true,"href":"https:\/\/campusff.ms.gba.gov.ar\/floreal\/wp-json\/wp\/v2\/comments?post=677"}],"version-history":[{"count":1,"href":"https:\/\/campusff.ms.gba.gov.ar\/floreal\/wp-json\/wp\/v2\/posts\/677\/revisions"}],"predecessor-version":[{"id":679,"href":"https:\/\/campusff.ms.gba.gov.ar\/floreal\/wp-json\/wp\/v2\/posts\/677\/revisions\/679"}],"wp:featuredmedia":[{"embeddable":true,"href":"https:\/\/campusff.ms.gba.gov.ar\/floreal\/wp-json\/wp\/v2\/media\/678"}],"wp:attachment":[{"href":"https:\/\/campusff.ms.gba.gov.ar\/floreal\/wp-json\/wp\/v2\/media?parent=677"}],"wp:term":[{"taxonomy":"category","embeddable":true,"href":"https:\/\/campusff.ms.gba.gov.ar\/floreal\/wp-json\/wp\/v2\/categories?post=677"},{"taxonomy":"post_tag","embeddable":true,"href":"https:\/\/campusff.ms.gba.gov.ar\/floreal\/wp-json\/wp\/v2\/tags?post=677"}],"curies":[{"name":"wp","href":"https:\/\/api.w.org\/{rel}","templated":true}]}}