{"id":674,"date":"2022-07-08T13:45:16","date_gmt":"2022-07-08T16:45:16","guid":{"rendered":"https:\/\/campusff.ms.gba.gov.ar\/floreal\/?p=674"},"modified":"2022-07-08T13:45:17","modified_gmt":"2022-07-08T16:45:17","slug":"espana-el-gobierno-hara-fijos-a-67-000-sanitarios-la-mayor-estabilizacion-del-sns","status":"publish","type":"post","link":"https:\/\/campusff.ms.gba.gov.ar\/floreal\/2022\/07\/08\/espana-el-gobierno-hara-fijos-a-67-000-sanitarios-la-mayor-estabilizacion-del-sns\/","title":{"rendered":"Espa\u00f1a &#8211; El Gobierno har\u00e1 fijos a 67.000 sanitarios, la mayor estabilizaci\u00f3n del SNS"},"content":{"rendered":"<div id=\"wppb-builder-container\" class=\"wppb-builder-container\">                <div  class=\"wppb-row-parent  wppb-row-1657298737722 \"  >\n\t\t\t\t\t\n\t\t\t\t\t\t\t\t\t\t\n\t\t\t\t\t\t\t\t\t\t\n\t\t\t\t\t<div class=\"wppb-container \">\n\t\t\t\t\t\t\t\t\t\t\t\t\t\n                        <div class=\"wppb-row\">\n\t\t\t\t\t\t\t                                    <div  class=\"wppb-column-parent wppb-column-parent-view wppb-col-1657298737720  \"  >\n                                        <div class=\"wppb-column\">\n\t\t\t\t\t\n\t\t\t\t\t\t\t\t\t\t\t\n                                            <div class=\"wppb-builder-addons\">\n\t\t\t\t\t\t\t\t\t\t\t\t<div class='wppb-builder-addon wppb-addon-1657299105812'  data-addon-id='1657299105812'><div class='wppb-addon'><div class=\"wppb-image-addon\"><figure class=\"wppb-image-addon-content-wrap\"><div class=\"wppb-image-addon-content wppb-imginlineblock\"><a rel=nofolow href=\"https:\/\/www.redaccionmedica.com\/secciones\/sanidad-hoy\/el-gobierno-hara-fijos-a-67-000-sanitarios-la-mayor-estabilizacion-del-sns-6584?fbclid=IwAR2kk2xNUBxnB1sLr9UOAisupNP55Re1OsStIdVeMTjvP-TLyz3537zom5Y\" target=_blank><img decoding=\"async\" class=\"wppb-image-addon-img\" src=\"https:\/\/campusff.ms.gba.gov.ar\/floreal\/wp-content\/uploads\/sites\/4\/2022\/07\/el-gobierno-hara-fijos-a-67-000-sanitarios-la-mayor-estabilizacion-del-sns-6584_620x368.webp\" alt=\"Image\"><\/a><\/div><\/figure><\/div><\/div><\/div>                                            <\/div>\n                                        <\/div>\n                                    <\/div>\n\t\t\t\t\t\t\t\t\t                                    <div  class=\"wppb-column-parent wppb-column-parent-view wppb-col-1657298737721  \"  >\n                                        <div class=\"wppb-column\">\n\t\t\t\t\t\n\t\t\t\t\t\t\t\t\t\t\t\n                                            <div class=\"wppb-builder-addons\">\n\t\t\t\t\t\t\t\t\t\t\t\t<div class='wppb-builder-addon wppb-addon-1657298766549'  data-addon-id='1657298766549'><div class='wppb-addon'><div class=\"wppb-text-block-addon\"><div class=\"wppb-text-block-content 0\"><p>El Consejo de Ministros aprobar\u00e1 este martes \u201cla mayor estabilizaci\u00f3n de los sanitarios de la historia\u201d en Espa\u00f1a, seg\u00fan ha avanzado Pedro S\u00e1nchez, que calcula que esta medida beneficiar\u00e1 a cerca de 67.300 profesionales del Sistema Nacional de Salud (SNS).<\/p><p><a href=\"https:\/\/www.redaccionmedica.com\/secciones\/sanidad-hoy\/el-gobierno-hara-fijos-a-67-000-sanitarios-la-mayor-estabilizacion-del-sns-6584?fbclid=IwAR2kk2xNUBxnB1sLr9UOAisupNP55Re1OsStIdVeMTjvP-TLyz3537zom5Y\" target=\"_blank\" rel=\"noopener\">Publicado el 03 de julio de 2022 por Redacci\u00f3n M\u00e9dica<\/a><\/p><\/div><\/div><\/div><\/div>                                            <\/div>\n                                        <\/div>\n                                    <\/div>\n\t\t\t\t\t\t\t\t\t                        <\/div>\n\n                    <\/div>\n                <\/div>\n\t\t\t\t<\/div>","protected":false},"excerpt":{"rendered":"<p>El Consejo de Ministros aprobar\u00e1 este martes \u201cla mayor estabilizaci\u00f3n de los sanitarios de la historia\u201d en Espa\u00f1a, seg\u00fan ha avanzado Pedro S\u00e1nchez, que calcula que esta medida beneficiar\u00e1 a cerca de 67.300 profesionales del Sistema Nacional de Salud (SNS).Publicado &hellip; <a href=\"https:\/\/campusff.ms.gba.gov.ar\/floreal\/2022\/07\/08\/espana-el-gobierno-hara-fijos-a-67-000-sanitarios-la-mayor-estabilizacion-del-sns\/\">Continued<\/a><\/p>\n","protected":false},"author":4,"featured_media":675,"comment_status":"closed","ping_status":"open","sticky":false,"template":"","format":"standard","meta":{"footnotes":""},"categories":[23],"tags":[36,35,30,29],"class_list":["post-674","post","type-post","status-publish","format-standard","has-post-thumbnail","hentry","category-en-los-medios","tag-espana","tag-fuerza-laboral-en-salud","tag-noticias","tag-salud"],"_links":{"self":[{"href":"https:\/\/campusff.ms.gba.gov.ar\/floreal\/wp-json\/wp\/v2\/posts\/674","targetHints":{"allow":["GET"]}}],"collection":[{"href":"https:\/\/campusff.ms.gba.gov.ar\/floreal\/wp-json\/wp\/v2\/posts"}],"about":[{"href":"https:\/\/campusff.ms.gba.gov.ar\/floreal\/wp-json\/wp\/v2\/types\/post"}],"author":[{"embeddable":true,"href":"https:\/\/campusff.ms.gba.gov.ar\/floreal\/wp-json\/wp\/v2\/users\/4"}],"replies":[{"embeddable":true,"href":"https:\/\/campusff.ms.gba.gov.ar\/floreal\/wp-json\/wp\/v2\/comments?post=674"}],"version-history":[{"count":1,"href":"https:\/\/campusff.ms.gba.gov.ar\/floreal\/wp-json\/wp\/v2\/posts\/674\/revisions"}],"predecessor-version":[{"id":676,"href":"https:\/\/campusff.ms.gba.gov.ar\/floreal\/wp-json\/wp\/v2\/posts\/674\/revisions\/676"}],"wp:featuredmedia":[{"embeddable":true,"href":"https:\/\/campusff.ms.gba.gov.ar\/floreal\/wp-json\/wp\/v2\/media\/675"}],"wp:attachment":[{"href":"https:\/\/campusff.ms.gba.gov.ar\/floreal\/wp-json\/wp\/v2\/media?parent=674"}],"wp:term":[{"taxonomy":"category","embeddable":true,"href":"https:\/\/campusff.ms.gba.gov.ar\/floreal\/wp-json\/wp\/v2\/categories?post=674"},{"taxonomy":"post_tag","embeddable":true,"href":"https:\/\/campusff.ms.gba.gov.ar\/floreal\/wp-json\/wp\/v2\/tags?post=674"}],"curies":[{"name":"wp","href":"https:\/\/api.w.org\/{rel}","templated":true}]}}