{"id":980,"date":"2022-11-08T12:38:51","date_gmt":"2022-11-08T15:38:51","guid":{"rendered":"https:\/\/campusff.ms.gba.gov.ar\/comunidaddea-ff\/?p=980"},"modified":"2022-11-09T19:36:27","modified_gmt":"2022-11-09T22:36:27","slug":"ingreso-carreras-2023","status":"publish","type":"post","link":"https:\/\/campusff.ms.gba.gov.ar\/comunidaddea-ff\/2022\/11\/08\/ingreso-carreras-2023\/","title":{"rendered":"Ingreso carreras 2023"},"content":{"rendered":"\n<div class=\"wp-block-image\"><figure class=\"aligncenter size-large is-resized\"><img loading=\"lazy\" decoding=\"async\" src=\"https:\/\/campusff.ms.gba.gov.ar\/comunidaddea-ff\/wp-content\/uploads\/sites\/3\/2022\/11\/2023-1024x1024.jpg\" alt=\"\" class=\"wp-image-981\" width=\"512\" height=\"512\" srcset=\"https:\/\/campusff.ms.gba.gov.ar\/comunidaddea-ff\/wp-content\/uploads\/sites\/3\/2022\/11\/2023-1024x1024.jpg 1024w, https:\/\/campusff.ms.gba.gov.ar\/comunidaddea-ff\/wp-content\/uploads\/sites\/3\/2022\/11\/2023-300x300.jpg 300w, https:\/\/campusff.ms.gba.gov.ar\/comunidaddea-ff\/wp-content\/uploads\/sites\/3\/2022\/11\/2023-150x150.jpg 150w, https:\/\/campusff.ms.gba.gov.ar\/comunidaddea-ff\/wp-content\/uploads\/sites\/3\/2022\/11\/2023-768x768.jpg 768w, https:\/\/campusff.ms.gba.gov.ar\/comunidaddea-ff\/wp-content\/uploads\/sites\/3\/2022\/11\/2023-730x730.jpg 730w, https:\/\/campusff.ms.gba.gov.ar\/comunidaddea-ff\/wp-content\/uploads\/sites\/3\/2022\/11\/2023-365x365.jpg 365w, https:\/\/campusff.ms.gba.gov.ar\/comunidaddea-ff\/wp-content\/uploads\/sites\/3\/2022\/11\/2023.jpg 1080w\" sizes=\"auto, (max-width: 512px) 100vw, 512px\" \/><\/figure><\/div>\n\n\n\n<p>Todos los a\u00f1os la Escuela de Gobierno en Salud \u201cFloreal Ferrara\u201d publica su oferta educativa no arancelada como parte de las pol\u00edticas p\u00fablicas de formaci\u00f3n y educaci\u00f3n permanente del Ministerio de Salud de la Provincia de Buenos Aires. Las tecnicaturas, cursos y post\u00edtulos son validados a nivel nacional a trav\u00e9s de la Direcci\u00f3n General de Cultura y Educaci\u00f3n de la Provincia de Buenos Aires, y otorgan matr\u00edcula provincial habilitante, seg\u00fan corresponda.<br>La apertura de ofertas en sedes bonaerenses est\u00e1 sujeta a las necesidades de la Provincia y a la demanda de las Regiones Sanitarias, seg\u00fan el ciclo lectivo.<br>A trav\u00e9s del <strong><a href=\"https:\/\/www.ms.gba.gov.ar\/sitios\/capacitacion\/inicio\/enfermeria2\/\" target=\"_blank\" rel=\"noreferrer noopener\">Programa Provincial de Desarrollo de Recursos Humanos en Enfermer\u00eda<\/a><\/strong> y del <strong><a href=\"https:\/\/www.ms.gba.gov.ar\/sitios\/capacitacion\/proderthas\/\" target=\"_blank\" rel=\"noreferrer noopener\">Programa Polit\u00e9cnico en Salud<\/a><\/strong>, se brindan diferentes formaciones.<\/p>\n\n\n\n<p>\u2013 Las Tecnicaturas son carreras de Nivel Superior No Universitario con una duraci\u00f3n de tres (3) a\u00f1os.<br>\u2013 Las Cursos y la Formaci\u00f3n Profesional Continua (Postitulos), poseen una duraci\u00f3n de un (1) a\u00f1o.<\/p>\n\n\n\n<p><a href=\"https:\/\/www.google.com\/maps\/d\/u\/0\/viewer?mid=1Jns-SiNSRLGoZNdd_ZRQLL-RarGFvgL4&amp;ll=-35.89384466983011%2C-59.13181677472776&amp;z=8\" data-type=\"URL\" data-id=\"https:\/\/www.google.com\/maps\/d\/u\/0\/viewer?mid=1Jns-SiNSRLGoZNdd_ZRQLL-RarGFvgL4&amp;ll=-35.89384466983011%2C-59.13181677472776&amp;z=8\">P<\/a><a rel=\"noreferrer noopener\" href=\"https:\/\/www.google.com\/maps\/d\/u\/0\/viewer?mid=1Jns-SiNSRLGoZNdd_ZRQLL-RarGFvgL4&amp;ll=-35.89384466983011%2C-59.13181677472776&amp;z=8\" data-type=\"URL\" data-id=\"https:\/\/www.google.com\/maps\/d\/u\/0\/viewer?mid=1Jns-SiNSRLGoZNdd_ZRQLL-RarGFvgL4&amp;ll=-35.89384466983011%2C-59.13181677472776&amp;z=8\" target=\"_blank\">od\u00e9s ver las sedes vigentes en curso<\/a><\/p>\n\n\n\n<p><a rel=\"noreferrer noopener\" href=\"https:\/\/www.ms.gba.gov.ar\/sitios\/capacitacion\/2022\/11\/01\/ingreso-carreras-2023\/\" target=\"_blank\">C<\/a><a rel=\"noreferrer noopener\" href=\"https:\/\/www.ms.gba.gov.ar\/sitios\/capacitacion\/2022\/11\/01\/ingreso-carreras-2023\/\" target=\"_blank\">r<\/a><a rel=\"noreferrer noopener\" href=\"https:\/\/www.ms.gba.gov.ar\/sitios\/capacitacion\/2022\/11\/01\/ingreso-carreras-2023\/\" target=\"_blank\">o<\/a><a rel=\"noreferrer noopener\" href=\"https:\/\/www.ms.gba.gov.ar\/sitios\/capacitacion\/2022\/11\/01\/ingreso-carreras-2023\/\" target=\"_blank\">n<\/a><a rel=\"noreferrer noopener\" href=\"https:\/\/www.ms.gba.gov.ar\/sitios\/capacitacion\/2022\/11\/01\/ingreso-carreras-2023\/\" target=\"_blank\">o<\/a><a rel=\"noreferrer noopener\" href=\"https:\/\/www.ms.gba.gov.ar\/sitios\/capacitacion\/2022\/11\/01\/ingreso-carreras-2023\/\" target=\"_blank\">g<\/a><a rel=\"noreferrer noopener\" href=\"https:\/\/www.ms.gba.gov.ar\/sitios\/capacitacion\/2022\/11\/01\/ingreso-carreras-2023\/\" target=\"_blank\">r<\/a><a rel=\"noreferrer noopener\" href=\"https:\/\/www.ms.gba.gov.ar\/sitios\/capacitacion\/2022\/11\/01\/ingreso-carreras-2023\/\" target=\"_blank\">a<\/a><a rel=\"noreferrer noopener\" href=\"https:\/\/www.ms.gba.gov.ar\/sitios\/capacitacion\/2022\/11\/01\/ingreso-carreras-2023\/\" target=\"_blank\">m<\/a><a rel=\"noreferrer noopener\" href=\"https:\/\/www.ms.gba.gov.ar\/sitios\/capacitacion\/2022\/11\/01\/ingreso-carreras-2023\/\" target=\"_blank\">a<\/a><a rel=\"noreferrer noopener\" href=\"https:\/\/www.ms.gba.gov.ar\/sitios\/capacitacion\/2022\/11\/01\/ingreso-carreras-2023\/\" target=\"_blank\"> <\/a><a rel=\"noreferrer noopener\" href=\"https:\/\/www.ms.gba.gov.ar\/sitios\/capacitacion\/2022\/11\/01\/ingreso-carreras-2023\/\" target=\"_blank\">p<\/a><a rel=\"noreferrer noopener\" href=\"https:\/\/www.ms.gba.gov.ar\/sitios\/capacitacion\/2022\/11\/01\/ingreso-carreras-2023\/\" target=\"_blank\">a<\/a><a rel=\"noreferrer noopener\" href=\"https:\/\/www.ms.gba.gov.ar\/sitios\/capacitacion\/2022\/11\/01\/ingreso-carreras-2023\/\" target=\"_blank\">r<\/a><a rel=\"noreferrer noopener\" href=\"https:\/\/www.ms.gba.gov.ar\/sitios\/capacitacion\/2022\/11\/01\/ingreso-carreras-2023\/\" target=\"_blank\">a<\/a><a rel=\"noreferrer noopener\" href=\"https:\/\/www.ms.gba.gov.ar\/sitios\/capacitacion\/2022\/11\/01\/ingreso-carreras-2023\/\" target=\"_blank\"> <\/a><a rel=\"noreferrer noopener\" href=\"https:\/\/www.ms.gba.gov.ar\/sitios\/capacitacion\/2022\/11\/01\/ingreso-carreras-2023\/\" target=\"_blank\">i<\/a><a rel=\"noreferrer noopener\" href=\"https:\/\/www.ms.gba.gov.ar\/sitios\/capacitacion\/2022\/11\/01\/ingreso-carreras-2023\/\" target=\"_blank\">n<\/a><a rel=\"noreferrer noopener\" href=\"https:\/\/www.ms.gba.gov.ar\/sitios\/capacitacion\/2022\/11\/01\/ingreso-carreras-2023\/\" target=\"_blank\">g<\/a><a rel=\"noreferrer noopener\" href=\"https:\/\/www.ms.gba.gov.ar\/sitios\/capacitacion\/2022\/11\/01\/ingreso-carreras-2023\/\" target=\"_blank\">r<\/a><a rel=\"noreferrer noopener\" href=\"https:\/\/www.ms.gba.gov.ar\/sitios\/capacitacion\/2022\/11\/01\/ingreso-carreras-2023\/\" target=\"_blank\">e<\/a><a rel=\"noreferrer noopener\" href=\"https:\/\/www.ms.gba.gov.ar\/sitios\/capacitacion\/2022\/11\/01\/ingreso-carreras-2023\/\" target=\"_blank\">s<\/a><a rel=\"noreferrer noopener\" href=\"https:\/\/www.ms.gba.gov.ar\/sitios\/capacitacion\/2022\/11\/01\/ingreso-carreras-2023\/\" target=\"_blank\">o<\/a><a rel=\"noreferrer noopener\" href=\"https:\/\/www.ms.gba.gov.ar\/sitios\/capacitacion\/2022\/11\/01\/ingreso-carreras-2023\/\" target=\"_blank\"> <\/a><a rel=\"noreferrer noopener\" href=\"https:\/\/www.ms.gba.gov.ar\/sitios\/capacitacion\/2022\/11\/01\/ingreso-carreras-2023\/\" target=\"_blank\">C<\/a><a rel=\"noreferrer noopener\" href=\"https:\/\/www.ms.gba.gov.ar\/sitios\/capacitacion\/2022\/11\/01\/ingreso-carreras-2023\/\" target=\"_blank\">i<\/a><a rel=\"noreferrer noopener\" href=\"https:\/\/www.ms.gba.gov.ar\/sitios\/capacitacion\/2022\/11\/01\/ingreso-carreras-2023\/\" target=\"_blank\">c<\/a><a rel=\"noreferrer noopener\" href=\"https:\/\/www.ms.gba.gov.ar\/sitios\/capacitacion\/2022\/11\/01\/ingreso-carreras-2023\/\" target=\"_blank\">l<\/a><a rel=\"noreferrer noopener\" href=\"https:\/\/www.ms.gba.gov.ar\/sitios\/capacitacion\/2022\/11\/01\/ingreso-carreras-2023\/\" target=\"_blank\">o<\/a><a rel=\"noreferrer noopener\" href=\"https:\/\/www.ms.gba.gov.ar\/sitios\/capacitacion\/2022\/11\/01\/ingreso-carreras-2023\/\" target=\"_blank\"> <\/a><a rel=\"noreferrer noopener\" href=\"https:\/\/www.ms.gba.gov.ar\/sitios\/capacitacion\/2022\/11\/01\/ingreso-carreras-2023\/\" target=\"_blank\">L<\/a><a rel=\"noreferrer noopener\" href=\"https:\/\/www.ms.gba.gov.ar\/sitios\/capacitacion\/2022\/11\/01\/ingreso-carreras-2023\/\" target=\"_blank\">e<\/a><a rel=\"noreferrer noopener\" href=\"https:\/\/www.ms.gba.gov.ar\/sitios\/capacitacion\/2022\/11\/01\/ingreso-carreras-2023\/\" target=\"_blank\">c<\/a><a rel=\"noreferrer noopener\" href=\"https:\/\/www.ms.gba.gov.ar\/sitios\/capacitacion\/2022\/11\/01\/ingreso-carreras-2023\/\" target=\"_blank\">t<\/a><a rel=\"noreferrer noopener\" href=\"https:\/\/www.ms.gba.gov.ar\/sitios\/capacitacion\/2022\/11\/01\/ingreso-carreras-2023\/\" target=\"_blank\">i<\/a><a rel=\"noreferrer noopener\" href=\"https:\/\/www.ms.gba.gov.ar\/sitios\/capacitacion\/2022\/11\/01\/ingreso-carreras-2023\/\" target=\"_blank\">v<\/a><a rel=\"noreferrer noopener\" href=\"https:\/\/www.ms.gba.gov.ar\/sitios\/capacitacion\/2022\/11\/01\/ingreso-carreras-2023\/\" target=\"_blank\">o<\/a><a rel=\"noreferrer noopener\" href=\"https:\/\/www.ms.gba.gov.ar\/sitios\/capacitacion\/2022\/11\/01\/ingreso-carreras-2023\/\" target=\"_blank\"> 2023<\/a><\/p>\n","protected":false},"excerpt":{"rendered":"<p>Todos los a\u00f1os la Escuela de Gobierno en Salud \u201cFloreal Ferrara\u201d publica su oferta educativa no arancelada como parte de las pol\u00edticas p\u00fablicas de formaci\u00f3n y educaci\u00f3n permanente del Ministerio de Salud de la Provincia [&hellip;]<\/p>\n","protected":false},"author":4,"featured_media":981,"comment_status":"closed","ping_status":"open","sticky":false,"template":"","format":"standard","meta":{"footnotes":""},"categories":[5],"tags":[32,31,15],"class_list":["post-980","post","type-post","status-publish","format-standard","has-post-thumbnail","hentry","category-novedades","tag-carreras","tag-ingreso","tag-oferta-academica"],"_links":{"self":[{"href":"https:\/\/campusff.ms.gba.gov.ar\/comunidaddea-ff\/wp-json\/wp\/v2\/posts\/980","targetHints":{"allow":["GET"]}}],"collection":[{"href":"https:\/\/campusff.ms.gba.gov.ar\/comunidaddea-ff\/wp-json\/wp\/v2\/posts"}],"about":[{"href":"https:\/\/campusff.ms.gba.gov.ar\/comunidaddea-ff\/wp-json\/wp\/v2\/types\/post"}],"author":[{"embeddable":true,"href":"https:\/\/campusff.ms.gba.gov.ar\/comunidaddea-ff\/wp-json\/wp\/v2\/users\/4"}],"replies":[{"embeddable":true,"href":"https:\/\/campusff.ms.gba.gov.ar\/comunidaddea-ff\/wp-json\/wp\/v2\/comments?post=980"}],"version-history":[{"count":3,"href":"https:\/\/campusff.ms.gba.gov.ar\/comunidaddea-ff\/wp-json\/wp\/v2\/posts\/980\/revisions"}],"predecessor-version":[{"id":985,"href":"https:\/\/campusff.ms.gba.gov.ar\/comunidaddea-ff\/wp-json\/wp\/v2\/posts\/980\/revisions\/985"}],"wp:featuredmedia":[{"embeddable":true,"href":"https:\/\/campusff.ms.gba.gov.ar\/comunidaddea-ff\/wp-json\/wp\/v2\/media\/981"}],"wp:attachment":[{"href":"https:\/\/campusff.ms.gba.gov.ar\/comunidaddea-ff\/wp-json\/wp\/v2\/media?parent=980"}],"wp:term":[{"taxonomy":"category","embeddable":true,"href":"https:\/\/campusff.ms.gba.gov.ar\/comunidaddea-ff\/wp-json\/wp\/v2\/categories?post=980"},{"taxonomy":"post_tag","embeddable":true,"href":"https:\/\/campusff.ms.gba.gov.ar\/comunidaddea-ff\/wp-json\/wp\/v2\/tags?post=980"}],"curies":[{"name":"wp","href":"https:\/\/api.w.org\/{rel}","templated":true}]}}