{"id":835,"date":"2022-02-15T13:18:34","date_gmt":"2022-02-15T16:18:34","guid":{"rendered":"https:\/\/campusff.ms.gba.gov.ar\/comunidaddea-ff\/?p=835"},"modified":"2022-02-15T13:18:35","modified_gmt":"2022-02-15T16:18:35","slug":"mario-rovere-en-la-tv-publica","status":"publish","type":"post","link":"https:\/\/campusff.ms.gba.gov.ar\/comunidaddea-ff\/2022\/02\/15\/mario-rovere-en-la-tv-publica\/","title":{"rendered":"Mario Rovere en la TV P\u00fablica"},"content":{"rendered":"<div id=\"wppb-builder-container\" class=\"wppb-builder-container\">\n<p>Mario Rovere, Director Provincial de la Escuela de Gobierno en Salud &#8220;Floreal Ferrara&#8221;, conversa con Pablo Caruso sobre los protocolos que regir\u00e1n en las escuelas durante el ciclo lectivo del 2022.<\/p>\n\n\n\n<p>A su vez, en su condici\u00f3n de m\u00e9dico sanitarista, desarrolla conceptos de pol\u00edticas  de Salud.<\/p>\n\n\n\n<p>&#8220;Desiguales&#8221; es un ciclo period\u00edstico emitido por la TV P\u00fablica, conducido por Luli Trujillo y Pablo Caruso y Rovere particip\u00f3 en la emisi\u00f3n del d\u00eda lunes 7 de febrero.<\/p>\n\n\n\n<center>\n<iframe loading=\"lazy\" width=\"560\" height=\"315\" src=\"https:\/\/www.youtube.com\/embed\/dx_NOn5KCrM?start=2068\" title=\"YouTube video player\" frameborder=\"0\" allow=\"accelerometer; autoplay; clipboard-write; encrypted-media; gyroscope; picture-in-picture\" allowfullscreen><\/iframe>\n<\/center>\n<\/div>","protected":false},"excerpt":{"rendered":"<p>Mario Rovere, Director Provincial de la Escuela de Gobierno en Salud &#8220;Floreal Ferrara&#8221;, conversa con Pablo Caruso sobre los protocolos que regir\u00e1n en las escuelas durante el ciclo lectivo del 2022. A su vez, en [&hellip;]<\/p>\n","protected":false},"author":2,"featured_media":839,"comment_status":"closed","ping_status":"open","sticky":false,"template":"","format":"standard","meta":{"footnotes":""},"categories":[5],"tags":[28,29,27],"class_list":["post-835","post","type-post","status-publish","format-standard","has-post-thumbnail","hentry","category-novedades","tag-educacion","tag-rovere","tag-salud"],"_links":{"self":[{"href":"https:\/\/campusff.ms.gba.gov.ar\/comunidaddea-ff\/wp-json\/wp\/v2\/posts\/835","targetHints":{"allow":["GET"]}}],"collection":[{"href":"https:\/\/campusff.ms.gba.gov.ar\/comunidaddea-ff\/wp-json\/wp\/v2\/posts"}],"about":[{"href":"https:\/\/campusff.ms.gba.gov.ar\/comunidaddea-ff\/wp-json\/wp\/v2\/types\/post"}],"author":[{"embeddable":true,"href":"https:\/\/campusff.ms.gba.gov.ar\/comunidaddea-ff\/wp-json\/wp\/v2\/users\/2"}],"replies":[{"embeddable":true,"href":"https:\/\/campusff.ms.gba.gov.ar\/comunidaddea-ff\/wp-json\/wp\/v2\/comments?post=835"}],"version-history":[{"count":3,"href":"https:\/\/campusff.ms.gba.gov.ar\/comunidaddea-ff\/wp-json\/wp\/v2\/posts\/835\/revisions"}],"predecessor-version":[{"id":838,"href":"https:\/\/campusff.ms.gba.gov.ar\/comunidaddea-ff\/wp-json\/wp\/v2\/posts\/835\/revisions\/838"}],"wp:featuredmedia":[{"embeddable":true,"href":"https:\/\/campusff.ms.gba.gov.ar\/comunidaddea-ff\/wp-json\/wp\/v2\/media\/839"}],"wp:attachment":[{"href":"https:\/\/campusff.ms.gba.gov.ar\/comunidaddea-ff\/wp-json\/wp\/v2\/media?parent=835"}],"wp:term":[{"taxonomy":"category","embeddable":true,"href":"https:\/\/campusff.ms.gba.gov.ar\/comunidaddea-ff\/wp-json\/wp\/v2\/categories?post=835"},{"taxonomy":"post_tag","embeddable":true,"href":"https:\/\/campusff.ms.gba.gov.ar\/comunidaddea-ff\/wp-json\/wp\/v2\/tags?post=835"}],"curies":[{"name":"wp","href":"https:\/\/api.w.org\/{rel}","templated":true}]}}