{"id":3105,"date":"2025-05-28T17:47:07","date_gmt":"2025-05-28T20:47:07","guid":{"rendered":"https:\/\/campusff.ms.gba.gov.ar\/comunidaddea-ff\/?p=3105"},"modified":"2025-06-24T17:47:45","modified_gmt":"2025-06-24T20:47:45","slug":"cartas-abiertas-emision-16-los-derechos-al-reves-o-como-perder-soberania-sanitaria-28-05-2025","status":"publish","type":"post","link":"https:\/\/campusff.ms.gba.gov.ar\/comunidaddea-ff\/2025\/05\/28\/cartas-abiertas-emision-16-los-derechos-al-reves-o-como-perder-soberania-sanitaria-28-05-2025\/","title":{"rendered":"Cartas Abiertas \u2013 Emisi\u00f3n 16: \u201cLos derechos al rev\u00e9s o C\u00f3mo perder Soberan\u00eda Sanitaria\u201d (28\/05\/2025)"},"content":{"rendered":"\n<p>Programa N\u00ba16 \u2013 28\/05\/2025 \u2013<strong>\u00a0Carta Abierta No 16: Los derechos al rev\u00e9s o C\u00f3mo perder Soberan\u00eda Sanitaria<\/strong><\/p>\n\n\n\n<iframe src=\"https:\/\/www.ivoox.com\/player_ej_148703525_6_1.html?c1=109eb8\" width=\"100%\" height=\"200\" frameborder=\"0\" allowfullscreen=\"\" scrolling=\"no\" loading=\"lazy\"><\/iframe>\n","protected":false},"excerpt":{"rendered":"<p>Programa N\u00ba16 \u2013 28\/05\/2025 \u2013\u00a0Carta Abierta No 16: Los derechos al rev\u00e9s o C\u00f3mo perder Soberan\u00eda Sanitaria<\/p>\n","protected":false},"author":4,"featured_media":3106,"comment_status":"closed","ping_status":"open","sticky":false,"template":"","format":"standard","meta":{"footnotes":""},"categories":[130],"tags":[154,111,27],"class_list":["post-3105","post","type-post","status-publish","format-standard","has-post-thumbnail","hentry","category-radio","tag-cartas-abiertas","tag-radio-floreal","tag-salud"],"_links":{"self":[{"href":"https:\/\/campusff.ms.gba.gov.ar\/comunidaddea-ff\/wp-json\/wp\/v2\/posts\/3105","targetHints":{"allow":["GET"]}}],"collection":[{"href":"https:\/\/campusff.ms.gba.gov.ar\/comunidaddea-ff\/wp-json\/wp\/v2\/posts"}],"about":[{"href":"https:\/\/campusff.ms.gba.gov.ar\/comunidaddea-ff\/wp-json\/wp\/v2\/types\/post"}],"author":[{"embeddable":true,"href":"https:\/\/campusff.ms.gba.gov.ar\/comunidaddea-ff\/wp-json\/wp\/v2\/users\/4"}],"replies":[{"embeddable":true,"href":"https:\/\/campusff.ms.gba.gov.ar\/comunidaddea-ff\/wp-json\/wp\/v2\/comments?post=3105"}],"version-history":[{"count":2,"href":"https:\/\/campusff.ms.gba.gov.ar\/comunidaddea-ff\/wp-json\/wp\/v2\/posts\/3105\/revisions"}],"predecessor-version":[{"id":3108,"href":"https:\/\/campusff.ms.gba.gov.ar\/comunidaddea-ff\/wp-json\/wp\/v2\/posts\/3105\/revisions\/3108"}],"wp:featuredmedia":[{"embeddable":true,"href":"https:\/\/campusff.ms.gba.gov.ar\/comunidaddea-ff\/wp-json\/wp\/v2\/media\/3106"}],"wp:attachment":[{"href":"https:\/\/campusff.ms.gba.gov.ar\/comunidaddea-ff\/wp-json\/wp\/v2\/media?parent=3105"}],"wp:term":[{"taxonomy":"category","embeddable":true,"href":"https:\/\/campusff.ms.gba.gov.ar\/comunidaddea-ff\/wp-json\/wp\/v2\/categories?post=3105"},{"taxonomy":"post_tag","embeddable":true,"href":"https:\/\/campusff.ms.gba.gov.ar\/comunidaddea-ff\/wp-json\/wp\/v2\/tags?post=3105"}],"curies":[{"name":"wp","href":"https:\/\/api.w.org\/{rel}","templated":true}]}}