{"id":3089,"date":"2025-04-25T12:04:35","date_gmt":"2025-04-25T15:04:35","guid":{"rendered":"https:\/\/campusff.ms.gba.gov.ar\/comunidaddea-ff\/?p=3089"},"modified":"2025-04-25T12:04:35","modified_gmt":"2025-04-25T15:04:35","slug":"bitacora-lanteri-programa-20-22-04-2025","status":"publish","type":"post","link":"https:\/\/campusff.ms.gba.gov.ar\/comunidaddea-ff\/2025\/04\/25\/bitacora-lanteri-programa-20-22-04-2025\/","title":{"rendered":"Bit\u00e1cora Lanteri \u2013 Programa 20 (22\/04\/2025)"},"content":{"rendered":"\n<p>Entrevista a&nbsp;<strong>Pablo Barrenengoa<\/strong>, doctor y licenciado en Psicolog\u00eda,&nbsp;por el proyecto de investigaci\u00f3n&nbsp;\u201c<em>Los procesos de gesti\u00f3n, dispositivos asistenciales y estrategias de formaci\u00f3n permanente de los Servicios de \u00c1rea Program\u00e1tica y Redes en Salud (SAPS) de los hospitales p\u00fablicos provinciales implementados entre los a\u00f1os 2020 y 2023<\/em><em>\u201d<\/em><\/p>\n\n\n\n<p>En la columna Hist\u00f3ricas del Sur contamos la historia de&nbsp;<strong>Ana Mar\u00eda Cetto<\/strong>, mexicana, doctora en f\u00edsica.<\/p>\n\n\n\n<iframe src=\"https:\/\/www.ivoox.com\/player_ej_145553534_6_1.html?c1=18b3c0\" width=\"100%\" height=\"200\" frameborder=\"0\" allowfullscreen=\"\" scrolling=\"no\" loading=\"lazy\"><\/iframe>\n","protected":false},"excerpt":{"rendered":"<p>Entrevista a&nbsp;Pablo Barrenengoa, doctor y licenciado en Psicolog\u00eda,&nbsp;por el proyecto de investigaci\u00f3n&nbsp;\u201cLos procesos de gesti\u00f3n, dispositivos asistenciales y estrategias de formaci\u00f3n permanente de los Servicios de \u00c1rea Program\u00e1tica y Redes en Salud (SAPS) de los [&hellip;]<\/p>\n","protected":false},"author":4,"featured_media":2584,"comment_status":"closed","ping_status":"open","sticky":false,"template":"","format":"standard","meta":{"footnotes":""},"categories":[130],"tags":[142,111],"class_list":["post-3089","post","type-post","status-publish","format-standard","has-post-thumbnail","hentry","category-radio","tag-bitacora-lanteri-2","tag-radio-floreal"],"_links":{"self":[{"href":"https:\/\/campusff.ms.gba.gov.ar\/comunidaddea-ff\/wp-json\/wp\/v2\/posts\/3089","targetHints":{"allow":["GET"]}}],"collection":[{"href":"https:\/\/campusff.ms.gba.gov.ar\/comunidaddea-ff\/wp-json\/wp\/v2\/posts"}],"about":[{"href":"https:\/\/campusff.ms.gba.gov.ar\/comunidaddea-ff\/wp-json\/wp\/v2\/types\/post"}],"author":[{"embeddable":true,"href":"https:\/\/campusff.ms.gba.gov.ar\/comunidaddea-ff\/wp-json\/wp\/v2\/users\/4"}],"replies":[{"embeddable":true,"href":"https:\/\/campusff.ms.gba.gov.ar\/comunidaddea-ff\/wp-json\/wp\/v2\/comments?post=3089"}],"version-history":[{"count":1,"href":"https:\/\/campusff.ms.gba.gov.ar\/comunidaddea-ff\/wp-json\/wp\/v2\/posts\/3089\/revisions"}],"predecessor-version":[{"id":3090,"href":"https:\/\/campusff.ms.gba.gov.ar\/comunidaddea-ff\/wp-json\/wp\/v2\/posts\/3089\/revisions\/3090"}],"wp:featuredmedia":[{"embeddable":true,"href":"https:\/\/campusff.ms.gba.gov.ar\/comunidaddea-ff\/wp-json\/wp\/v2\/media\/2584"}],"wp:attachment":[{"href":"https:\/\/campusff.ms.gba.gov.ar\/comunidaddea-ff\/wp-json\/wp\/v2\/media?parent=3089"}],"wp:term":[{"taxonomy":"category","embeddable":true,"href":"https:\/\/campusff.ms.gba.gov.ar\/comunidaddea-ff\/wp-json\/wp\/v2\/categories?post=3089"},{"taxonomy":"post_tag","embeddable":true,"href":"https:\/\/campusff.ms.gba.gov.ar\/comunidaddea-ff\/wp-json\/wp\/v2\/tags?post=3089"}],"curies":[{"name":"wp","href":"https:\/\/api.w.org\/{rel}","templated":true}]}}