{"id":3087,"date":"2025-04-25T12:02:47","date_gmt":"2025-04-25T15:02:47","guid":{"rendered":"https:\/\/campusff.ms.gba.gov.ar\/comunidaddea-ff\/?p=3087"},"modified":"2025-04-25T12:02:48","modified_gmt":"2025-04-25T15:02:48","slug":"bitacora-lanteri-programa-19-15-04-2025","status":"publish","type":"post","link":"https:\/\/campusff.ms.gba.gov.ar\/comunidaddea-ff\/2025\/04\/25\/bitacora-lanteri-programa-19-15-04-2025\/","title":{"rendered":"Bit\u00e1cora Lanteri \u2013 Programa 19 (15\/04\/2025)"},"content":{"rendered":"\n<p>Entrevista a&nbsp; <strong>Mara Maydana<\/strong>, infect\u00f3loga pediatra de la direcci\u00f3n de Prevenci\u00f3n de VIH, ITS y Hepatitis Virales del Ministerio de Salud de la provincia de Buenos Aires y del Hospital de Ni\u00f1os Sor Mar\u00eda Ludovica, por el proyecto de investigaci\u00f3n \u201cCalidad de los tratamientos antirretrovirales de la poblaci\u00f3n pedi\u00e1trica que vive con VIH de la provincia de Buenos Aires\u201d.&nbsp;&nbsp;<\/p>\n\n\n\n<p>En la columna Hist\u00f3ricas del Sur contamos la historia de\u00a0<strong>\u00c1ngela Restrepo Moreno<\/strong>, microbi\u00f3loga colombiana.<\/p>\n\n\n\n<iframe src=\"https:\/\/www.ivoox.com\/player_ej_145553056_6_1.html?c1=18b3c0\" width=\"100%\" height=\"200\" frameborder=\"0\" allowfullscreen=\"\" scrolling=\"no\" loading=\"lazy\"><\/iframe>\n","protected":false},"excerpt":{"rendered":"<p>Entrevista a&nbsp; Mara Maydana, infect\u00f3loga pediatra de la direcci\u00f3n de Prevenci\u00f3n de VIH, ITS y Hepatitis Virales del Ministerio de Salud de la provincia de Buenos Aires y del Hospital de Ni\u00f1os Sor Mar\u00eda Ludovica, [&hellip;]<\/p>\n","protected":false},"author":4,"featured_media":2584,"comment_status":"closed","ping_status":"open","sticky":false,"template":"","format":"standard","meta":{"footnotes":""},"categories":[130],"tags":[142,127,111],"class_list":["post-3087","post","type-post","status-publish","format-standard","has-post-thumbnail","hentry","category-radio","tag-bitacora-lanteri-2","tag-radio","tag-radio-floreal"],"_links":{"self":[{"href":"https:\/\/campusff.ms.gba.gov.ar\/comunidaddea-ff\/wp-json\/wp\/v2\/posts\/3087","targetHints":{"allow":["GET"]}}],"collection":[{"href":"https:\/\/campusff.ms.gba.gov.ar\/comunidaddea-ff\/wp-json\/wp\/v2\/posts"}],"about":[{"href":"https:\/\/campusff.ms.gba.gov.ar\/comunidaddea-ff\/wp-json\/wp\/v2\/types\/post"}],"author":[{"embeddable":true,"href":"https:\/\/campusff.ms.gba.gov.ar\/comunidaddea-ff\/wp-json\/wp\/v2\/users\/4"}],"replies":[{"embeddable":true,"href":"https:\/\/campusff.ms.gba.gov.ar\/comunidaddea-ff\/wp-json\/wp\/v2\/comments?post=3087"}],"version-history":[{"count":1,"href":"https:\/\/campusff.ms.gba.gov.ar\/comunidaddea-ff\/wp-json\/wp\/v2\/posts\/3087\/revisions"}],"predecessor-version":[{"id":3088,"href":"https:\/\/campusff.ms.gba.gov.ar\/comunidaddea-ff\/wp-json\/wp\/v2\/posts\/3087\/revisions\/3088"}],"wp:featuredmedia":[{"embeddable":true,"href":"https:\/\/campusff.ms.gba.gov.ar\/comunidaddea-ff\/wp-json\/wp\/v2\/media\/2584"}],"wp:attachment":[{"href":"https:\/\/campusff.ms.gba.gov.ar\/comunidaddea-ff\/wp-json\/wp\/v2\/media?parent=3087"}],"wp:term":[{"taxonomy":"category","embeddable":true,"href":"https:\/\/campusff.ms.gba.gov.ar\/comunidaddea-ff\/wp-json\/wp\/v2\/categories?post=3087"},{"taxonomy":"post_tag","embeddable":true,"href":"https:\/\/campusff.ms.gba.gov.ar\/comunidaddea-ff\/wp-json\/wp\/v2\/tags?post=3087"}],"curies":[{"name":"wp","href":"https:\/\/api.w.org\/{rel}","templated":true}]}}