{"id":3083,"date":"2025-04-17T07:22:46","date_gmt":"2025-04-17T10:22:46","guid":{"rendered":"https:\/\/campusff.ms.gba.gov.ar\/comunidaddea-ff\/?p=3083"},"modified":"2025-04-21T07:26:08","modified_gmt":"2025-04-21T10:26:08","slug":"reporte-de-salud-internacional-ano-02-05","status":"publish","type":"post","link":"https:\/\/campusff.ms.gba.gov.ar\/comunidaddea-ff\/2025\/04\/17\/reporte-de-salud-internacional-ano-02-05\/","title":{"rendered":"Reporte de salud internacional A\u00f1o 02 #05"},"content":{"rendered":"\n<p><em>Por Mario Rovere.\u00a0<\/em><a href=\"https:\/\/revistasoberaniasanitaria.com.ar\/reporte-de-salud-internacional-a2-n5\/\" target=\"_blank\" rel=\"noreferrer noopener\">Publicado en Revista Soberan\u00eda Sanitaria<\/a><\/p>\n\n\n\n<p><strong>Comentario editorial<\/strong><\/p>\n\n\n\n<p>En un hipot\u00e9tico, aunque no tanto, juego de la guerra \u201creagrupar\u201d pareci\u00f3 ser el lema principal de la \u00faltima semana, luego que EE. UU. sacudiera el tablero mundial el pasado 2 de abril.<\/p>\n\n\n\n<p>La forzada vuelta en U de la pol\u00edtica arancelaria de Trump con la mayor\u00eda de los pa\u00edses no logra reparar, alert\u00f3 a todos los grandes jugadores renuentes a besar su trasero, dej\u00f3 heridas y enormes p\u00e9rdidas puertas adentro y como siempre facilit\u00f3 ganadores que operaron en las bolsas con informaci\u00f3n privilegiada hasta hacerlo parecer una cripto estafa o una estafa piramidal: un nuevo deporte que contribuye al financiamiento ilegal de las ultraderechas mundiales.<\/p>\n\n\n\n<p>La necesidad de la alianza con Rusia qued\u00f3 m\u00e1s expuesta cuando se orienta a bloquear su alianza con China. Aunque la guerra en Ucrania est\u00e1 lejos de terminar, Zelensky ya parece ser un cad\u00e1ver pol\u00edtico, mientras Europa le brinda m\u00e1s aliento que recursos.<\/p>\n\n\n\n<p>Medio oriente tambi\u00e9n se conmueve; Francia anuncia que reconocer\u00e1 en junio al Estado Palestino al que ya reconocen 150 pa\u00edses, dicen que para forzar a que Ir\u00e1n -con quien a su vez EE UU est\u00e1 negociando un acuerdo nuclear- acepte la existencia del Estado de Israel.&nbsp;<em>\u00ab\u2026creo que es lo justo y porque tambi\u00e9n quiero participar en una din\u00e1mica colectiva, que pueda permitir tambi\u00e9n a todos aquellos que defienden a Palestina reconocer a su vez a Israel, lo que muchos de ellos no hacen\u00bb.&nbsp;<\/em>Argument\u00f3 Macr\u00f3n.<\/p>\n\n\n\n<p>No es una buena noticia para Israel que sigue perdiendo aliados y parece forzarla a acelerar su ocupaci\u00f3n de la Franja de Gaza incluyendo ataques a la ayuda humanitaria y a la ONU.<\/p>\n\n\n\n<p>El enfrentamiento excluyente con China parece explicar todo lo realizado hasta el momento, definido como el verdadero enemigo del que deben protegerse en una guerra comercial y financiera que podr\u00eda escalar a lo militar. As\u00ed se perfila hoy el campo de juego y los dos gigantescos contendientes pelean en un teatro de operaciones que incluye el planeta entero.<\/p>\n\n\n\n<p>En ese contexto tan amenazante los pa\u00edses del mundo oscilan entre aislarse o asociarse, mientras pueden abrirse oportunidades hasta hace poco imposibles de visualizar.<\/p>\n\n\n\n<p><\/p>\n\n\n\n<p><strong>Panorama internacional<\/strong><\/p>\n\n\n\n<h5 class=\"wp-block-heading\">La Revista el Instituto de Tecnolog\u00eda de Massachusset (MIT) nos ayuda a entender<\/h5>\n\n\n\n<p>La \u00faltima noticia sobre la exenci\u00f3n de aranceles para la fabricaci\u00f3n de celulares, de computadoras y sus componentes se entiende a partir de sus consecuencias seg\u00fan el MIT:&nbsp;<em>En este contexto llegan los aranceles de Trump para incrementar la tensi\u00f3n entre los dos pa\u00edses. La subsecretaria de Defensa de EE UU hasta hace poco m\u00e1s de dos meses, Kathleen Hicks, afirmaba a MIT Technology Review que \u00abChina representa actualmente\u202fel mayor desaf\u00edo estrat\u00e9gico, lo que significa que marca el ritmo en muchas \u00e1reas clave de desarrollo militar\u00bb. Adem\u00e1s, China cuenta con la ventaja de ser el principal proveedor global de tierras raras. Groenlandia es especialmente rica en estos materiales, algo que hace entender la obsesi\u00f3n de Trump por el pa\u00eds. Uno de los ejemplos de c\u00f3mo pueden afectar las tarifas a la industria tecnol\u00f3gica se materializa en el iPhone. El emblema que recogen muchos dispositivos Apple es \u00abDise\u00f1ado por Apple en California. Ensamblado en China\u00bb. Si esta \u00faltima parte de la frase cambia, un iPhone podr\u00eda pasar de costar 1.100 d\u00f3lares a unos 2.200 d\u00f3lares, y el precio podr\u00eda subir m\u00e1s seg\u00fan los aranceles finales aplicados. Ante estas previsiones, muchos recomiendan que, si tienes la intenci\u00f3n de adquirir alg\u00fan bien tecnol\u00f3gico, lo compres ahora, antes de que sea demasiado caro.&nbsp;<\/em><\/p>\n\n\n\n<p><a href=\"https:\/\/technologyreview.es\/\" target=\"_blank\" rel=\"noreferrer noopener\">Enlace a la nota<\/a><\/p>\n\n\n\n<h5 class=\"wp-block-heading\">Los canales bioce\u00e1nicos en disputa<\/h5>\n\n\n\n<p>El control de los dos grandes canales del comercio mar\u00edtimo mundial: el compuesto por el canal de Suez y del Mar Rojo por un lado y el de Panam\u00e1 por el otro ingresaron fuertemente en la disputa.<\/p>\n\n\n\n<p>Estados Unidos por un lado necesita una alianza con Gran Breta\u00f1a para forzar con el lenguaje de los bombardeos a Yemen para liberar el estrecho porque los Hut\u00edes contin\u00faan demostrando que los portaviones de la primera potencia mundial no son invulnerables, al menos en sus aguas. Por el otro explicitando que para Trump la caballer\u00eda de los Estados Unidos son sus empresas transnacionalizadas celebr\u00f3 la toma para EE UU del control del Canal de Panam\u00e1 por parte de Black Rock desalojando los acuerdos soberanos de ese pa\u00eds para incorporarse a la ruta de la seda, justo por donde pasa el 4% del comercio mundial.<\/p>\n\n\n\n<p>En este contexto no puede pasar desapercibido que M\u00e9xico ha entrado fuertemente al juego a trav\u00e9s de su canal bioce\u00e1nico terrestre. El transporte por tren en solo 9 hs une el Pac\u00edfico con el atl\u00e1ntico lo que le permite triplicar la capacidad anual de transporte, reducir a la mitad el costo, y bajar a 72 horas\u202f(incluyendo embarque y desembarque) el cruce de oc\u00e9ano a oc\u00e9ano, contra los\u202f15-20 d\u00edas\u202fque toma llevar la carga a trav\u00e9s del Canal de Panam\u00e1.<\/p>\n\n\n\n<h5 class=\"wp-block-heading\">Petros abre una expectativa en la presidencia de la CELAC<\/h5>\n\n\n\n<p>El mandatario colombiano, recibe la presidencia de manos de Xiomara Castro, y declar\u00f3:&nbsp;<em>la necesidad de profundizar la cooperaci\u00f3n y la ayuda entre los pa\u00edses de la comunidad: \u201cNo somos pueblos solos, somos pueblos que se ayudan\u201d. Por eso, hizo un llamado para que todos los miembros del grupo presten atenci\u00f3n especial a Hait\u00ed, Cuba, Venezuela y Panam\u00e1, pa\u00edses que se\u00f1ala como acosados por la violencia, la pobreza o la injerencia de Estados Unidos. Habl\u00f3 tambi\u00e9n de soberan\u00eda alimentaria, de construir una agencia de medicinas o de impulsar el desarrollo digital. Adem\u00e1s, dijo que tambi\u00e9n se ocupar\u00e1 durante su presidencia de buscar el cese de los ataques del Estado de Israel a la poblaci\u00f3n palestina en la Franja de Gaza.<\/em><\/p>\n\n\n\n<p><a href=\"https:\/\/elpais.com\/america-colombia\/2025-04-09\/colombia-asume-la-presidencia-de-la-celac-con-la-mira-lejos-de-estados-unidos.html\" target=\"_blank\" rel=\"noreferrer noopener\">Enlace  a la nota<\/a><\/p>\n\n\n\n<h3 class=\"wp-block-heading\">Salud Internacional<\/h3>\n\n\n\n<h5 class=\"wp-block-heading\">Advierte la OMS; deterioro en los sistemas de salud<\/h5>\n\n\n\n<p>El nuevo balance r\u00e1pido realizado en marzo y abril de 2025 con 108 oficinas de la OMS en los pa\u00edses, principalmente en pa\u00edses de ingreso bajo y medio-bajo, muestra que muchos pa\u00edses est\u00e1n trabajando para aumentar o reasignar la financiaci\u00f3n procedente de fuentes internas y externas alternativas para subsanar las deficiencias. Sin embargo, hasta el 24% de las respuestas de las oficinas de la OMS en los pa\u00edses sugieren que los recortes presupuestarios ya se est\u00e1n plasmando en un aumento de los pagos directos de bolsillo. Es probable que las personas pobres y vulnerables corran el riesgo de ser las m\u00e1s afectadas por estas consecuencias.<\/p>\n\n\n\n<p>\u00abEstos resultados dibujan un panorama preocupante sobre los efectos de los recortes repentinos e imprevistos de la ayuda en la salud de millones de personas\u00bb, ha dicho el Ghebreyesus, Director General de la OMS. \u00abAunque estos recortes suponen una conmoci\u00f3n, tambi\u00e9n est\u00e1n impulsando una transici\u00f3n acelerada desde la dependencia de la ayuda hacia una autosuficiencia m\u00e1s sostenible basada en los recursos nacionales. Muchos pa\u00edses est\u00e1n solicitando el apoyo de la OMS, y la OMS est\u00e1 trabajando con ellos para determinar y adaptar las medidas m\u00e1s eficaces\u00bb.<\/p>\n\n\n\n<p><a href=\"https:\/\/www.who.int\/es\/news\/item\/10-04-2025-countries-are-already-experiencing-significant-health-system-disruptions---who\" target=\"_blank\" rel=\"noreferrer noopener\">Enlace a la nota<\/a><\/p>\n\n\n\n<h5 class=\"wp-block-heading\">Alerta amarilla: el Aedes no da tregua<\/h5>\n\n\n\n<p>La Organizaci\u00f3n Panamericana de la Salud (OPS) ha emitido una nueva alerta epidemiol\u00f3gica debido al incremento de casos de fiebre amarilla en las Am\u00e9ricas durante los primeros meses de 2025. El n\u00famero de casos humanos confirmados hasta el 22 de marzo ha m\u00e1s que duplicado el total registrado en todo 2024, lo que genera preocupaci\u00f3n por una posible expansi\u00f3n de la enfermedad.<\/p>\n\n\n\n<p>En los primeros casi tres meses de 2025, se han confirmado 131 casos humanos, con 53 fallecimientos. En comparaci\u00f3n, en todo el 2024 se reportaron 61 casos, de los cuales 30 fueron fatales. Los casos se reportaron en Bolivia (1 caso, 1 fallecimiento), Brasil (81 casos, 31 fatales), Colombia (31 casos, 13 fallecimientos) y Per\u00fa (18 casos, 8 fatales), con casos notificados fuera de la regi\u00f3n amaz\u00f3nica, tradicionalmente afectada.<\/p>\n\n\n\n<p>En particular, se destacan los casos nuevos desde octubre de 2024 en el departamento de Tolima, Colombia, lo que evidencia la aparici\u00f3n del virus en \u00e1reas geogr\u00e1ficas no afectadas en a\u00f1os anteriores. En estas zonas, actividades laborales como la agricultura representan un factor de riesgo de exposici\u00f3n al virus. El aumento de nuevos casos y su expansi\u00f3n resaltan la urgencia de fortalecer las medidas de vigilancia, prevenci\u00f3n y control para contener la enfermedad. Por otro lado, la situaci\u00f3n epidemiol\u00f3gica en el estado de S\u00e3o Paulo, Brasil, con 34 casos y 19 fallecimientos, genera preocupaci\u00f3n debido a su proximidad con centros urbanos densamente poblados, lo que aumenta el riesgo de un brote m\u00e1s amplio.<\/p>\n\n\n\n<p>Esta medida busca prevenir la propagaci\u00f3n de esta enfermedad viral, que ha causado 54 casos y 22 fallecimientos en el territorio colombiano desde mediados del a\u00f1o pasado.<\/p>\n\n\n\n<p><a href=\"https:\/\/www.paho.org\/es\/noticias\/31-3-2025-ops-emite-nueva-alerta-epidemiologica-ante-aumento-casos-fiebre-amarilla\" target=\"_blank\" rel=\"noreferrer noopener\">Enlace a la nota<\/a><\/p>\n\n\n\n<h5 class=\"wp-block-heading\">Sarampi\u00f3n una carrera contra el tiempo y la necedad<\/h5>\n\n\n\n<p>Uno de los virus de mayor poder de difusi\u00f3n, para el cual existen medios hasta para so\u00f1ar con&nbsp;su erradicaci\u00f3n, vuelve a escena aprovechando la desidia y las pr\u00e9dicas de una era de post verdad. que muestra a trav\u00e9s de esta enfermedad potencialmente letal una de las facetas m\u00e1s claras de su peligrosidad.<\/p>\n\n\n\n<p><em>Los casos de sarampi\u00f3n est\u00e1n en su nivel m\u00e1s alto en 25 a\u00f1os en Europa, mientras que Am\u00e9rica del Norte y Afganist\u00e1n tambi\u00e9n enfrentan importantes brotes y ni\u00f1os que mueren a causa de esta enfermedad prevenible.<\/em><\/p>\n\n\n\n<p><em>El a\u00f1o pasado se notificaron m\u00e1s de 127 000 casos en la regi\u00f3n europea de la Organizaci\u00f3n Mundial de la Salud (OMS), la cifra m\u00e1s alta desde 1997 (216 000), seg\u00fan un an\u00e1lisis conjunto de Unicef \u200b\u200by la OMS. Los casos de sarampi\u00f3n alcanzaron un m\u00ednimo de 4440 en 2016, pero han ido en aumento desde entonces.<\/em><\/p>\n\n\n\n<p><em>M\u00e1s de la mitad de los casos de sarampi\u00f3n notificados requirieron ingreso hospitalario, y se han registrado 38 fallecimientos. Los ni\u00f1os menores de 5 a\u00f1os representaron m\u00e1s del 40% de todos los casos. Hans Kluge, director regional de la OMS para Europa, declar\u00f3: \u00abEl sarampi\u00f3n ha regresado y es una llamada de atenci\u00f3n. Sin altas tasas de vacunaci\u00f3n, no hay seguridad sanitaria. Todos los pa\u00edses deben redoblar sus esfuerzos para llegar a las comunidades con baja vacunaci\u00f3n.<\/em><\/p>\n\n\n\n<p><a href=\"https:\/\/www.bmj.com\/content\/388\/bmj.r528.full\" target=\"_blank\" rel=\"noreferrer noopener\">Enlace a la nota<\/a><\/p>\n\n\n\n<h5 class=\"wp-block-heading\"><em>Lectura recomendada:&nbsp;<\/em><em>Descolonizando la educaci\u00f3n para la salud global: repensando las alianzas y los enfoques institucionales<\/em><\/h5>\n\n\n\n<p>La ONG CFHI invita a revisitar un excelente art\u00edculo de Eichbaum y cols del a\u00f1o 2021 a trav\u00e9s de un resumen que lo emparenta estrechamente con los objetivos de este Reporte.<\/p>\n\n\n\n<p><em>\u201cLa salud global a menudo implica alianzas entre instituciones de pa\u00edses de ingresos bajos y medianos (PIBM) previamente colonizados y pa\u00edses de ingresos altos (PIA) que fueron colonizadores. Se ha prestado poca atenci\u00f3n al legado de las antiguas relaciones coloniales y a su influencia en las iniciativas de salud global. Recientemente se han hecho llamamientos a la descolonizaci\u00f3n de la educaci\u00f3n para la salud global y a la reevaluaci\u00f3n de los supuestos y pr\u00e1cticas que sustentan las alianzas en salud global.<\/em><\/p>\n\n\n\n<p><em>El papel de la medicina en el colonialismo no puede ignorarse y requiere una revisi\u00f3n cr\u00edtica. Existe una creciente conciencia de c\u00f3mo el conocimiento generado en los pa\u00edses de altos ingresos define las pr\u00e1cticas e informa el pensamiento, en detrimento de los sistemas de conocimiento en los pa\u00edses de bajos y medianos ingresos. Adem\u00e1s, las alianzas de investigaci\u00f3n suelen beneficiar al socio con mayores recursos.<\/em><\/p>\n\n\n\n<p><em>En este art\u00edculo publicado en la Revista de la Asociaci\u00f3n de Facultades de Medicina de Estados Unidos, los autores ofrecen un breve an\u00e1lisis de las intersecciones entre el colonialismo, la medicina y la educaci\u00f3n para la salud global, y exploran el impacto persistente de los legados colonialistas en los programas y alianzas actuales de salud global. Describen c\u00f3mo las perspectivas \u00abdescolonizadas\u00bb no han cobrado suficiente impulso y c\u00f3mo las din\u00e1micas de poder inequitativas y los supuestos neocolonialistas siguen predominando. Analizan cinco enfoques y destacan recursos que desaf\u00edan los paradigmas coloniales en el \u00e1mbito de la salud global. Adem\u00e1s, abogan por la inclusi\u00f3n de enfoques de aprendizaje m\u00e1s transformadores para promover el cambio de actitudes y pr\u00e1cticas. Instan a la reflexi\u00f3n cr\u00edtica y a la acci\u00f3n concomitante para cambiar los paradigmas coloniales hacia alianzas m\u00e1s equitativas en la educaci\u00f3n global\u201d.<\/em><\/p>\n\n\n\n<p><a href=\"https:\/\/www.cfhi.org\/wp-content\/uploads\/2022\/10\/00001888-202103000-00016.pdf\" target=\"_blank\" rel=\"noreferrer noopener\">Enlace a la nota<\/a><\/p>\n\n\n\n<figure class=\"wp-block-image\"><img decoding=\"async\" src=\"https:\/\/revistasoberaniasanitaria.com.ar\/wp-content\/uploads\/2025\/02\/vacunacion-fiebre-amarilla-1024x683.jpg\" alt=\"\" class=\"wp-image-5532\"\/><figcaption class=\"wp-element-caption\">Fotograf\u00eda: OMS.<\/figcaption><\/figure>\n\n\n\n<p><\/p>\n\n\n\n<p><strong>Colaboraciones<\/strong><\/p>\n\n\n\n<h5 class=\"wp-block-heading\"><em>Contribuci\u00f3n de Emmanuel \u00c1lvarez<\/em><\/h5>\n\n\n\n<p>Confirmando un viejo aforismo espa\u00f1ol \u201cno hay reformas significativas en salud sin alta disponibilidad de profesionales\u201d Claudia Sheinbaum en M\u00e9xico encar\u00f3 de frente el problema de la falta de m\u00e9dicos en su pa\u00eds. Por un lado, explica como durante m\u00e1s de una d\u00e9cada se fren\u00f3 la formaci\u00f3n hasta llevarla a seis mil graduados (casi el mismo n\u00famero de Argentina pero con casi el triple de poblaci\u00f3n). No lo menciona pero, esa pol\u00edtica fue tambi\u00e9n una exigencia que impuso Estados Unidos en el acuerdo de libre comercio denominado NAFTA, que dobleg\u00f3 adicionalmente todas las curriculas innovadas -no flexnerianas- de ese pa\u00eds, especialmente la de la UAM Xochimilco hasta que MORENA aun en la oposici\u00f3n fue la fuerza pol\u00edtica que se anim\u00f3 a salir de esa encerrona.<\/p>\n\n\n\n<p>Se puede ver a la presidenta en un Instagram explicando esta situaci\u00f3n y mostrando los nuevos n\u00fameros que casi triplicaron desde el gobierno de AMLO la graduaci\u00f3n. En el mismo video Sheimbaun anuncia la bienvenida a m\u00e9dicos de otras nacionalidades, especialmente m\u00e9dicos cubanos que han sido expresamente estigmatizados por el gobierno norteamericano e invitados con est\u00edmulos a desertar.<\/p>\n\n\n\n<p><a href=\"https:\/\/www.instagram.com\/reel\/DGPSXF6PCfU\/?igsh=MWRkemZ6aGl0Mm9sMg%3D%3D\" target=\"_blank\" rel=\"noreferrer noopener\">Enlace a la nota<\/a><\/p>\n\n\n\n<h5 class=\"wp-block-heading\"><em>Comentario al respecto de Alicia Stolkiner<\/em><\/h5>\n\n\n\n<p><em>\u201cPara llegar a este momento de logro y esperanza , los mexicanos han atravesado el asesinato de un candidato a presidente, elecciones fraudulentas, reformas que debilitaron el estado y la deplorable articulaci\u00f3n entre narcos, guerra contra el narco y corrupci\u00f3n que ha costado cientos de miles de vidas. No obstante, se logr\u00f3 finalmente un movimiento MORENA que inici\u00f3 una transformaci\u00f3n que mucho recoge de tradiciones hist\u00f3ricas de la revoluci\u00f3n mexicana y algunos de sus principios. Entre otros que cada presidente debe construir su reemplazo desde su primer d\u00eda de gesti\u00f3n porque no solo no hay reelecci\u00f3n, sino que se retira de la pol\u00edtica p\u00fablica al terminar su mandato.<\/em><\/p>\n\n\n\n<p><em>Nada es trasladable a otras realidades, pero el pasaje de AMLO a Sheinbaum ha sido muy exitoso\u201d.<\/em><\/p>\n\n\n\n<h5 class=\"wp-block-heading\"><em>En contestaci\u00f3n a los interrogantes de Cecilia Calder\u00f3n del n\u00famero anterior<\/em><\/h5>\n\n\n\n<p><em>\u201cEste conocimiento propio latinoamericano, tiene una clara identidad contra hegem\u00f3nica, en donde su situaci\u00f3n geogr\u00e1fica es un clivaje determinante, al entenderse como un conocimiento regional latinoamericano (que incluye al Caribe), que en el eje centro-periferia se reconoce como periferia y que en el eje de poder Norte-Sur, tambi\u00e9n se reconoce como integrante del Sur global. De aqu\u00ed, es que podemos hablar -desde una perspectiva latinoamericana decolonial-, que existe una geopol\u00edtica del conocimiento cr\u00edtica y contrahegem\u00f3nica que act\u00faa con criterio de liberaci\u00f3n frente a la dominaci\u00f3n del centro\u201d<\/em><\/p>\n\n\n\n<p>En un documentado trabajo Estenssoro F. y Lorenzo C. \u201cAm\u00e9rica Latina en la Geopol\u00edtica del Conocimiento\u201d describe ampliamente los recorridos y anticipa las posibilidades que se abren cuando repensamos la din\u00e1mica centro periferia norte sur con una perspectiva decolonial.<\/p>\n\n\n\n<p>El texto de libre disponibilidad es de colecci\u00f3n para quien quiera recorrer la historia de la econom\u00eda pol\u00edtica internacional y de la teor\u00eda de la dependencia en Am\u00e9rica Latina.<\/p>\n\n\n\n<p><a href=\"https:\/\/v3.cadernoscajuina.pro.br\/index.php\/revista\/article\/view\/2\" target=\"_blank\" rel=\"noreferrer noopener\">Enlace a la nota<\/a><\/p>\n\n\n\n<h4 class=\"wp-block-heading\">Interrogantes para el pr\u00f3ximo n\u00famero<\/h4>\n\n\n\n<p>Aunque el Reporte se orienta a lo internacional una noticia nacional resulta inquietante<\/p>\n\n\n\n<p>El 28 % del total de la Capacidad de pr\u00e9stamo del Fondo Monetario Internacional est\u00e1 colocada en la rep\u00fablica argentina<\/p>\n\n\n\n<p>The Economist lo sintetiza as\u00ed:&nbsp;<em>Una crisis monetaria dejar\u00eda a Argentina sin capacidad para pagar su deuda,&nbsp;<u>una pesadilla para el FMI<\/u>. Cada vez que el fondo distribuye m\u00e1s efectivo, aumenta la dependencia del pa\u00eds de las ayudas y el riesgo para sus propias finanzas. Es mucho mejor darle al Sr. Milei mayor poder ahora, ya que pocos l\u00edderes se han esforzado tanto por sacar a Argentina de la contabilidad del FMI . Como ha admitido Kristalina Georgieva, directora ejecutiva del FMI , el Sr. Milei se lo ha ganado.<\/em><\/p>\n\n\n\n<p><em>&nbsp;<\/em>La pregunta que queda flotando es:<\/p>\n\n\n\n<p><em>\u00bfPuede un pr\u00f3ximo gobierno con una pol\u00edtica soberana en el pa\u00eds utilizar \u201cesa pesadilla\u201d para negociar acuerdos no extorsivos con el FMI?<\/em><\/p>\n","protected":false},"excerpt":{"rendered":"<p>Por Mario Rovere.\u00a0Publicado en Revista Soberan\u00eda Sanitaria Comentario editorial En un hipot\u00e9tico, aunque no tanto, juego de la guerra \u201creagrupar\u201d pareci\u00f3 ser el lema principal de la \u00faltima semana, luego que EE. UU. sacudiera el [&hellip;]<\/p>\n","protected":false},"author":2,"featured_media":2555,"comment_status":"closed","ping_status":"open","sticky":false,"template":"","format":"standard","meta":{"footnotes":""},"categories":[123],"tags":[],"class_list":["post-3083","post","type-post","status-publish","format-standard","has-post-thumbnail","hentry","category-salud-internacional"],"_links":{"self":[{"href":"https:\/\/campusff.ms.gba.gov.ar\/comunidaddea-ff\/wp-json\/wp\/v2\/posts\/3083","targetHints":{"allow":["GET"]}}],"collection":[{"href":"https:\/\/campusff.ms.gba.gov.ar\/comunidaddea-ff\/wp-json\/wp\/v2\/posts"}],"about":[{"href":"https:\/\/campusff.ms.gba.gov.ar\/comunidaddea-ff\/wp-json\/wp\/v2\/types\/post"}],"author":[{"embeddable":true,"href":"https:\/\/campusff.ms.gba.gov.ar\/comunidaddea-ff\/wp-json\/wp\/v2\/users\/2"}],"replies":[{"embeddable":true,"href":"https:\/\/campusff.ms.gba.gov.ar\/comunidaddea-ff\/wp-json\/wp\/v2\/comments?post=3083"}],"version-history":[{"count":1,"href":"https:\/\/campusff.ms.gba.gov.ar\/comunidaddea-ff\/wp-json\/wp\/v2\/posts\/3083\/revisions"}],"predecessor-version":[{"id":3084,"href":"https:\/\/campusff.ms.gba.gov.ar\/comunidaddea-ff\/wp-json\/wp\/v2\/posts\/3083\/revisions\/3084"}],"wp:featuredmedia":[{"embeddable":true,"href":"https:\/\/campusff.ms.gba.gov.ar\/comunidaddea-ff\/wp-json\/wp\/v2\/media\/2555"}],"wp:attachment":[{"href":"https:\/\/campusff.ms.gba.gov.ar\/comunidaddea-ff\/wp-json\/wp\/v2\/media?parent=3083"}],"wp:term":[{"taxonomy":"category","embeddable":true,"href":"https:\/\/campusff.ms.gba.gov.ar\/comunidaddea-ff\/wp-json\/wp\/v2\/categories?post=3083"},{"taxonomy":"post_tag","embeddable":true,"href":"https:\/\/campusff.ms.gba.gov.ar\/comunidaddea-ff\/wp-json\/wp\/v2\/tags?post=3083"}],"curies":[{"name":"wp","href":"https:\/\/api.w.org\/{rel}","templated":true}]}}