{"id":3081,"date":"2025-04-10T07:18:50","date_gmt":"2025-04-10T10:18:50","guid":{"rendered":"https:\/\/campusff.ms.gba.gov.ar\/comunidaddea-ff\/?p=3081"},"modified":"2025-04-21T07:21:56","modified_gmt":"2025-04-21T10:21:56","slug":"reporte-de-salud-internacional-ano-02-04","status":"publish","type":"post","link":"https:\/\/campusff.ms.gba.gov.ar\/comunidaddea-ff\/2025\/04\/10\/reporte-de-salud-internacional-ano-02-04\/","title":{"rendered":"Reporte de salud internacional A\u00f1o 02 #04"},"content":{"rendered":"\n<p><em>Por Mario Rovere.\u00a0<\/em><a href=\"https:\/\/revistasoberaniasanitaria.com.ar\/reporte-de-salud-internacional-a2-n4\/\" target=\"_blank\" rel=\"noreferrer noopener\">Publicado en Revista Soberan\u00eda Sanitaria<\/a><\/p>\n\n\n\n<p><strong>Comentario editorial<\/strong><\/p>\n\n\n\n<p>La conmoci\u00f3n que casi universalmente reflejan los medios de comunicaci\u00f3n expresa no solo un cambio geoecon\u00f3mico sino adem\u00e1s el cambio en las reglas de juego. Es como si el caprichoso due\u00f1o de la pelota no solo decidiera con quien quiere jugar, sino que adem\u00e1s cobrara por jugar e impusiera el cambiar las reglas de juego para su propio beneficio.<\/p>\n\n\n\n<p>John Atkinson Hobson (1902) atribu\u00eda a las tecnolog\u00edas y a la sobreproducci\u00f3n de bienes en los pa\u00edses centrales, combinado con la incapacidad de un mercado interno de absorberla, -salvo claro que se bajar\u00e1n los precios \u201ccatastr\u00f3ficamente\u201d-, las condiciones que alentaba a los empresarios de los pa\u00edses centrales a impulsar el imperialismo.&nbsp;<\/p>\n\n\n\n<p>Si se contin\u00faa el razonamiento sobre esta tesis la pregunta es cuales son hoy los pa\u00edses centrales. La respuesta ha dejado de ser obvia; y no se trata solo de verificar el intercambio entre pa\u00edses, las empresas transnacionalizadas ensamblan componentes de diversos pa\u00edses haciendo muy dif\u00edcil de trazar que pa\u00eds se beneficia con la compra\/venta de qu\u00e9; y esta caracter\u00edstica alcanza de lleno a la industria farmac\u00e9utica y de insumos y tecnolog\u00edas sanitarias. Para colmo se experimenta un ataque abierto y descalificador a la salud p\u00fablica, a sus instituciones y a los funcionarios t\u00e9cnico-pol\u00edticos que d\u00eda a d\u00eda la construyen.<\/p>\n\n\n\n<p>Oscar Oszlak se preguntaba en los 90\u2019s que pasaba si el Estado dejaba de querer proteger los derechos sociales y la respuesta parec\u00eda ser \u201chay que hacerle querer\u201d. Tal vez por eso progresivamente se levantan m\u00e1s movimientos sociales en defensa del derecho a la salud como los generados en Brasil desde la VIII Conferencia Nacional, en Espa\u00f1a con la Marea Blanca y progresivamente en Argentina desde la recuperaci\u00f3n de la democracia con el MOSIS, la experiencia Rosario en plena d\u00e9cada menemista, los 11 a\u00f1os consecutivos de Encuentros Nacionales de Salud, y la recuperaci\u00f3n de los COSAPROs Consejo de Salud Provincial. En ese cometido Soberan\u00eda Sanitaria y estos Reportes de Salud Internacional se suman a la invitaci\u00f3n al pr\u00f3ximo COSAPRO en Mar del Plata entre el 28 y el 30 de abril.<\/p>\n\n\n\n<p><\/p>\n\n\n\n<p><strong>Panorama internacional<\/strong><\/p>\n\n\n\n<h5 class=\"wp-block-heading\">\u00bfEl fin de la globalizaci\u00f3n? o el comienzo de otra<\/h5>\n\n\n\n<p>Los titulares posteriores al 2 de abril exploran toda la paleta de adjetivos que se le pueden brindar a un golpe traum\u00e1tico a la econom\u00eda mundial.<\/p>\n\n\n\n<p>\u201cTala salvaje\u201d, pavor, p\u00e1nico, recesi\u00f3n, \u201cd\u00eda negro\u201d, \u201cterremoto burs\u00e1til\u201d, \u201cguerra comercial global\u201d, \u201cd\u00eda de la ruina\u201d, \u201clos trillonarios de la tech al asalto de Washington\u201d, \u201cla China contraataca\u201d, \u201ctsunami tarifario\u201d; se pudo leer en las tapas de los medios europeos<\/p>\n\n\n\n<p>\u201cConfusi\u00f3n en los mercados\u201d, \u201cpeor que en el Covid\u201d, \u201ctemor de recesi\u00f3n\u201d, \u201cla carnicer\u00eda en los mercados empeora\u201d, \u201cacciones caen por segundo d\u00eda\u201d, \u201cBolsas en picada\u201d, \u201cel fin de 80 a\u00f1os de presencia en la econom\u00eda globalizada, editorializaron los medios norteamericanos.<\/p>\n\n\n\n<p>Las crisis econ\u00f3micas mundiales no han sido pocas, entre ellas la ic\u00f3nica crisis de 1929, aunque un rasgo com\u00fan es que siempre se refieren a alguna variable que se sali\u00f3 de control o alg\u00fan grave error en el proceso de acumulaci\u00f3n. No es f\u00e1cil encontrar una crisis econ\u00f3mica mundial intencionadamente provocada.<\/p>\n\n\n\n<p>resulta pertinente preguntarse si las barreras arancelarias erigidas por Estados Unidos resultan una muestra de fortaleza o una muestra de debilidad. La protecci\u00f3n del mercado interno aplicada por d\u00e9cadas por Brasil como pol\u00edtica de estado fue una de las caracter\u00edsticas m\u00e1s criticadas por el neoliberalismo y ahora es pol\u00edtica p\u00fablica de Donald Trump quien afirma que los aranceles \u201cson un arma maravillosa\u201d. Son otros los pa\u00edses que parecen poseer el excedente de producci\u00f3n que sus mercados internos -muchas veces intencionadamente deprimidos- no pueden absorber y que son exportados a precios que amenazan el mercado interno norteamericano. La ca\u00edda de las bolsas y una amenaza cierta de inflaci\u00f3n puede arrastrar al d\u00f3lar e impulsar a otros pa\u00edses a abandonar esa moneda como valor de cambio.<\/p>\n\n\n\n<h5 class=\"wp-block-heading\">China contesta<\/h5>\n\n\n\n<p><em>\u201cLa cooperaci\u00f3n abierta es la tendencia hist\u00f3rica, y el mundo no volver\u00e1, ni deber\u00eda volver, a un estado de cerraz\u00f3n y divisi\u00f3n mutua. El beneficio mutuo y los resultados beneficiosos para todos son la aspiraci\u00f3n de todos, mientras que la coerci\u00f3n econ\u00f3mica que enfrenta a las naciones entre s\u00ed est\u00e1 destinada a ser contraproducente. La comunidad global comparte la responsabilidad de guiar la globalizaci\u00f3n hacia una mayor apertura, inclusi\u00f3n, equidad y equilibrio\u201d.<\/em><\/p>\n\n\n\n<p><em>El desarrollo es un derecho universal de todas las naciones, no el privilegio de unos pocos. No hay ganadores en las guerras comerciales ni arancelarias, y el proteccionismo no ofrece salida. Todos los pa\u00edses deben defender un multilateralismo genuino, oponerse conjuntamente a todas las formas de unilateralismo y proteccionismo, salvaguardar el sistema internacional con las Naciones Unidas como eje central y proteger el marco comercial multilateral centrado en la OMC.<\/em><\/p>\n\n\n\n<p><em>Creemos que la gran mayor\u00eda de los pa\u00edses del mundo que valoran la equidad y la justicia se posicionar\u00e1n del lado correcto de la historia y tomar\u00e1n decisiones que beneficien sus propios intereses. \u00a1El mundo necesita justicia, no hegemon\u00eda!<\/em><\/p>\n\n\n\n<p><a href=\"https:\/\/www.globaltimes.cn\/page\/202504\/1331500.shtml\" target=\"_blank\" rel=\"noreferrer noopener\">Enlace a la nota<\/a><\/p>\n\n\n\n<p>La razonable pregunta sobre quien se encuentra hoy en el centro del ring en la hegemon\u00eda mundial es pertinente porque es un dato ineludible para que cada pa\u00eds organice su posici\u00f3n en el juego de una guerra comercial que no se juega con misiles, con tanques o con ca\u00f1ones, pero igualmente anuncia tener innumerables bajas.<\/p>\n\n\n\n<h3 class=\"wp-block-heading\">Salud Internacional<\/h3>\n\n\n\n<h5 class=\"wp-block-heading\">Advierte la OMS; las micosis tambi\u00e9n resisten<\/h5>\n\n\n\n<p>En la \u00faltima d\u00e9cada, solo cuatro nuevos medicamentos antimic\u00f3ticos han sido aprobados por las autoridades reguladoras de los Estados Unidos, la Uni\u00f3n Europea y China. Actualmente, nueve medicamentos antimic\u00f3ticos se encuentran en desarrollo cl\u00ednico para su uso contra los hongos m\u00e1s peligrosos para la salud, sin embargo, solo tres candidatos se encuentran en la fase 3, la etapa final del desarrollo cl\u00ednico, lo que significa que se esperan pocas aprobaciones durante la pr\u00f3xima d\u00e9cada. Veintid\u00f3s f\u00e1rmacos se encuentran en desarrollo precl\u00ednico, una cantidad insuficiente para alimentar una cartera de productos cl\u00ednicos, considerando las tasas de abandono, los riesgos y los desaf\u00edos asociados con las etapas iniciales del desarrollo.<\/p>\n\n\n\n<p>Los problemas con los tratamientos antimic\u00f3ticos actuales incluyen efectos secundarios graves, interacciones farmacol\u00f3gicas frecuentes, formas farmac\u00e9uticas limitadas y la necesidad de hospitalizaciones prolongadas. El informe destaca la urgente necesidad de medicamentos antimic\u00f3ticos m\u00e1s seguros, lo que posiblemente reducir\u00eda la necesidad de monitorizaci\u00f3n continua de medicamentos.<\/p>\n\n\n\n<p>Tambi\u00e9n se necesitan medicamentos antimic\u00f3ticos eficaces contra una amplia gama de infecciones graves causadas por pat\u00f3genos f\u00fangicos prioritarios. Los ni\u00f1os est\u00e1n particularmente desatendidos, con pocos ensayos cl\u00ednicos que exploren la dosificaci\u00f3n pedi\u00e1trica y formulaciones apropiadas para su edad.<\/p>\n\n\n\n<p>La OMS recomienda invertir en vigilancia mundial, ampliar los incentivos financieros para el descubrimiento y desarrollo de medicamentos, financiar la investigaci\u00f3n b\u00e1sica para ayudar a identificar objetivos nuevos y no explotados en hongos para medicamentos, e investigar tratamientos que funcionen mejorando la respuesta inmunitaria de los pacientes.<\/p>\n\n\n\n<p><a href=\"https:\/\/www.who.int\/news\/item\/01-04-2025-who-issues-its-first-ever-reports-on-tests-and-treatments-for-fungal-infections\" target=\"_blank\" rel=\"noreferrer noopener\">Enlace  a la nota<\/a><\/p>\n\n\n\n<h5 class=\"wp-block-heading\">Trastornos del espectro autista<\/h5>\n\n\n\n<p>El 2 de abril se promueve a nivel mundial la concientizaci\u00f3n sobre los trastornos del espectro autista (tea), una condici\u00f3n de salud que requiere mucho mayor atenci\u00f3n de las pol\u00edticas p\u00fablicas. Aun no se termina de dilucidar si su crecimiento es real o si en realidad se ha incrementado la capacidad diagn\u00f3stica, seg\u00fan la cual afecta en cada uno de los pa\u00edses a diferentes proporciones de la poblaci\u00f3n -no solo infantil- en valores nunca menores al 1%.<\/p>\n\n\n\n<p>Mas all\u00e1 de las herramientas de diagn\u00f3stico y de tratamiento muchos s\u00edntomas resultan menos significativos si se desarrolla empat\u00eda y comprensi\u00f3n en los diferentes \u00e1mbitos de socializaci\u00f3n tales como establecimientos escolares, clubes y \u00e1mbitos laborales.<\/p>\n\n\n\n<p>aunque parece afectar m\u00e1s a los varones, estudios recientes reducen la brecha de g\u00e9nero, aunque se detecta que los s\u00edntomas y las manifestaciones pueden ser diferentes.<\/p>\n\n\n\n<p>Conciencia social, escuelas inclusivas, sociedades inclusivas facilitan los caminos para minimizar los trastornos mientras se refinan los caminos para comprender y ayudar a todos y todas.<\/p>\n\n\n\n<p>Se trata de una problem\u00e1tica que convoca no solo especialistas, sino que adem\u00e1s desaf\u00eda la mirada social de la salud. Las recomendaciones de la sanidad espa\u00f1ola resultan elocuentes:<\/p>\n\n\n\n<ul class=\"wp-block-list\">\n<li>El reconocimiento de la variabilidad del espectro del autismo en todas las pol\u00edticas p\u00fablicas y la implementaci\u00f3n de medidas ajustadas a cada necesidad.<\/li>\n\n\n\n<li>La participaci\u00f3n de las personas autistas y sus familias en la toma de decisiones que les afectan, garantizando su voz y su representaci\u00f3n.<\/li>\n\n\n\n<li>El acceso a apoyos y servicios espec\u00edficos y especializados, flexibles, adaptados a cada etapa de la vida y a cada persona, con calidad y continuidad, sin importar su situaci\u00f3n socioecon\u00f3mica o lugar de residencia.<\/li>\n\n\n\n<li>El compromiso de las administraciones para asegurar la financiaci\u00f3n estable y suficiente de estos servicios, promoviendo su sostenibilidad y mejora continua.<\/li>\n\n\n\n<li>Hoy, y todos los d\u00edas, reafirmar nuestro compromiso para construir un mundo m\u00e1s accesible, justo y respetuoso con la diversidad del espectro del autismo.<\/li>\n<\/ul>\n\n\n\n<p><a href=\"https:\/\/diamundialautismo.com\/wp-content\/uploads\/2025\/03\/Manifiesto_DMCA2025.pdf\" target=\"_blank\" rel=\"noreferrer noopener\">Enlace  a la nota<\/a><\/p>\n\n\n\n<figure class=\"wp-block-image\"><img decoding=\"async\" src=\"https:\/\/revistasoberaniasanitaria.com.ar\/wp-content\/uploads\/2025\/02\/somos-infinitos-1024x722.jpg\" alt=\"\" class=\"wp-image-5496\"\/><\/figure>\n\n\n\n<h5 class=\"wp-block-heading\">Contra la epidemia de analg\u00e9sicos opioides<\/h5>\n\n\n\n<p>\u201cDurante a\u00f1os, los opioides fueron la principal opci\u00f3n para tratar el dolor moderado a intenso. Si bien pueden ser eficaces, la crisis de opioides ha demostrado que estos f\u00e1rmacos tambi\u00e9n pueden ser peligrosos. Si se toman, se corre el riesgo de sufrir efectos secundarios graves y adicci\u00f3n. Los profesionales de la salud y los investigadores han buscado formas m\u00e1s seguras de tratar el dolor. Hoy en d\u00eda, tiene m\u00e1s opciones que nunca para alivio el dolor y reducir los riesgos asociados con los opioides.<\/p>\n\n\n\n<p>\u00abEl futuro del tratamiento del dolor se est\u00e1 alejando de los opioides y avanzando hacia alternativas m\u00e1s seguras y efectivas\u00bb, las personas tienen acceso a un n\u00famero cada vez mayor de opciones.<\/p>\n\n\n\n<p>Hasta las m\u00e1s importantes proveedoras \u201cnon profit\u201d de salud se suma a un movimiento para desplazar en el tratamiento del dolor a los analg\u00e9sicos opioides que est\u00e1n generando una epidemia de suicidios y otros da\u00f1os en la salud en el mundo. La existencia de medicamentos no opioides, los posibles usos del cannabis medicinal, los tratamientos no farmacol\u00f3gicos como acupuntura, kinesiolog\u00eda, medicina integrativa parecen ser algunos de los caminos a explorar.<\/p>\n\n\n\n<p><a href=\"https:\/\/www.bannerhealth.com\/es\/healthcareblog\/better-me\/alternatives-to-opioids-for-pain-management\" target=\"_blank\" rel=\"noreferrer noopener\">Enlace  a la nota<\/a><\/p>\n\n\n\n<h5 class=\"wp-block-heading\">Eric Calcagno anuncia un libro: pandemias hubo muchas pero la reacci\u00f3n ante \u201cla Peste\u201d, las asemeja<\/h5>\n\n\n\n<p>Pr\u00f3ximamente descarga gratuita en&nbsp;<a href=\"https:\/\/ericcalcagno.com.ar\/\">https:\/\/ericcalcagno.com.ar<\/a><\/p>\n\n\n\n<p><em>Es como un libro de divulgaci\u00f3n cient\u00edfica, antropol\u00f3gica, pol\u00edtica, no creo que d\u00e9 para mucho m\u00e1s. Como decir \u00abcuidado, el asunto no es si va a haber otra pandemia o no, sino cu\u00e1ndo y c\u00f3mo, porque este sistema, este planeta no soporta ese sistema\u201d. Nosotros consideramos la pandemia de Covid como algo terrible cuando hay zonas end\u00e9micas, de pandemias. Una est\u00e1 en el norte de China, hay otras por la India, que son como reservorios pand\u00e9micos, donde viven los murci\u00e9lagos o los pangolines o cualquier animal dentro de un ecosistema pero al avanzar la explotaci\u00f3n econ\u00f3mica, la interacci\u00f3n con el foco infeccioso se da inmediatamente. En la peste de Marsella, el entonces primer ministro de Francia dijo \u00abnosotros oficialmente vamos a decir que no hay peste. Ahora, extraoficialmente la vamos a combatir con todo lo que tengamos. Porque oficialmente no tenemos que sembrar el p\u00e1nico, pero s\u00ed hay peste y vamos a mandar al ej\u00e9rcito\u00bb. Este mismo tipo fund\u00f3 escuelas para que se estudiara el tema de las pestes y c\u00f3mo funcionan y qu\u00e9 pasa. Cuando hay una respuesta pol\u00edtica, estamos en una pol\u00edtica del bien com\u00fan y cuando la soluci\u00f3n es individual, es un poco el cap\u00edtulo final de la sociedad de mercado.<\/em><\/p>\n\n\n\n<p><a href=\"https:\/\/www.tiempoar.com.ar\/ta_article\/eric-calcagno-pandemia-puede-ser-cualquier-enfermedad-pero-siempre-es-la-misma-peste\/\" target=\"_blank\" rel=\"noreferrer noopener\">Enlace  a la nota<\/a><\/p>\n\n\n\n<figure class=\"wp-block-image\"><img decoding=\"async\" src=\"https:\/\/revistasoberaniasanitaria.com.ar\/wp-content\/uploads\/2025\/02\/20250404-ERIC-CALCAGNO-PEDERO-PEREZ-15-1024x683.jpg\" alt=\"Foto: Pedro P\u00e9rez\" class=\"wp-image-5489\"\/><figcaption class=\"wp-element-caption\">Foto: Pedro P\u00e9rez.<\/figcaption><\/figure>\n\n\n\n<p><strong>Colaboraciones<\/strong><\/p>\n\n\n\n<h5 class=\"wp-block-heading\">Contribuci\u00f3n de Eduardo Espinoza: una maquinaria compleja e imposible desarmar<\/h5>\n\n\n\n<p>En un interesante y extenso art\u00edculo el periodista independiente Flynn Murphy analiza para el British Medical Journal las m\u00faltiples consecuencias de una medida arancelaria abrupta que podr\u00eda interrumpir el flujo mundial de insumos sanitarios y que paradojalmente tendr\u00eda al propio Estados Unidos como una de sus principales v\u00edctimas.<\/p>\n\n\n\n<p><em>La agresiva reconfiguraci\u00f3n de las relaciones comerciales estadounidenses por parte de Trump y su compromiso de producir todos los medicamentos esenciales&nbsp; y sus insumos en el pa\u00eds amenazan la estabilidad de las cadenas de suministro m\u00e9dico, que apenas se han recuperado de la pandemia de COVID-19. Adem\u00e1s, los aranceles que afectan tanto a los aliados tradicionales como a los rivales de Estados Unidos probablemente obstaculicen el progreso ya logrado en la reubicaci\u00f3n de algunas fuentes de abastecimiento de productos m\u00e9dicos desde China, el principal exportador, a otros pa\u00edses.<\/em><\/p>\n\n\n\n<p><em>La Asociaci\u00f3n Americana de Hospitales (AHA) afirm\u00f3 que los aranceles estadounidenses a China pondr\u00edan en peligro vidas y \u201cla disponibilidad de medicamentos vitales y dispositivos m\u00e9dicos esenciales\u201d; los medicamentos contra el c\u00e1ncer y cardiovasculares, los inmunosupresores y los antibi\u00f3ticos importados de China: \u201cPara muchos pacientes, incluso una interrupci\u00f3n temporal del acceso a estos medicamentos necesarios podr\u00eda ponerlos en riesgo significativo de sufrir da\u00f1os, incluida la muerte\u201d.<\/em><\/p>\n\n\n\n<p><em>La producci\u00f3n de productos farmac\u00e9uticos es compleja, incluso para los est\u00e1ndares del comercio internacional. Los ingredientes farmac\u00e9uticos activos (API) y otras materias primas fluyen desde minas y gigantescas plantas qu\u00edmicas especializadas, a menudo en China e India, y convergen en otros lugares para su formulaci\u00f3n y posterior envasado, a menudo viajando r\u00e1pidamente entre continentes mientras las compa\u00f1\u00edas farmac\u00e9uticas buscan una combinaci\u00f3n de mano de obra barata, econom\u00edas de escala e infraestructura confiable. La globalizaci\u00f3n ha convertido a pa\u00edses como China e India en potencias farmac\u00e9uticas y de API, afirma Diederik Stadig, economista de salud del banco de inversi\u00f3n ING. \u00abHa sido un proceso largo y dif\u00edcil de revertir\u00bb, a\u00f1adi\u00f3.<\/em><\/p>\n\n\n\n<p>Ninguno de los amplios aranceles anunciados por Trump incluye exenciones para los productos farmac\u00e9uticos y sus precursores qu\u00edmicos, lo que se aparta de las normas de la Organizaci\u00f3n Mundial del Comercio dise\u00f1adas para impedir que los medicamentos se utilicen como palanca en una guerra comercial.<\/p>\n\n\n\n<p><a href=\"https:\/\/www.bmj.com\/content\/389\/bmj.r648\" target=\"_blank\" rel=\"noreferrer noopener\">Enlace a la nota<\/a><\/p>\n\n\n\n<h4 class=\"wp-block-heading\">Interrogantes para el pr\u00f3ximo n\u00famero<\/h4>\n\n\n\n<p>Cecilia Calder\u00f3n nos propone las dos preguntas para la semana que se inicia:<\/p>\n\n\n\n<p>Si la Integraci\u00f3n regional como estrategia a la necesidad de defender la soberan\u00eda de nuestros pueblos y a trabajar conjuntamente por la independencia cultural y econ\u00f3mica, est\u00e1 sustentada en intereses y desaf\u00edos comunes que nos presentan los diferentes momentos hist\u00f3ricos,<\/p>\n\n\n\n<p><em>\u00bfno ser\u00eda v\u00e1lido en este contexto re\/pensar una Nueva Regi\u00f3n de integraci\u00f3n que pueda abarcar tanto los intereses hist\u00f3ricos como los que se presentan en esta nueva era?<\/em>&nbsp;:<\/p>\n\n\n\n<p>El nuevo rol en la nueva matriz econ\u00f3mica y tecnol\u00f3gica mundial, la cooperaci\u00f3n para el desarrollo sostenible el cuidado del medio ambiente y acciones para el cambio clim\u00e1tico, las nuevas pol\u00edticas de Salud internacional frente a posibles e inminentes epidemias mundiales.<\/p>\n\n\n\n<p><em>\u00bfEs suficiente en el mundo de hoy, con d\u00e9cadas de globalizaci\u00f3n encima y con el tipo de fronteras delineadas por las nuevas tecnolog\u00edas, pensar a la integraci\u00f3n solo en t\u00e9rminos latinoamericanos?<\/em><\/p>\n","protected":false},"excerpt":{"rendered":"<p>Por Mario Rovere.\u00a0Publicado en Revista Soberan\u00eda Sanitaria Comentario editorial La conmoci\u00f3n que casi universalmente reflejan los medios de comunicaci\u00f3n expresa no solo un cambio geoecon\u00f3mico sino adem\u00e1s el cambio en las reglas de juego. Es [&hellip;]<\/p>\n","protected":false},"author":2,"featured_media":2555,"comment_status":"closed","ping_status":"open","sticky":false,"template":"","format":"standard","meta":{"footnotes":""},"categories":[123],"tags":[],"class_list":["post-3081","post","type-post","status-publish","format-standard","has-post-thumbnail","hentry","category-salud-internacional"],"_links":{"self":[{"href":"https:\/\/campusff.ms.gba.gov.ar\/comunidaddea-ff\/wp-json\/wp\/v2\/posts\/3081","targetHints":{"allow":["GET"]}}],"collection":[{"href":"https:\/\/campusff.ms.gba.gov.ar\/comunidaddea-ff\/wp-json\/wp\/v2\/posts"}],"about":[{"href":"https:\/\/campusff.ms.gba.gov.ar\/comunidaddea-ff\/wp-json\/wp\/v2\/types\/post"}],"author":[{"embeddable":true,"href":"https:\/\/campusff.ms.gba.gov.ar\/comunidaddea-ff\/wp-json\/wp\/v2\/users\/2"}],"replies":[{"embeddable":true,"href":"https:\/\/campusff.ms.gba.gov.ar\/comunidaddea-ff\/wp-json\/wp\/v2\/comments?post=3081"}],"version-history":[{"count":1,"href":"https:\/\/campusff.ms.gba.gov.ar\/comunidaddea-ff\/wp-json\/wp\/v2\/posts\/3081\/revisions"}],"predecessor-version":[{"id":3082,"href":"https:\/\/campusff.ms.gba.gov.ar\/comunidaddea-ff\/wp-json\/wp\/v2\/posts\/3081\/revisions\/3082"}],"wp:featuredmedia":[{"embeddable":true,"href":"https:\/\/campusff.ms.gba.gov.ar\/comunidaddea-ff\/wp-json\/wp\/v2\/media\/2555"}],"wp:attachment":[{"href":"https:\/\/campusff.ms.gba.gov.ar\/comunidaddea-ff\/wp-json\/wp\/v2\/media?parent=3081"}],"wp:term":[{"taxonomy":"category","embeddable":true,"href":"https:\/\/campusff.ms.gba.gov.ar\/comunidaddea-ff\/wp-json\/wp\/v2\/categories?post=3081"},{"taxonomy":"post_tag","embeddable":true,"href":"https:\/\/campusff.ms.gba.gov.ar\/comunidaddea-ff\/wp-json\/wp\/v2\/tags?post=3081"}],"curies":[{"name":"wp","href":"https:\/\/api.w.org\/{rel}","templated":true}]}}