{"id":3079,"date":"2025-04-03T07:14:29","date_gmt":"2025-04-03T10:14:29","guid":{"rendered":"https:\/\/campusff.ms.gba.gov.ar\/comunidaddea-ff\/?p=3079"},"modified":"2025-04-21T07:18:14","modified_gmt":"2025-04-21T10:18:14","slug":"reporte-de-salud-internacional-ano-02-03","status":"publish","type":"post","link":"https:\/\/campusff.ms.gba.gov.ar\/comunidaddea-ff\/2025\/04\/03\/reporte-de-salud-internacional-ano-02-03\/","title":{"rendered":"Reporte de salud internacional A\u00f1o 02 #03"},"content":{"rendered":"\n<p><em>Por Mario Rovere.\u00a0<\/em><a href=\"https:\/\/revistasoberaniasanitaria.com.ar\/reporte-de-salud-internacional\/\" target=\"_blank\" rel=\"noreferrer noopener\">Publicado en Revista Soberan\u00eda Sanitaria<\/a><\/p>\n\n\n\n<p><strong>Comentario editorial<\/strong><\/p>\n\n\n\n<p><em>\u201cLa dependencia es una condici\u00f3n hist\u00f3rica que determina cierta estructura de la econom\u00eda mundial que favorece a algunos pa\u00edses en detrimento de otros y limita el crecimiento de aquellas econom\u00edas que resultan as\u00ed subordinadas\u201d&nbsp;<\/em>Raul prebisch &nbsp;<\/p>\n\n\n\n<p>En un sentido ir\u00f3nico James Petras trataba de explicar porque las teor\u00edas estructuralistas hab\u00edan declinado a pesar de que la evidencia emp\u00edrica en contrario brotaba por doquier.&nbsp;<em>\u201cLa dependencia se profundiz\u00f3 tanto que alcanz\u00f3 incluso a quienes reflexionaban sobre ella\u201d<\/em>, Una frase gen\u00e9rica pero que termin\u00f3 asociada al ex presidente de Brasil Fernando Enrique Cardozo quien al asumir pronunci\u00f3 su lamentable frase \u201cquemen mis libros\u201d. Sin embargo, fue la tapa de la revista TIME al asumir. el que lo reenvi\u00f3 a sus libros. \u201cEl desaf\u00edo del presidente Cardozo es saber c\u00f3mo gobernar un pa\u00eds en el que la propia Constituci\u00f3n Nacional es inflacionaria\u201d. &nbsp;<\/p>\n\n\n\n<p>La cancha estaba marcada. Si hace falta la econom\u00eda global demoler\u00e1 cualquier orden constitucional en su guerra contra los derechos sociales, que por definici\u00f3n son derechos prestaci\u00f3n, requieren recursos y desde una perspectiva neoliberal denostados por \u201cinflacionarios\u201d.<\/p>\n\n\n\n<p>Tal vez por ello las escuelas neo estructuralistas proponen una aut\u00e9ntica actualizaci\u00f3n del pensamiento latinoamericano del desarrollo, y una respuesta realista a un escenario complejo y contradictorio como el que exhibe el capitalismo bajo sus crisis y su actual reestructuraci\u00f3n.<\/p>\n\n\n\n<p>En ese cometido Soberan\u00eda Sanitaria y estos Reportes de Salud Internacional se suman a la invitaci\u00f3n al XVIII Congreso de Medicina Social ALAMES-CEBES Rio de Janeiro de 4 al 9 de agosto de este a\u00f1o.<\/p>\n\n\n\n<p><\/p>\n\n\n\n<p><strong>Panorama internacional<\/strong><\/p>\n\n\n\n<h5 class=\"wp-block-heading\">La Puerta de las L\u00e1grimas (Bab el Mandeb)<\/h5>\n\n\n\n<p>El estrecho de Mandeb de 35 km de ancho en el mar Rojo tiene una importancia similar a la del Canal de Suez. Casi todo el tr\u00e1fico mar\u00edtimo de contenedores entre Asia y Europa, a excepci\u00f3n de los superpetroleros que no pueden navegarlo, circula por all\u00ed. \u201ca tiro de ca\u00f1\u00f3n\u201d La situaci\u00f3n pol\u00edtica de Yemen se ha transformado en otro paso en falso de la administraci\u00f3n norteamericana. Por un lado, los Hut\u00edes que controlan el pa\u00eds y a quienes se adjudican m\u00faltiples actos de pirater\u00eda, hab\u00edan sido declarados terroristas en el primer gobierno de Donald Trump, clasificaci\u00f3n levantada por \u201crazones humanitarias\u201d por el gobierno de Joe Biden y vuelta a instalar por el actual gobierno, que esta semana bombarde\u00f3 las ciudades no portuarias de Sadah y Amran. La noticia tom\u00f3 mas relevancia porque incluy\u00f3 una amenaza abierta al gobierno de Ir\u00e1n para que deje de apoyar a los Hut\u00edes y sobre todo porque los planes de la operaci\u00f3n \u201csorpresiva\u201d se filtraron por error a un periodista de \u201cThe Atlantic\u201d Jefrey Goldberg, dos horas antes del ataque.<\/p>\n\n\n\n<p>La publicaci\u00f3n gener\u00f3 ataques furiosos contra el periodista y contra el medio pese a que se &nbsp;demoraron \u201c\u00e9ticamente\u201d en publicar (para no arruinar la \u201csorpresa\u201d) y no haber hecho nada para obtener una informaci\u00f3n que se volvi\u00f3 sensible porque adicionalmente puso en evidencia el desprecio del gobierno republicano con Europa y las posiciones contrapuestas dentro del gabinete: En esos intercambios el vicepresidente Vance \u201c<em>Se quej\u00f3 de que Europa podr\u00eda beneficiarse desproporcionadamente<\/em>&nbsp;[de liberar el tr\u00e1fico mar\u00edtimo en la zona].<em>&nbsp;Su disenso fue sorprendente no solo por el insulto a los aliados \u2014algo que se ha convertido en el lema de la diplomacia estadounidense\u2014, sino por sugerir que no se hab\u00edan meditado bien las cosas. \u00abNo estoy seguro de que el presidente sea consciente de lo incoherente que es esto con su mensaje sobre Europa en este momento\u00bb.<\/em><\/p>\n\n\n\n<p><a href=\"https:\/\/www.economist.com\/united-states\/2025\/03\/27\/the-cover-up-is-worse-than-the-group-chat\" target=\"_blank\" rel=\"noreferrer noopener\">Enlace a la nota<\/a><\/p>\n\n\n\n<h5 class=\"wp-block-heading\">Supremacismo por aqu\u00ed y por all\u00e1: \u201c\u00bfEstados Unidos se espeja en Sud\u00e1frica?\u201d<\/h5>\n\n\n\n<p>Otro episodio revelador de la semana lo constituy\u00f3 la expulsi\u00f3n del embajador de Sud\u00e1frica tras la victoria electoral de Trump. El veterano diplom\u00e1tico Ebrahim Rasool es un militante antiapartheid a quien a pesar de ya haberse desempe\u00f1ado all\u00ed como embajador (2010-2015) se le neg\u00f3 desde el principio, cualquier reuni\u00f3n con funcionarios de la administraci\u00f3n.<\/p>\n\n\n\n<p>Parece haber ocurrido a instancias de la influencia de Elon Musk, el hombre m\u00e1s rico del mundo, beneficiario y producto del apartheid sudafricano, quien se convirti\u00f3 en una de las figuras m\u00e1s poderosas de la administraci\u00f3n Trump, aunque no gan\u00f3 ninguna elecci\u00f3n.<\/p>\n\n\n\n<p>Concurrente con su posici\u00f3n supremacista Musk difund\u00eda en X, la teor\u00eda conspirativa defendida por AfriForum, un grupo de presi\u00f3n sudafricano de extrema derecha, supremacista blanco que lleva mucho tiempo difundiendo la narrativa de un \u201cgenocidio blanco\u201d: no un genocidio perpetrado por los colonos blancos contra los nativos colonizados, sino la que les tiene a ellos mismos como v\u00edctimas.<\/p>\n\n\n\n<p><em>\u201cTras semanas de constantes ataques a mi reputaci\u00f3n, me alegra estar aqu\u00ed en casa\u2026 donde vemos la humanidad en cada uno\u2026 incluso invitando a quienes nos despreciaron, nos desposeyeron y nos discriminaron a que se adhieran a los derechos humanos<\/em>\u201d, declar\u00f3 a sus partidarios a las afueras del aeropuerto de Ciudad del Cabo. \u201cUna bienvenida tan c\u00e1lida\u201d, a\u00f1adi\u00f3,&nbsp;<em>\u201caunque habr\u00eda sido mejor si hubiera regresado en tres o cuatro a\u00f1os, tras haber destruido con \u00e9xito\u2026 la mentira clara y evidente de la opresi\u00f3n afrik\u00e1ner\u2026 la cualificaci\u00f3n [que usan] los blancos para obtener el estatus de refugiados en Estados Unidos\u201d.<\/em><\/p>\n\n\n\n<p><a href=\"https:\/\/www.resumenlatinoamericano.org\/2025\/03\/26\/sudafrica-llevare-mi-condicion-de-persona-non-grata-como-una-insignia-de-dignidad-dijo-el-embajador-sudafricano-expulsado-por-ee-uu\/\" target=\"_blank\" rel=\"noreferrer noopener\">Enlace a la nota<\/a><\/p>\n\n\n\n<figure class=\"wp-block-image\" id=\"attachment_5241\"><img decoding=\"async\" src=\"http:\/\/revistasoberaniasanitaria.com.ar\/wp-content\/uploads\/2025\/01\/web-2_Mesa-de-trabajo-1-copia-scaled.jpg\" alt=\"\" class=\"wp-image-5241\"\/><figcaption class=\"wp-element-caption\">Trump (cr\u00e9ditos: Lauren Walker\/Truthout) y Ebrahim Rasool (cr\u00e9ditos: People Dispatch)<\/figcaption><\/figure>\n\n\n\n<h3 class=\"wp-block-heading\">Salud Internacional<\/h3>\n\n\n\n<h5 class=\"wp-block-heading\">Antivacunas: Desmantelar parece ser la tarea<\/h5>\n\n\n\n<p>El principal funcionario de vacunas de la Administraci\u00f3n de Alimentos y Medicamentos, el Dr. Peter Marks, renunci\u00f3 bajo presi\u00f3n el viernes y dijo que la postura agresiva del secretario de Salud, Robert F. Kennedy Jr., sobre las vacunas representaba un peligro para la poblaci\u00f3n.&nbsp;<em>\u201cHa quedado claro que el secretario no busca la verdad ni la transparencia, sino una confirmaci\u00f3n servil a su desinformaci\u00f3n y mentiras\u201d,&nbsp;<\/em>escribi\u00f3 el Dr. Marks a Sara Brenner, comisionada interina de la agencia. Reiter\u00f3 su opini\u00f3n en una entrevista<em>: \u201cA este hombre no le importa la verdad. Le importa decir lo que le permita tener adeptos\u201d.<\/em><\/p>\n\n\n\n<p>Marks dirigi\u00f3 el Centro de Evaluaci\u00f3n e Investigaci\u00f3n Biol\u00f3gica de la agencia, que autoriz\u00f3 y supervis\u00f3 la seguridad de las vacunas y una amplia gama de otros tratamientos, incluyendo terapias celulares y g\u00e9nicas. Muchos lo consideraban una persona firme durante la pandemia de COVID-19, pero hab\u00eda sido criticado por su \u201cexcesiva generosidad\u201d con las empresas que solicitaban la aprobaci\u00f3n de terapias con evidencia contradictoria de beneficios.<\/p>\n\n\n\n<p>\u201c<em>Socavar la confianza en vacunas bien establecidas que han cumplido con los altos est\u00e1ndares de calidad, seguridad y eficacia que han estado vigentes durante d\u00e9cadas en la FDA es irresponsable, perjudicial para la salud p\u00fablica y un claro peligro para la salud, la seguridad y la protecci\u00f3n de nuestra naci\u00f3n<\/em>\u201d, el Sr. Kennedy, est\u00e1 promoviendo el valor de la vitamina A como tratamiento durante el importante brote de sarampi\u00f3n en curso (en Texas, &nbsp;ya se superan los 400 casos) mientras minimiza el valor de las vacunas. Denunci\u00f3.<\/p>\n\n\n\n<p><a href=\"https:\/\/www.nytimes.com\/2025\/03\/28\/health\/fda-vaccines-rfk-jr-peter-marks.html\" target=\"_blank\" rel=\"noreferrer noopener\">Enlace a la nota<\/a><\/p>\n\n\n\n<h5 class=\"wp-block-heading\">Acuerdo para Futuras pandemias; \u201cNo era la soberan\u00eda, eran los intereses comerciales\u201d<\/h5>\n\n\n\n<p>Reinaldo Guimaraes vuelve a publicar sus imperdibles art\u00edculos sobre la industria farmac\u00e9utica en esta etapa del capitalismo financiero.<\/p>\n\n\n\n<p>Lo que hoy se conoce como Big Pharma es un proceso de ajuste pol\u00edtico, econ\u00f3mico, tecnol\u00f3gico y productivo de la industria farmac\u00e9utica ocurrido a partir de la d\u00e9cada de 1990, nacido en EE.UU. y exportado a otros grandes pa\u00edses productores de medicamentos situados en el hemisferio norte. Incluso empresas cuya sede est\u00e1 en otro pa\u00eds, pero que cotizan sus acciones en la Bolsa de Nueva York.<\/p>\n\n\n\n<p>Un momento relevante de su art\u00edculo muestra que no son los pa\u00edses quienes dudan de los organismos internacionales, sino las empresas del complejo m\u00e9dico industrial quienes rechazan cualquier intento de regulaci\u00f3n internacional.<\/p>\n\n\n\n<p><em>\u201cUna expresi\u00f3n actual de este poder es la discusi\u00f3n de un Acuerdo Global sobre Pandemias, casi totalmente paralizada por la resistencia de las grandes farmac\u00e9uticas a temas relacionados con la propiedad intelectual y el intercambio de informaci\u00f3n y muestras de pat\u00f3genos. Otro tema muy actual es la duda sobre la participaci\u00f3n de los CDC en el foro t\u00e9cnico internacional que anualmente discute la elecci\u00f3n de qu\u00e9 cepas del virus deben incluirse en la vacuna contra la gripe estacional. Esta decisi\u00f3n es compartida por la OMS para todos los pa\u00edses que fabrican la vacuna. Estas acciones de Trump con los CDC han generado temores en todo el mundo sobre el impacto que podr\u00edan tener, particularmente en los pa\u00edses de bajos ingresos del Sur Global<\/em>.<\/p>\n\n\n\n<p>Trump, a su vez, advirti\u00f3 que aplicar\u00e1 mayores aranceles a las importaciones a menos que las empresas retornen sus unidades productivas a EE.UU., luego de dos d\u00e9cadas de inversiones en el exterior, primero en India y luego en China, realizadas en busca de mano de obra m\u00e1s barata y beneficios fiscales.<\/p>\n\n\n\n<p><a href=\"https:\/\/outraspalavras.net\/outrasaude\/big-pharma-trump-enfrentara-a-china\/\" target=\"_blank\" rel=\"noreferrer noopener\">Enlace a la nota<\/a><\/p>\n\n\n\n<h5 class=\"wp-block-heading\">Contundente apelaci\u00f3n del Director de la OMS:\u201cno escupir para arriba\u201d<\/h5>\n\n\n\n<p><em>\u201cLa Administraci\u00f3n estadounidense est\u00e1 en su derecho de decidir los programas que apoya o no, pero tiene una responsabilidad a la hora de garantizar que cuando retira sus fondos lo hace de forma ordenada y humana\u201d,<\/em><\/p>\n\n\n\n<p>Millones de vidas est\u00e1n en peligro por los recortes de EE.UU. advirti\u00f3 enumerando.<\/p>\n\n\n\n<ul class=\"wp-block-list\">\n<li>Malaria, \u201csi contin\u00faan las interrupciones, se podr\u00edan sufrir 15 millones de casos adicionales al a\u00f1o y 107 mil muertes, lo que supondr\u00eda perder 15 a\u00f1os de progresos\u201d,<\/li>\n\n\n\n<li>VIH\/sida, \u201cpodr\u00eda haber tres millones de muertes relacionales m\u00e1s, el triple de las registradas el pasado a\u00f1o\u201d, regresando a n\u00fameros de hace unas dos d\u00e9cadas<\/li>\n\n\n\n<li>Tuberculosis, 27 pa\u00edses de \u00c1frica est\u00e1n sufriendo colapsos en sus sistemas de respuesta, con problemas de personal y suministro de tratamientos y tests.<\/li>\n\n\n\n<li>Redes de vacunaci\u00f3n contra enfermedades como el sarampi\u00f3n, la polio o la rubeola en muchos pa\u00edses en desarrollo est\u00e1n ya sufriendo los efectos, Una red de m\u00e1s de 700 laboratorios para la inmunizaci\u00f3n global de estas enfermedades estaba completamente financiada por Estados Unidos<\/li>\n<\/ul>\n\n\n\n<p>Mientras el retiro de aportes le obliga a establecer un recorte de hasta el 20 % de la capacidad operativa de la propia Organizaci\u00f3n Tedros Ghebreyesus llam\u00f3 la atenci\u00f3n tambi\u00e9n sobre las dificultades actuales de supervisar la amenaza mundial de la gripe aviar, una de las enfermedades con mayor potencial pand\u00e9mico, despu\u00e9s de que Estados Unidos reportara el a\u00f1o pasado los primeros casos de contagios entre ganado vacuno y humanos, en varias granjas de ese pa\u00eds.<\/p>\n\n\n\n<p>Alert\u00f3 de que m\u00e1s de 2 mil 600 instalaciones sanitarias en una docena de crisis humanitarias han tenido que suspender ya sus servicios total o parcialmente, o est\u00e1n en peligro de hacerlo, a causa de la crisis que la salud global enfrenta por el retiro de EE.UU., uno de los principales contribuyentes a la OMS y sus programas durante d\u00e9cadas.<\/p>\n\n\n\n<p>Culmin\u00f3 con una sutil, pero clara advertencia: \u201cPedimos que reconsidere sus decisiones, porque su apoyo a la salud global no solo salva vidas en el mundo, sino que tambi\u00e9n hace m\u00e1s seguros a los propios Estados Unidos\u201d, afirm\u00f3.<\/p>\n\n\n\n<p><a href=\"https:\/\/laparadoja.com.mx\/2025\/03\/oms-millones-de-vidas-estan-en-peligro-por-recortes-de-ee-uu-a-programas-de-salud-global\" target=\"_blank\" rel=\"noreferrer noopener\">Enlace a la nota<\/a><\/p>\n\n\n\n<h5 class=\"wp-block-heading\">descolonizar la salud global \u2018deseable, pero \u00bfposible?<\/h5>\n\n\n\n<p>El art\u00edculo (2022) \u201cDescolonizar la salud global: \u00bfcu\u00e1l debe ser el objetivo de este movimiento y hacia d\u00f3nde nos conduce?\u201d (original en ingl\u00e9s) aporta pistas relevantes<\/p>\n\n\n\n<p><em>La investigaci\u00f3n y la pr\u00e1ctica de la salud global deben ir de la mano con el desarrollo socioecon\u00f3mico de todas las naciones. La salud, como uno de los derechos humanos fundamentales, no puede subsistir sin una sociedad pac\u00edfica y pr\u00f3spera. Una sociedad donde las personas tienen que pagar por la mayor parte de sus productos esenciales para la vida, fabricados por fabricantes extranjeros y vendidos en tiendas extranjeras, no tendr\u00eda suficientes ingresos fiscales para cubrir sus propias necesidades de salud y tendr\u00eda que negociar con los donantes cu\u00e1les son las verdaderas prioridades de salud de su pa\u00eds. Una sociedad que no proporcione suficientes empleos bien remunerados a los profesionales de la salud perder\u00e1 a sus mejores talentos y tendr\u00e1 que trabajar con expertos pagados por los donantes para convencerlos de cu\u00e1les deber\u00edan ser las verdaderas prioridades de salud de su pa\u00eds. El desarrollo econ\u00f3mico debe darse para que la salud global no se convierta en una infusi\u00f3n de sangre temporal en un cuerpo con una hemorragia interna cr\u00f3nica.<\/em><\/p>\n\n\n\n<p><a href=\"https:\/\/link.springer.com\/article\/10.1186\/s41256-022-00237-3\" target=\"_blank\" rel=\"noreferrer noopener\">Enlace a la nota<\/a><\/p>\n\n\n\n<p><\/p>\n\n\n\n<p><strong>Colaboraciones<\/strong><\/p>\n\n\n\n<h5 class=\"wp-block-heading\">Contribuci\u00f3n de Adri\u00e1n Dubinsky La fetichizaci\u00f3n del neocolonialismo y un ensayo de respuesta<\/h5>\n\n\n\n<p>Una de las principales herramientas que utiliza el neocolonialismo, fetichizado tras la tecnolog\u00eda y la \u201clibertad absoluta\u201d, radica en hacernos creer que el colonialismo ya no existe. Sin embargo, la existencia de nuevas relaciones coloniales entre centro y periferia, ya no se dan solo entre naciones, sino al interior de los propios pa\u00edses, como si el colonialismo ya no actuase a trav\u00e9s de desplazamientos geogr\u00e1ficos, sino en dos planos, al menos diferentes: uno interclase al interior de los pa\u00edses, introyectando la \u201clibertad absoluta\u201d y la falta de regulaci\u00f3n y de existencia del Estado como un estado natural de las cosas -movilizado por las derechas y extremas derechas vern\u00e1culas-, y el otro en su fase m\u00e1s tradicional, que implica apropiarse de los recursos de los pa\u00edses que los tienen -por medio de las naciones que, por ahora, les conviene mantener a las \u00e9lites milmillonarias-.<\/p>\n\n\n\n<p>Ante esta avanzada letal del neocolonialismo y de la injerencia inapelable de las redes y la avanzada inexorable de la Inteligencia artificial, sumado al reemplazo de los humanos en las tareas cotidianas, solo una respuesta en el terreno de las ideas y un abroquelamiento anclado en la moral y en los valores human\u00edsticos pareciera ser la respuesta ante tama\u00f1a distop\u00eda en tiempo real.<\/p>\n\n\n\n<h5 class=\"wp-block-heading\">Contribuci\u00f3n de Rodolfo Kaufmann: Desaf\u00edos para una salud decolonial<\/h5>\n\n\n\n<p>La decolonialidad en salud no es garantizar una mayor diversidad nacional, racial, cultural y de conocimientos dentro de las estructuras de la salud global. Es una convocatoria a la capacidad de producir enfoques no estandarizados, afrontar desaf\u00edos pol\u00edticos y asignar recursos econ\u00f3micos desafiantes de las relaciones sociales existentes cumpliendo un rol social activo y responsable tanto para despejar cegueras que liberen las fuerzas que discutan igualdad y el derecho a la salud<\/p>\n\n\n\n<p>Salud global son las organizaciones multilaterales y los donantes privados que reemplazaron a la OMS como responsables clave de la toma de decisiones en la definici\u00f3n de las prioridades sanitarias, geogr\u00e1ficas y la distribuci\u00f3n de los fondos. Frecuentemente, envuelto como fantasma epist\u00e9mico y con apariencia decolonial, desarrollan proyectos que promueven integrar teor\u00edas, an\u00e1lisis y pr\u00e1cticas para organizar espacios de formaci\u00f3n e investigaci\u00f3n . En respuesta, la colonialidad tambi\u00e9n es capturada y deber\u00eda alejarse de los discursos acad\u00e9micos universales abstractos para arraigar en una l\u00f3gica situada fluyendo entre diferentes racionalidades y vivencialidades que permeen capilarmente las subjetividades, las pr\u00e1cticas laborales y la din\u00e1mica de una salud-enfermedad en transformaci\u00f3n.<\/p>\n\n\n\n<h4 class=\"wp-block-heading\">Interrogantes para el pr\u00f3ximo n\u00famero<\/h4>\n\n\n\n<p>El propio Kaufmann nos propone para esta semana sus interrogantes:<\/p>\n\n\n\n<p>Entonces si entendemos que el colonialismo hist\u00f3rico denota la pr\u00e1ctica de dominaci\u00f3n sobre un pueblo y su cultura y la apropiaci\u00f3n de su riqueza, trabajo y ambiente y la decolonialidad la b\u00fasqueda de ideas, teor\u00edas y acciones alternativas \u2026.<\/p>\n\n\n\n<p>\u00bfDe qu\u00e9 manera podemos construir un programa pol\u00edtico-sanitario decolonial?<\/p>\n\n\n\n<p>\u00bfQui\u00e9nes ser\u00edan los actores o grupos que dar\u00edan sustancia a ese programa?<\/p>\n\n\n\n<p>\u00bfComo desarrollar el enfoque decolonial en la educaci\u00f3n y la salud que confronte con la ret\u00f3rica academicista?<\/p>\n","protected":false},"excerpt":{"rendered":"<p>Por Mario Rovere.\u00a0Publicado en Revista Soberan\u00eda Sanitaria Comentario editorial \u201cLa dependencia es una condici\u00f3n hist\u00f3rica que determina cierta estructura de la econom\u00eda mundial que favorece a algunos pa\u00edses en detrimento de otros y limita el [&hellip;]<\/p>\n","protected":false},"author":2,"featured_media":2555,"comment_status":"closed","ping_status":"open","sticky":false,"template":"","format":"standard","meta":{"footnotes":""},"categories":[123],"tags":[],"class_list":["post-3079","post","type-post","status-publish","format-standard","has-post-thumbnail","hentry","category-salud-internacional"],"_links":{"self":[{"href":"https:\/\/campusff.ms.gba.gov.ar\/comunidaddea-ff\/wp-json\/wp\/v2\/posts\/3079","targetHints":{"allow":["GET"]}}],"collection":[{"href":"https:\/\/campusff.ms.gba.gov.ar\/comunidaddea-ff\/wp-json\/wp\/v2\/posts"}],"about":[{"href":"https:\/\/campusff.ms.gba.gov.ar\/comunidaddea-ff\/wp-json\/wp\/v2\/types\/post"}],"author":[{"embeddable":true,"href":"https:\/\/campusff.ms.gba.gov.ar\/comunidaddea-ff\/wp-json\/wp\/v2\/users\/2"}],"replies":[{"embeddable":true,"href":"https:\/\/campusff.ms.gba.gov.ar\/comunidaddea-ff\/wp-json\/wp\/v2\/comments?post=3079"}],"version-history":[{"count":1,"href":"https:\/\/campusff.ms.gba.gov.ar\/comunidaddea-ff\/wp-json\/wp\/v2\/posts\/3079\/revisions"}],"predecessor-version":[{"id":3080,"href":"https:\/\/campusff.ms.gba.gov.ar\/comunidaddea-ff\/wp-json\/wp\/v2\/posts\/3079\/revisions\/3080"}],"wp:featuredmedia":[{"embeddable":true,"href":"https:\/\/campusff.ms.gba.gov.ar\/comunidaddea-ff\/wp-json\/wp\/v2\/media\/2555"}],"wp:attachment":[{"href":"https:\/\/campusff.ms.gba.gov.ar\/comunidaddea-ff\/wp-json\/wp\/v2\/media?parent=3079"}],"wp:term":[{"taxonomy":"category","embeddable":true,"href":"https:\/\/campusff.ms.gba.gov.ar\/comunidaddea-ff\/wp-json\/wp\/v2\/categories?post=3079"},{"taxonomy":"post_tag","embeddable":true,"href":"https:\/\/campusff.ms.gba.gov.ar\/comunidaddea-ff\/wp-json\/wp\/v2\/tags?post=3079"}],"curies":[{"name":"wp","href":"https:\/\/api.w.org\/{rel}","templated":true}]}}