{"id":3060,"date":"2025-04-09T10:05:07","date_gmt":"2025-04-09T13:05:07","guid":{"rendered":"https:\/\/campusff.ms.gba.gov.ar\/comunidaddea-ff\/?p=3060"},"modified":"2025-04-09T10:06:27","modified_gmt":"2025-04-09T13:06:27","slug":"bibliografia-obligatoria-08-04-2025","status":"publish","type":"post","link":"https:\/\/campusff.ms.gba.gov.ar\/comunidaddea-ff\/2025\/04\/09\/bibliografia-obligatoria-08-04-2025\/","title":{"rendered":"Bibliograf\u00eda Obligatoria &#8211; 08\/04\/2025"},"content":{"rendered":"\n<p><em>Primera emisi\u00f3n del a\u00f1o 2025 de Bibliograf\u00eda Obligatoria &#8211; 08\/04\/2025<\/em><\/p>\n\n\n\n<p>Entrevistamos a Emilio Crenzel, soci\u00f3logo y doctor en Ciencias Sociales por la Universidad de Buenos Aires (UBA). Investigador principal del Conicet y profesor. Autor de libros como El Tucumanazo, Memorias enfrentadas, El voto a Bussi en Tucum\u00e1n, La historia pol\u00edtica del Nunca M\u00e1s y, La memoria de las desapariciones en la Argentina, que ha sido traducido al ingl\u00e9s, franc\u00e9s, italiano y portugu\u00e9s.<br>En esta oportunidad, charlamos con Crenzel sobre su \u00faltimo libro Pensar los 30.000: Qu\u00e9 sab\u00edamos sobre los desaparecidos durante la dictadura y qu\u00e9 ignoramos todav\u00eda, publicado en el mes de marzo de este a\u00f1o por Siglo XXI Editores.<\/p>\n\n\n\n<iframe src=\"https:\/\/www.ivoox.com\/player_ej_144753103_6_1.html?c1=109eb8\" width=\"100%\" height=\"200\" frameborder=\"0\" allowfullscreen=\"\" scrolling=\"no\" loading=\"lazy\"><\/iframe>\n\n\n\n<p>En el segundo bloque compartimos una charla con Mar\u00eda Isabel Fraire y Flavio Sorbellini junto a Fernando D\u00edaz, integrantes del programa \u201cLiteratura en voz alta\u201d, que emite FM Quimivil (Londres &#8211; Catamarca), sobre su radioteatro de ocho cap\u00edtulos Colgado de los tobillos, la historia del Gauchito Gil, adaptaci\u00f3n del libro hom\u00f3nimo del escritor entrerriano, Orlando&nbsp;Van&nbsp;Bredam.<\/p>\n\n\n\n<p><strong>Datos del programa:<\/strong><\/p>\n\n\n\n<p>Martes de 11 a 12 horas<br>Conducci\u00f3n y producci\u00f3n: Andrea L\u00e1zaro<br>Operaci\u00f3n, edici\u00f3n y art\u00edsticas: Guadalupe Villalonga<\/p>\n\n\n\n<p><\/p>\n","protected":false},"excerpt":{"rendered":"<p>Primera emisi\u00f3n del a\u00f1o 2025 de Bibliograf\u00eda Obligatoria &#8211; 08\/04\/2025 Entrevistamos a Emilio Crenzel, soci\u00f3logo y doctor en Ciencias Sociales por la Universidad de Buenos Aires (UBA). Investigador principal del Conicet y profesor. Autor de [&hellip;]<\/p>\n","protected":false},"author":4,"featured_media":2584,"comment_status":"closed","ping_status":"open","sticky":false,"template":"","format":"standard","meta":{"footnotes":""},"categories":[130],"tags":[160,127],"class_list":["post-3060","post","type-post","status-publish","format-standard","has-post-thumbnail","hentry","category-radio","tag-bibliografia-obligatoria","tag-radio"],"_links":{"self":[{"href":"https:\/\/campusff.ms.gba.gov.ar\/comunidaddea-ff\/wp-json\/wp\/v2\/posts\/3060","targetHints":{"allow":["GET"]}}],"collection":[{"href":"https:\/\/campusff.ms.gba.gov.ar\/comunidaddea-ff\/wp-json\/wp\/v2\/posts"}],"about":[{"href":"https:\/\/campusff.ms.gba.gov.ar\/comunidaddea-ff\/wp-json\/wp\/v2\/types\/post"}],"author":[{"embeddable":true,"href":"https:\/\/campusff.ms.gba.gov.ar\/comunidaddea-ff\/wp-json\/wp\/v2\/users\/4"}],"replies":[{"embeddable":true,"href":"https:\/\/campusff.ms.gba.gov.ar\/comunidaddea-ff\/wp-json\/wp\/v2\/comments?post=3060"}],"version-history":[{"count":1,"href":"https:\/\/campusff.ms.gba.gov.ar\/comunidaddea-ff\/wp-json\/wp\/v2\/posts\/3060\/revisions"}],"predecessor-version":[{"id":3061,"href":"https:\/\/campusff.ms.gba.gov.ar\/comunidaddea-ff\/wp-json\/wp\/v2\/posts\/3060\/revisions\/3061"}],"wp:featuredmedia":[{"embeddable":true,"href":"https:\/\/campusff.ms.gba.gov.ar\/comunidaddea-ff\/wp-json\/wp\/v2\/media\/2584"}],"wp:attachment":[{"href":"https:\/\/campusff.ms.gba.gov.ar\/comunidaddea-ff\/wp-json\/wp\/v2\/media?parent=3060"}],"wp:term":[{"taxonomy":"category","embeddable":true,"href":"https:\/\/campusff.ms.gba.gov.ar\/comunidaddea-ff\/wp-json\/wp\/v2\/categories?post=3060"},{"taxonomy":"post_tag","embeddable":true,"href":"https:\/\/campusff.ms.gba.gov.ar\/comunidaddea-ff\/wp-json\/wp\/v2\/tags?post=3060"}],"curies":[{"name":"wp","href":"https:\/\/api.w.org\/{rel}","templated":true}]}}