{"id":3036,"date":"2025-04-02T10:05:10","date_gmt":"2025-04-02T13:05:10","guid":{"rendered":"https:\/\/campusff.ms.gba.gov.ar\/comunidaddea-ff\/?p=3036"},"modified":"2025-04-02T10:50:52","modified_gmt":"2025-04-02T13:50:52","slug":"especial-malvinas","status":"publish","type":"post","link":"https:\/\/campusff.ms.gba.gov.ar\/comunidaddea-ff\/2025\/04\/02\/especial-malvinas\/","title":{"rendered":"Especial Malvinas &#8211; D\u00eda del veterano y de los ca\u00eddos en la guerra de Malvinas"},"content":{"rendered":"\n<p>Especial Malvinas &#8211; 02\/04\/2025 <strong>D\u00eda del veterano y de los ca\u00eddos en la guerra de Malvinas<\/strong><\/p>\n\n\n\n<p><br>Producci\u00f3n especial por Radio Floreal, en la voz Sim\u00f3n Ramos, en la producci\u00f3n Anaclara Herce y en operaci\u00f3n t\u00e9cnica &#8211; edici\u00f3n Alessia Dinamarca.<\/p>\n\n\n\n<iframe src=\"https:\/\/www.ivoox.com\/player_ej_144334549_6_1.html?c1=109eb8\" width=\"100%\" height=\"200\" frameborder=\"0\" allowfullscreen=\"\" scrolling=\"no\" loading=\"lazy\"><\/iframe>\n\n\n\n<p><\/p>\n","protected":false},"excerpt":{"rendered":"<p>Especial Malvinas &#8211; 02\/04\/2025 D\u00eda del veterano y de los ca\u00eddos en la guerra de Malvinas Producci\u00f3n especial por Radio Floreal, en la voz Sim\u00f3n Ramos, en la producci\u00f3n Anaclara Herce y en operaci\u00f3n t\u00e9cnica [&hellip;]<\/p>\n","protected":false},"author":4,"featured_media":3044,"comment_status":"closed","ping_status":"open","sticky":false,"template":"","format":"standard","meta":{"footnotes":""},"categories":[130],"tags":[157,159,158],"class_list":["post-3036","post","type-post","status-publish","format-standard","has-post-thumbnail","hentry","category-radio","tag-especial-radio-floreal","tag-especiales","tag-malvinas"],"_links":{"self":[{"href":"https:\/\/campusff.ms.gba.gov.ar\/comunidaddea-ff\/wp-json\/wp\/v2\/posts\/3036","targetHints":{"allow":["GET"]}}],"collection":[{"href":"https:\/\/campusff.ms.gba.gov.ar\/comunidaddea-ff\/wp-json\/wp\/v2\/posts"}],"about":[{"href":"https:\/\/campusff.ms.gba.gov.ar\/comunidaddea-ff\/wp-json\/wp\/v2\/types\/post"}],"author":[{"embeddable":true,"href":"https:\/\/campusff.ms.gba.gov.ar\/comunidaddea-ff\/wp-json\/wp\/v2\/users\/4"}],"replies":[{"embeddable":true,"href":"https:\/\/campusff.ms.gba.gov.ar\/comunidaddea-ff\/wp-json\/wp\/v2\/comments?post=3036"}],"version-history":[{"count":6,"href":"https:\/\/campusff.ms.gba.gov.ar\/comunidaddea-ff\/wp-json\/wp\/v2\/posts\/3036\/revisions"}],"predecessor-version":[{"id":3054,"href":"https:\/\/campusff.ms.gba.gov.ar\/comunidaddea-ff\/wp-json\/wp\/v2\/posts\/3036\/revisions\/3054"}],"wp:featuredmedia":[{"embeddable":true,"href":"https:\/\/campusff.ms.gba.gov.ar\/comunidaddea-ff\/wp-json\/wp\/v2\/media\/3044"}],"wp:attachment":[{"href":"https:\/\/campusff.ms.gba.gov.ar\/comunidaddea-ff\/wp-json\/wp\/v2\/media?parent=3036"}],"wp:term":[{"taxonomy":"category","embeddable":true,"href":"https:\/\/campusff.ms.gba.gov.ar\/comunidaddea-ff\/wp-json\/wp\/v2\/categories?post=3036"},{"taxonomy":"post_tag","embeddable":true,"href":"https:\/\/campusff.ms.gba.gov.ar\/comunidaddea-ff\/wp-json\/wp\/v2\/tags?post=3036"}],"curies":[{"name":"wp","href":"https:\/\/api.w.org\/{rel}","templated":true}]}}