{"id":3025,"date":"2025-04-01T19:47:14","date_gmt":"2025-04-01T22:47:14","guid":{"rendered":"https:\/\/campusff.ms.gba.gov.ar\/comunidaddea-ff\/?p=3025"},"modified":"2025-04-01T20:05:18","modified_gmt":"2025-04-01T23:05:18","slug":"el-baul-de-avicena-programa-49-28-03-2025","status":"publish","type":"post","link":"https:\/\/campusff.ms.gba.gov.ar\/comunidaddea-ff\/2025\/04\/01\/el-baul-de-avicena-programa-49-28-03-2025\/","title":{"rendered":"El ba\u00fal de Avicena \u2013 Programa 50 (28\/03\/2025)"},"content":{"rendered":"\n<p>El ba\u00fal de Avicena \u2013 Programa 50 (28\/03\/2025). En este programa El Ba\u00fal de Avicena entrevist\u00f3 a la Dra Alejandra Golcman sobre la historia y vivencia del mundo &#8220;PSI&#8221; en torno a la \u00faltima dictadura militar.<\/p>\n\n\n\n<iframe src=\"https:\/\/www.ivoox.com\/player_ej_144196502_6_1.html?c1=109eb8\" width=\"100%\" height=\"200\" frameborder=\"0\" allowfullscreen=\"\" scrolling=\"no\" loading=\"lazy\"><\/iframe>\n\n\n\n<p><\/p>\n","protected":false},"excerpt":{"rendered":"<p>El ba\u00fal de Avicena \u2013 Programa 50 (28\/03\/2025). En este programa El Ba\u00fal de Avicena entrevist\u00f3 a la Dra Alejandra Golcman sobre la historia y vivencia del mundo &#8220;PSI&#8221; en torno a la \u00faltima dictadura [&hellip;]<\/p>\n","protected":false},"author":4,"featured_media":2584,"comment_status":"closed","ping_status":"open","sticky":false,"template":"","format":"standard","meta":{"footnotes":""},"categories":[130],"tags":[139],"class_list":["post-3025","post","type-post","status-publish","format-standard","has-post-thumbnail","hentry","category-radio","tag-el-baul-de-avicena"],"_links":{"self":[{"href":"https:\/\/campusff.ms.gba.gov.ar\/comunidaddea-ff\/wp-json\/wp\/v2\/posts\/3025","targetHints":{"allow":["GET"]}}],"collection":[{"href":"https:\/\/campusff.ms.gba.gov.ar\/comunidaddea-ff\/wp-json\/wp\/v2\/posts"}],"about":[{"href":"https:\/\/campusff.ms.gba.gov.ar\/comunidaddea-ff\/wp-json\/wp\/v2\/types\/post"}],"author":[{"embeddable":true,"href":"https:\/\/campusff.ms.gba.gov.ar\/comunidaddea-ff\/wp-json\/wp\/v2\/users\/4"}],"replies":[{"embeddable":true,"href":"https:\/\/campusff.ms.gba.gov.ar\/comunidaddea-ff\/wp-json\/wp\/v2\/comments?post=3025"}],"version-history":[{"count":3,"href":"https:\/\/campusff.ms.gba.gov.ar\/comunidaddea-ff\/wp-json\/wp\/v2\/posts\/3025\/revisions"}],"predecessor-version":[{"id":3032,"href":"https:\/\/campusff.ms.gba.gov.ar\/comunidaddea-ff\/wp-json\/wp\/v2\/posts\/3025\/revisions\/3032"}],"wp:featuredmedia":[{"embeddable":true,"href":"https:\/\/campusff.ms.gba.gov.ar\/comunidaddea-ff\/wp-json\/wp\/v2\/media\/2584"}],"wp:attachment":[{"href":"https:\/\/campusff.ms.gba.gov.ar\/comunidaddea-ff\/wp-json\/wp\/v2\/media?parent=3025"}],"wp:term":[{"taxonomy":"category","embeddable":true,"href":"https:\/\/campusff.ms.gba.gov.ar\/comunidaddea-ff\/wp-json\/wp\/v2\/categories?post=3025"},{"taxonomy":"post_tag","embeddable":true,"href":"https:\/\/campusff.ms.gba.gov.ar\/comunidaddea-ff\/wp-json\/wp\/v2\/tags?post=3025"}],"curies":[{"name":"wp","href":"https:\/\/api.w.org\/{rel}","templated":true}]}}