{"id":2976,"date":"2025-03-19T09:17:45","date_gmt":"2025-03-19T12:17:45","guid":{"rendered":"https:\/\/campusff.ms.gba.gov.ar\/comunidaddea-ff\/?p=2976"},"modified":"2025-03-19T19:07:27","modified_gmt":"2025-03-19T22:07:27","slug":"bitacora-lanteri-programa-16-18-03-2025","status":"publish","type":"post","link":"https:\/\/campusff.ms.gba.gov.ar\/comunidaddea-ff\/2025\/03\/19\/bitacora-lanteri-programa-16-18-03-2025\/","title":{"rendered":"Bit\u00e1cora Lanteri \u2013 Programa 16 (18\/03\/2025)"},"content":{"rendered":"\n<p>Bit\u00e1cora Lanteri \u2013 Programa 16 (18\/03\/2025)<\/p>\n\n\n\n<p>Entrevista a Ver\u00f3nica Gonz\u00e1lez, directora de Investigaci\u00f3n y Cooperaci\u00f3n T\u00e9cnica de la Escuela de Gobierno en Salud Floreal Ferrara, sobre la inscripci\u00f3n a la cuarta edici\u00f3n de las Becas de Investigaci\u00f3n en Salud \u201cJulieta Lanteri\u201d.<\/p>\n\n\n\n<figure class=\"wp-block-image size-large\"><img loading=\"lazy\" decoding=\"async\" width=\"1024\" height=\"768\" src=\"https:\/\/campusff.ms.gba.gov.ar\/comunidaddea-ff\/wp-content\/uploads\/sites\/3\/2025\/03\/Imagen-de-WhatsApp-2025-03-12-a-las-11.46.47_0b60716b-1024x768.jpg\" alt=\"\" class=\"wp-image-2977\" srcset=\"https:\/\/campusff.ms.gba.gov.ar\/comunidaddea-ff\/wp-content\/uploads\/sites\/3\/2025\/03\/Imagen-de-WhatsApp-2025-03-12-a-las-11.46.47_0b60716b-1024x768.jpg 1024w, https:\/\/campusff.ms.gba.gov.ar\/comunidaddea-ff\/wp-content\/uploads\/sites\/3\/2025\/03\/Imagen-de-WhatsApp-2025-03-12-a-las-11.46.47_0b60716b-300x225.jpg 300w, https:\/\/campusff.ms.gba.gov.ar\/comunidaddea-ff\/wp-content\/uploads\/sites\/3\/2025\/03\/Imagen-de-WhatsApp-2025-03-12-a-las-11.46.47_0b60716b-768x576.jpg 768w, https:\/\/campusff.ms.gba.gov.ar\/comunidaddea-ff\/wp-content\/uploads\/sites\/3\/2025\/03\/Imagen-de-WhatsApp-2025-03-12-a-las-11.46.47_0b60716b-1536x1152.jpg 1536w, https:\/\/campusff.ms.gba.gov.ar\/comunidaddea-ff\/wp-content\/uploads\/sites\/3\/2025\/03\/Imagen-de-WhatsApp-2025-03-12-a-las-11.46.47_0b60716b-205x154.jpg 205w, https:\/\/campusff.ms.gba.gov.ar\/comunidaddea-ff\/wp-content\/uploads\/sites\/3\/2025\/03\/Imagen-de-WhatsApp-2025-03-12-a-las-11.46.47_0b60716b-480x360.jpg 480w, https:\/\/campusff.ms.gba.gov.ar\/comunidaddea-ff\/wp-content\/uploads\/sites\/3\/2025\/03\/Imagen-de-WhatsApp-2025-03-12-a-las-11.46.47_0b60716b-600x450.jpg 600w, https:\/\/campusff.ms.gba.gov.ar\/comunidaddea-ff\/wp-content\/uploads\/sites\/3\/2025\/03\/Imagen-de-WhatsApp-2025-03-12-a-las-11.46.47_0b60716b.jpg 1600w\" sizes=\"auto, (max-width: 1024px) 100vw, 1024px\" \/><\/figure>\n\n\n\n<p>En la columna Hist\u00f3ricas del Sur contamos la historia de&nbsp;Andrea Gamarnik, doctora en Bioqu\u00edmica de la Facultad de Farmacia y Bioqu\u00edmica de la UBA.<\/p>\n\n\n\n<iframe src=\"https:\/\/www.ivoox.com\/player_ej_143467401_6_1.html?c1=18b3c0\" width=\"100%\" height=\"200\" frameborder=\"0\" allowfullscreen=\"\" scrolling=\"no\" loading=\"lazy\"><\/iframe>\n","protected":false},"excerpt":{"rendered":"<p>Bit\u00e1cora Lanteri \u2013 Programa 16 (18\/03\/2025) Entrevista a Ver\u00f3nica Gonz\u00e1lez, directora de Investigaci\u00f3n y Cooperaci\u00f3n T\u00e9cnica de la Escuela de Gobierno en Salud Floreal Ferrara, sobre la inscripci\u00f3n a la cuarta edici\u00f3n de las Becas [&hellip;]<\/p>\n","protected":false},"author":4,"featured_media":2977,"comment_status":"closed","ping_status":"open","sticky":false,"template":"","format":"standard","meta":{"footnotes":""},"categories":[5,130],"tags":[142,64,27,153],"class_list":["post-2976","post","type-post","status-publish","format-standard","has-post-thumbnail","hentry","category-novedades","category-radio","tag-bitacora-lanteri-2","tag-investigacion","tag-salud","tag-veronica-gonzalez"],"_links":{"self":[{"href":"https:\/\/campusff.ms.gba.gov.ar\/comunidaddea-ff\/wp-json\/wp\/v2\/posts\/2976","targetHints":{"allow":["GET"]}}],"collection":[{"href":"https:\/\/campusff.ms.gba.gov.ar\/comunidaddea-ff\/wp-json\/wp\/v2\/posts"}],"about":[{"href":"https:\/\/campusff.ms.gba.gov.ar\/comunidaddea-ff\/wp-json\/wp\/v2\/types\/post"}],"author":[{"embeddable":true,"href":"https:\/\/campusff.ms.gba.gov.ar\/comunidaddea-ff\/wp-json\/wp\/v2\/users\/4"}],"replies":[{"embeddable":true,"href":"https:\/\/campusff.ms.gba.gov.ar\/comunidaddea-ff\/wp-json\/wp\/v2\/comments?post=2976"}],"version-history":[{"count":2,"href":"https:\/\/campusff.ms.gba.gov.ar\/comunidaddea-ff\/wp-json\/wp\/v2\/posts\/2976\/revisions"}],"predecessor-version":[{"id":2996,"href":"https:\/\/campusff.ms.gba.gov.ar\/comunidaddea-ff\/wp-json\/wp\/v2\/posts\/2976\/revisions\/2996"}],"wp:featuredmedia":[{"embeddable":true,"href":"https:\/\/campusff.ms.gba.gov.ar\/comunidaddea-ff\/wp-json\/wp\/v2\/media\/2977"}],"wp:attachment":[{"href":"https:\/\/campusff.ms.gba.gov.ar\/comunidaddea-ff\/wp-json\/wp\/v2\/media?parent=2976"}],"wp:term":[{"taxonomy":"category","embeddable":true,"href":"https:\/\/campusff.ms.gba.gov.ar\/comunidaddea-ff\/wp-json\/wp\/v2\/categories?post=2976"},{"taxonomy":"post_tag","embeddable":true,"href":"https:\/\/campusff.ms.gba.gov.ar\/comunidaddea-ff\/wp-json\/wp\/v2\/tags?post=2976"}],"curies":[{"name":"wp","href":"https:\/\/api.w.org\/{rel}","templated":true}]}}