{"id":2953,"date":"2025-02-28T16:08:43","date_gmt":"2025-02-28T19:08:43","guid":{"rendered":"https:\/\/campusff.ms.gba.gov.ar\/comunidaddea-ff\/?p=2953"},"modified":"2025-02-28T16:30:35","modified_gmt":"2025-02-28T19:30:35","slug":"inscripcion-a-diplomatura-en-pediatria-social","status":"publish","type":"post","link":"https:\/\/campusff.ms.gba.gov.ar\/comunidaddea-ff\/2025\/02\/28\/inscripcion-a-diplomatura-en-pediatria-social\/","title":{"rendered":"Inscripci\u00f3n a Diplomatura en Pediatr\u00eda Social"},"content":{"rendered":"\n<p>Inscripci\u00f3n a Diplomatura en Pediatr\u00eda Social: cuidados, derechos y aprendizajes. Cuarta cohorte. Problem\u00e1ticas actuales, cuidados y cuidadores\/as.<\/p>\n\n\n\n<figure class=\"wp-block-image size-large\"><img loading=\"lazy\" decoding=\"async\" width=\"1024\" height=\"1024\" src=\"https:\/\/campusff.ms.gba.gov.ar\/comunidaddea-ff\/wp-content\/uploads\/sites\/3\/2025\/02\/ZZ_DiplomaturaPediatriaSocial-1024x1024.png\" alt=\"\" class=\"wp-image-2954\" srcset=\"https:\/\/campusff.ms.gba.gov.ar\/comunidaddea-ff\/wp-content\/uploads\/sites\/3\/2025\/02\/ZZ_DiplomaturaPediatriaSocial-1024x1024.png 1024w, https:\/\/campusff.ms.gba.gov.ar\/comunidaddea-ff\/wp-content\/uploads\/sites\/3\/2025\/02\/ZZ_DiplomaturaPediatriaSocial-300x300.png 300w, https:\/\/campusff.ms.gba.gov.ar\/comunidaddea-ff\/wp-content\/uploads\/sites\/3\/2025\/02\/ZZ_DiplomaturaPediatriaSocial-150x150.png 150w, https:\/\/campusff.ms.gba.gov.ar\/comunidaddea-ff\/wp-content\/uploads\/sites\/3\/2025\/02\/ZZ_DiplomaturaPediatriaSocial-768x768.png 768w, https:\/\/campusff.ms.gba.gov.ar\/comunidaddea-ff\/wp-content\/uploads\/sites\/3\/2025\/02\/ZZ_DiplomaturaPediatriaSocial-40x40.png 40w, https:\/\/campusff.ms.gba.gov.ar\/comunidaddea-ff\/wp-content\/uploads\/sites\/3\/2025\/02\/ZZ_DiplomaturaPediatriaSocial-275x275.png 275w, https:\/\/campusff.ms.gba.gov.ar\/comunidaddea-ff\/wp-content\/uploads\/sites\/3\/2025\/02\/ZZ_DiplomaturaPediatriaSocial-205x205.png 205w, https:\/\/campusff.ms.gba.gov.ar\/comunidaddea-ff\/wp-content\/uploads\/sites\/3\/2025\/02\/ZZ_DiplomaturaPediatriaSocial-480x480.png 480w, https:\/\/campusff.ms.gba.gov.ar\/comunidaddea-ff\/wp-content\/uploads\/sites\/3\/2025\/02\/ZZ_DiplomaturaPediatriaSocial.png 1081w\" sizes=\"auto, (max-width: 1024px) 100vw, 1024px\" \/><\/figure>\n\n\n\n<p>Desde Direcci\u00f3n Provincial de Salud en la Ni\u00f1ez y Adolescencia junto a la Escuela de Gobierno en Salud Floreal Ferrara del Ministerio de Salud de PBA y la Universidad Nacional de Tres de febrero los\/as invitamos a participar de la diplomatura. se dictar\u00e1 desde marzo hasta diciembre 2025 y la cursada ser\u00e1 los d\u00edas martes a las 14hs de manera virtual sincr\u00f3nica. Est\u00e1 destinada a Trabajadores\/as del sistema p\u00fablico de salud de la Provincia de Buenos Aires: gestores, referentes, decisores, coordinadores y equipos de salud. Se procura contar con la participaci\u00f3n de cursantes de diferentes disciplinas, regiones sanitarias y los distintos niveles de atenci\u00f3n en salud.<br>La misma consta en sus contenidos espec\u00edficos con 6 Seminarios, dentro de los cuales se trabajar\u00e1n tem\u00e1ticas como: Derechos de las ni\u00f1eces y adolescencias, participaci\u00f3n y construcci\u00f3n del derecho a la salud; Desarrollo integral, crianza e interculturalidad; Aprendizajes, escolarizaci\u00f3n y (des)patologizaci\u00f3n; Diversidades, interseccionalidad y (no)discriminaci\u00f3n; Cuidados, cl\u00ednica ampliada y determinantes sociales. Desaf\u00edos en el pa\u00eds y la regi\u00f3n.<br>Los\/as\/es esperamos!!<\/p>\n\n\n\n<p><a href=\"https:\/\/forms.gle\/9tapP6kdwk5eLf1X9\" target=\"_blank\" rel=\"noreferrer noopener\">\ud83d\udcccPreinscripci\u00f3n<\/a><br>Consultas a diplopediatriasocial.ff@gmail.com<\/p>\n\n\n\n<p>Programa de la diplomatura<\/p>\n\n\n\n<div data-wp-interactive=\"core\/file\" class=\"wp-block-file\"><object data-wp-bind--hidden=\"!state.hasPdfPreview\" hidden class=\"wp-block-file__embed\" data=\"https:\/\/campusff.ms.gba.gov.ar\/comunidaddea-ff\/wp-content\/uploads\/sites\/3\/2025\/02\/ProgramaDiplomaturaPediatriaSocial2025.pdf\" type=\"application\/pdf\" style=\"width:100%;height:600px\" aria-label=\"Incrustado de ProgramaDiplomaturaPediatr\u00edaSocial2025.\"><\/object><a id=\"wp-block-file--media-cfd66e80-baed-4454-8ff5-19a36d1cacd8\" href=\"https:\/\/campusff.ms.gba.gov.ar\/comunidaddea-ff\/wp-content\/uploads\/sites\/3\/2025\/02\/ProgramaDiplomaturaPediatriaSocial2025.pdf\">ProgramaDiplomaturaPediatr\u00edaSocial2025<\/a><a href=\"https:\/\/campusff.ms.gba.gov.ar\/comunidaddea-ff\/wp-content\/uploads\/sites\/3\/2025\/02\/ProgramaDiplomaturaPediatriaSocial2025.pdf\" class=\"wp-block-file__button wp-element-button\" download aria-describedby=\"wp-block-file--media-cfd66e80-baed-4454-8ff5-19a36d1cacd8\">Descarga<\/a><\/div>\n","protected":false},"excerpt":{"rendered":"<p>Inscripci\u00f3n a Diplomatura en Pediatr\u00eda Social: cuidados, derechos y aprendizajes. Cuarta cohorte. Problem\u00e1ticas actuales, cuidados y cuidadores\/as. Desde Direcci\u00f3n Provincial de Salud en la Ni\u00f1ez y Adolescencia junto a la Escuela de Gobierno en Salud [&hellip;]<\/p>\n","protected":false},"author":2,"featured_media":2954,"comment_status":"closed","ping_status":"open","sticky":false,"template":"","format":"standard","meta":{"footnotes":""},"categories":[3,49],"tags":[62],"class_list":["post-2953","post","type-post","status-publish","format-standard","has-post-thumbnail","hentry","category-diplomaturas","category-estudios-de-gobierno-en-salud","tag-pediatria-social"],"_links":{"self":[{"href":"https:\/\/campusff.ms.gba.gov.ar\/comunidaddea-ff\/wp-json\/wp\/v2\/posts\/2953","targetHints":{"allow":["GET"]}}],"collection":[{"href":"https:\/\/campusff.ms.gba.gov.ar\/comunidaddea-ff\/wp-json\/wp\/v2\/posts"}],"about":[{"href":"https:\/\/campusff.ms.gba.gov.ar\/comunidaddea-ff\/wp-json\/wp\/v2\/types\/post"}],"author":[{"embeddable":true,"href":"https:\/\/campusff.ms.gba.gov.ar\/comunidaddea-ff\/wp-json\/wp\/v2\/users\/2"}],"replies":[{"embeddable":true,"href":"https:\/\/campusff.ms.gba.gov.ar\/comunidaddea-ff\/wp-json\/wp\/v2\/comments?post=2953"}],"version-history":[{"count":2,"href":"https:\/\/campusff.ms.gba.gov.ar\/comunidaddea-ff\/wp-json\/wp\/v2\/posts\/2953\/revisions"}],"predecessor-version":[{"id":2959,"href":"https:\/\/campusff.ms.gba.gov.ar\/comunidaddea-ff\/wp-json\/wp\/v2\/posts\/2953\/revisions\/2959"}],"wp:featuredmedia":[{"embeddable":true,"href":"https:\/\/campusff.ms.gba.gov.ar\/comunidaddea-ff\/wp-json\/wp\/v2\/media\/2954"}],"wp:attachment":[{"href":"https:\/\/campusff.ms.gba.gov.ar\/comunidaddea-ff\/wp-json\/wp\/v2\/media?parent=2953"}],"wp:term":[{"taxonomy":"category","embeddable":true,"href":"https:\/\/campusff.ms.gba.gov.ar\/comunidaddea-ff\/wp-json\/wp\/v2\/categories?post=2953"},{"taxonomy":"post_tag","embeddable":true,"href":"https:\/\/campusff.ms.gba.gov.ar\/comunidaddea-ff\/wp-json\/wp\/v2\/tags?post=2953"}],"curies":[{"name":"wp","href":"https:\/\/api.w.org\/{rel}","templated":true}]}}