{"id":2949,"date":"2025-02-18T11:26:37","date_gmt":"2025-02-18T14:26:37","guid":{"rendered":"https:\/\/campusff.ms.gba.gov.ar\/comunidaddea-ff\/?p=2949"},"modified":"2025-02-28T11:30:53","modified_gmt":"2025-02-28T14:30:53","slug":"reporte-de-salud-internacional-49","status":"publish","type":"post","link":"https:\/\/campusff.ms.gba.gov.ar\/comunidaddea-ff\/2025\/02\/18\/reporte-de-salud-internacional-49\/","title":{"rendered":"Reporte de salud internacional #49"},"content":{"rendered":"\n<p><em>Por Mario Rovere.\u00a0<\/em><a href=\"https:\/\/revistasoberaniasanitaria.com.ar\/reporte-de-salud-internacional-49\/\" target=\"_blank\" rel=\"noreferrer noopener\">Publicado en Revista Soberan\u00eda Sanitaria<\/a><\/p>\n\n\n\n<p><strong><em>Panorama internacional dist\u00f3pico<\/em><em>; una bisagra y un resumen en tres semblanzas<\/em><\/strong><\/p>\n\n\n\n<p>Cripto-estafa gubernamental: una noticia en desarrollo cambi\u00f3 en pocas horas el paisaje nacional, aunque con proyecci\u00f3n internacional. El profeta argento de la revoluci\u00f3n libertaria mundial se derrumba por su propio peso. Vendr\u00e1n largos d\u00edas de argumentaci\u00f3n y de argucias, pero el da\u00f1o es irreparable ya que para cualquier pol\u00edtico nada le puede hacer m\u00e1s da\u00f1o que dejar expuesta su inhabilidad justo en lo que argumentaba como su fortaleza.<\/p>\n\n\n\n<p>Corrupci\u00f3n legalizada: Carlos Matus sol\u00eda afirmar que no hay grandes organizaciones que puedan dise\u00f1arse a prueba de corrupci\u00f3n, pero que hab\u00eda sistemas que la facilitaban y otros que lo desestimulaban. La decisi\u00f3n que legaliza el pago de coimas y que indulta a quienes utilizaron esta estrategia de negocios desde 1977 deviene en un est\u00edmulo abierto para esas pr\u00e1cticas en el comercio internacional<em>. \u00a0<a href=\"https:\/\/www.vozdeamerica.com\/a\/trump-suspende-aplicacion-de-ley-y-ordena-revision-de-ley-de-corrupcion-extranjera\/7973465.html\" target=\"_blank\" rel=\"noreferrer noopener\">El presidente Donald Trump ha ordenado una pausa y revisi\u00f3n de una ley que ha definido las actividades de las empresas estadounidenses en el extranjero<\/a> durante casi cinco d\u00e9cadas, alegando que\u00a0<u>las estrictas prohibiciones contra el soborno a funcionarios extranjeros estrangulan la competitividad estadounidense en un mercado global dif\u00edcil. \u00abVa a significar muchos m\u00e1s negocios para Estados Unidos<\/u>\u00ab, dijo Trump al firmar la orden el lunes para que el Departamento de Justicia detenga las investigaciones en curso y revise la Ley de Pr\u00e1cticas Corruptas en el Extranjero (FCPA) de 1977 durante los pr\u00f3ximos seis meses. La orden sostiene que \u00abla aplicaci\u00f3n excesiva e impredecible de la FCPA contra ciudadanos y empresas estadounidenses -por parte de nuestro propio gobierno- por pr\u00e1cticas comerciales rutinarias en otras naciones (\u00bf?) no solo desperdicia recursos procesales limitados que podr\u00edan dedicarse a preservar las libertades estadounidenses, sino que da\u00f1a activamente la competitividad econ\u00f3mica estadounidense y, por lo tanto, la seguridad nacional\u00bb.<\/em><\/p>\n\n\n\n<p>Jos\u00e9 Natanson argumenta con raz\u00f3n que no deber\u00eda utilizarse con ligereza el calificativo \u201cfascismo\u201d para calificar diversos reg\u00edmenes que semejan hoy una suerte de internacional de ultraderecha en el mundo. Sin embargo, por su simpleza el t\u00e9rmino aglutina las luchas; Aun cuando los lideres all\u00ed amuchados -Trump, Bolsonaro, Orb\u00e1n o Milei- conduzcan reg\u00edmenes con objetivos divergentes o aun contradictorios, las tecnolog\u00edas de poder, las estrategias comunicacionales, el desprecio por la democracia, el ataque de despliegue r\u00e1pido, el desprecio por las minor\u00edas los emparenta con el fascismo. Por ello es que las declaraciones en Europa del vicepresidente de Estados Unidos promoviendo el desarme de los \u201ccortafuegos\u201d contra el nazi fascismo, que con dificultad pa\u00edses como Alemania han ido construyendo, resultaron tan reveladores.&nbsp;<em>\u201c\u2026el agresivo discurso pronunciado ayer por el vicepresidente J.D. Vance, acusando a la Uni\u00f3n Europea de\u2026 \u00a1perseguir la libertad de expresi\u00f3n!, en alusi\u00f3n al frente de rechazo a la extrema derecha en un continente que vuelve a escuchar los latidos del fascismo. Alusi\u00f3n al \u2018cord\u00f3n sanitario\u2019 en Alemania contra la extrema derecha. Ese discurso tiene lugar diez d\u00edas antes de unas decisivas y dram\u00e1ticas elecciones federales en Alemania, el pa\u00eds m\u00e1s grande de la UE. Vance tambi\u00e9n avis\u00f3 ayer en M\u00fanich de que Donald Trump ser\u00e1 el nuevo \u2018sheriff\u201d del mundo. Palabras textuales. &nbsp;<\/em><\/p>\n\n\n\n<p>El temor aument\u00f3 el 12 de febrero, cuando Trump habl\u00f3 por tel\u00e9fono con el l\u00edder ruso Vladimir Putin, sin coordinar los detalles de antemano con Ucrania, y anunci\u00f3 que las negociaciones para poner fin a la guerra comenzar\u00edan \u00abinmediatamente\u00bb. M\u00e1s tarde dijo que podr\u00eda reunirse con Putin en persona en Arabia Saudita. Finalmente, \u201cla gira de Vance<em>&nbsp;\u201cdej\u00f3 en claro que habr\u00e1 aranceles e intento de humillaci\u00f3n pol\u00edtica y diplom\u00e1tica con la exclusi\u00f3n de la Uni\u00f3n Europea de una primera negociaci\u00f3n entre Estados Unidos y Rusia para poner fin a la guerra de Ucrania\u201d&nbsp;<\/em>y adem\u00e1s<em>&nbsp;Estados Unidos puede abandonar algunas de sus bases militares en territorio europeo. Exigencia perentoria de que los pa\u00edses europeos incrementen el gasto en Defensa hasta el 5% de su PBI..<\/em><\/p>\n\n\n\n<p><em>Se puede acceder a la nota completa a trav\u00e9s del\u00a0<a href=\"https:\/\/www.lavanguardia.com\/politica\/20250215\/10388116\/estados-unidos-contra-europa.html\" target=\"_blank\" rel=\"noreferrer noopener\">enlace<\/a><\/em><\/p>\n\n\n\n<p><strong><em>Salud Internacional<\/em><em>&nbsp;Un RFK recargado al comando \u201cpuede ocurrir un desastre y ocurrir\u00e1\u201d<\/em><\/strong><\/p>\n\n\n\n<p>El ahora confirmado y envalentonado Secretario de Salud de Estados Unidos, Robert F. Kennedy Jr., lejos ya de la evaluaci\u00f3n del Senado, atac\u00f3 frontalmente a las agencias ahora a su cargo: FDA, NIH y CDCs &nbsp;de su pa\u00eds<em>&nbsp;\u201cacus\u00f3 a las instituciones sanitarias del pa\u00eds de \u00abrobar la salud\u00bb de los ni\u00f1os y sugiri\u00f3 que deben correr la misma suerte que Usaid, la agencia de desarrollo que el presidente Donald Trump quiere reducir exponencialmente. Kennedy prometi\u00f3 desmantelar la \u00abcorrupta\u00bb Administraci\u00f3n de Alimentos y Medicamentos&nbsp;<\/em>-referencia del ANMAT en la Argentina<em>\u2013 y pidi\u00f3 recortes a los Institutos Nacionales de Salud, a los que acus\u00f3 de sobre enfatizar las enfermedades infecciosas a expensas de la investigaci\u00f3n sobre las dolencias cr\u00f3nicas.<\/em><\/p>\n\n\n\n<p><em>Se puede acceder a la nota completa a trav\u00e9s del\u00a0<a href=\"https:\/\/www.swissinfo.ch\/spa\/rfk-jr-acusa-a-las-instituciones-de-eeuu-de-%22robar-la-salud%22-de-los-ni%C3%B1os\/88872676\" target=\"_blank\" rel=\"noreferrer noopener\">enlace<\/a><\/em><\/p>\n\n\n\n<p><strong><em>\u201cHay m\u00e1s virus en la tierra, que estrellas en el cielo\u201d<\/em><\/strong><\/p>\n\n\n\n<p>Frente a la Pandemia de Covid 19 y sus consecuencias en casi todas las esferas de la vida hay pa\u00edses que aprendieron la lecci\u00f3n y decidieron fortalecer sus capacidades en el campo de la virolog\u00eda. Compartimos un excelente reportaje &nbsp;a Isabel Salazar S\u00e1nchez Directora del nuevo Laboratorio Nacional de Vacunolog\u00eda y Virus Tropicales, (LNVVT) por parte del diario La Jornada de M\u00e9xico<\/p>\n\n\n\n<p><em>El LNVVT \u00bfDebe ser considerada como infraestructura prioritaria para una naci\u00f3n?<\/em><\/p>\n\n\n\n<p><em>S\u00ed, porque si en alg\u00fan momento pasa algo como la pandemia de covid-19, se puede utilizar este laboratorio de alta complejidad. No se nos tiene que olvidar lo que pasamos en la pandemia. A veces creo que a la gente ya se le est\u00e1 empezando a olvidar. Pasamos una pandemia hace tres a\u00f1os, pero hay otros agentes infecciosos tocando a la puerta, varios de ellos virales, que no debemos minimizar. Las amenazas son continuas y eventualmente alguno de estos agentes puede penetrar y llegar a nosotros. Si no tenemos ninguna defensa ni estamos preparados con plataformas para hacer vacunas ni antivirales, no podremos hacer ni el diagn\u00f3stico. No dependemos de un virus pand\u00e9mico para hacer cosas, pero la realidad es que, si se mantiene en funcionamiento esta infraestructura, cuando llegue otro agente pat\u00f3geno, que eventualmente pasar\u00e1, vamos a estar preparados con infraestructura y equipos expertos que est\u00e1n activos.<\/em><\/p>\n\n\n\n<p><em>Se puede acceder a la nota completa a trav\u00e9s del\u00a0<a href=\"https:\/\/www.jornada.com.mx\/noticia\/2025\/02\/09\/sociedad\/hay-mas-virus-en-la-tierra-que-estrellas-en-el-cielo-1528\" target=\"_blank\" rel=\"noreferrer noopener\">enlace<\/a><\/em><\/p>\n\n\n\n<p><strong><em>El Dengue sigue sorprendiendo;&nbsp;<\/em><em>ahora con el serotipo Denv 3<\/em><\/strong><\/p>\n\n\n\n<p><em>El serotipo DENV-3 se ha identificado en varios pa\u00edses de las Am\u00e9ricas, entre ellos Brasil, Colombia, Costa Rica, Guatemala, M\u00e9xico y Per\u00fa. En 2024, Argentina notific\u00f3 su circulaci\u00f3n, lo que marc\u00f3 la introducci\u00f3n de este serotipo en el pa\u00eds. Este serotipo se ha relacionado con formas graves de la enfermedad, incluso en infecciones primarias, lo que genera preocupaci\u00f3n por su posible impacto en la salud p\u00fablica. El resurgimiento del DENV-3, despu\u00e9s de una ausencia prolongada en ciertas zonas de la regi\u00f3n, aumenta la vulnerabilidad de las poblaciones que no hab\u00edan estado expuestas previamente a este serotipo.<\/em><\/p>\n\n\n\n<p><em>En 2024, la regi\u00f3n de las Am\u00e9ricas notific\u00f3 m\u00e1s de 13 millones de casos de dengue, de los cuales 22.684 fueron clasificados como graves (0,17% del total) y 8.186 resultaron en muertes (tasa de letalidad del 0,063%). En las primeras semanas de 2025, 23 pa\u00edses y territorios de la regi\u00f3n notificaron un total de 238.659 casos, la mayor\u00eda concentrados en Brasil (87%), seguido de Colombia (5,6%), Nicaragua (2,5%), Per\u00fa (2,5%) y M\u00e9xico (2,5%). De estos casos, 263 fueron graves y 23 personas murieron como consecuencia de la enfermedad.&nbsp;<\/em>La OPS recomienda que los pa\u00edses fortalezcan las medidas de control de vectores, mejoren la capacidad de diagn\u00f3stico de los sistemas de atenci\u00f3n de salud y garanticen un tratamiento temprano y adecuado de los pacientes para prevenir complicaciones graves. Tambi\u00e9n son esenciales las campa\u00f1as de educaci\u00f3n p\u00fablica para reducir la exposici\u00f3n a los mosquitos vectores y eliminar los criaderos<em>. \u201cEs fundamental que los sistemas de atenci\u00f3n de salud est\u00e9n preparados para gestionar el aumento previsto de casos y mitigar el riesgo de complicaciones graves asociadas con esta enfermedad\u201d.<\/em><\/p>\n\n\n\n<p><em>Se puede acceder a la nota completa a trav\u00e9s del\u00a0<a href=\"https:\/\/www.paho.org\/en\/news\/10-2-2025-paho-warns-increased-risk-dengue-outbreaks-due-circulation-denv-3-americas\" target=\"_blank\" rel=\"noreferrer noopener\">enlace<\/a><\/em><\/p>\n\n\n\n<p><strong><em>Incendios masivos \u00bfuna nueva prioridad de salud p\u00fablica?;<\/em><\/strong><\/p>\n\n\n\n<p>Los incendios forestales ya avanzan sobre las ciudades como se ha verificado en EL Bols\u00f3n, en Valparaiso y en California y la OPS delimita la naturaleza de la amenaza<em>: \u201cEn t\u00e9rminos de salud, la inhalaci\u00f3n y exposici\u00f3n al humo y las cenizas pueden causar diversas afecciones que van desde irritaci\u00f3n en la piel hasta exacerbaci\u00f3n de condiciones cr\u00f3nicas respiratorias o card\u00edacas. Los riesgos directos de los incendios forestales incluyen quemaduras, lesiones f\u00edsicas, golpes de calor y, en casos extremos, la muerte. Adem\u00e1s, los incendios pueden provocar la interrupci\u00f3n del suministro de medicamentos y atenci\u00f3n sanitaria por da\u00f1os a la infraestructura y corte de servicios. Algunos efectos de los incendios forestales pueden prolongarse por a\u00f1os. La p\u00e9rdida de propiedades y el desplazamiento forzado pueden tener graves consecuencias para la salud mental, causando estr\u00e9s postraum\u00e1tico, la depresi\u00f3n y el insomnio.&nbsp; Los incendios forestales tambi\u00e9n pueden generar consecuencias indirectas, como escasez de alimentos por la destrucci\u00f3n de cultivos, lo que a su vez puede contribuir a un mayor riesgo de malnutrici\u00f3n y seguridad alimentaria.<\/em><\/p>\n\n\n\n<p>La BBC por su parte, en un art\u00edculo de colecci\u00f3n, explica los riesgos y las causas de incendios para Am\u00e9rica Latina en un extenso y muy documentado art\u00edculo del 14 de febrero que incluye abundantes infograf\u00edas<\/p>\n\n\n\n<p><em>Sudam\u00e9rica rompi\u00f3 varios r\u00e9cords en 2024: Chile tuvo el incendio forestal m\u00e1s mortal del mundo en al menos un siglo; en Bolivia, las llamas devoraron proporciones del pa\u00eds nunca vistas, y en Venezuela y Brasil hubo sequ\u00edas m\u00e1s prolongadas que lo usual. Ese mismo a\u00f1o se quemaron m\u00e1s de 79 millones de hect\u00e1reas (790.000 km\u00b2) en la regi\u00f3n, el mayor da\u00f1o en al menos una d\u00e9cada, lo que dej\u00f3 cientos de muertos y miles de viviendas afectadas.<\/em><\/p>\n\n\n\n<p><em>Se puede acceder a la nota completa a trav\u00e9s del\u00a0<a href=\"https:\/\/www.bbc.com\/mundo\/articles\/c4g9d4ze1ylo\" target=\"_blank\" rel=\"noreferrer noopener\">enlace<\/a><\/em><\/p>\n\n\n\n<p><strong><em>Los or\u00edgenes de las Naciones Unidas<\/em>.&nbsp;<em>Las fatigas de la guerra y las falsas promesas<\/em><\/strong><\/p>\n\n\n\n<p>En la jerga de los pa\u00edses centrales es frecuente escuchar el enunciado \u201chay pa\u00edses adultos y pa\u00edses ni\u00f1os\u201d definido groseramente por el PBI per c\u00e1pita de cada naci\u00f3n. Esta demarcaci\u00f3n se traslada al comportamiento de los autodenominados \u201cpa\u00edses centrales\u201d que imponen las reglas de juego, pero luego no se someten a ellas. Cada vez que una potencia ataca a las Naciones Unidas, o a sus Organismos, cada vez que los desprestigia o aun que los ridiculiza se puede estar seguros de que ese pa\u00eds est\u00e1 decidido a romper el orden de la convivencia internacional \u201cque es exigible para los otros\u201d y que ellos lograron imponer.<\/p>\n\n\n\n<p>El verdadero cortafuegos mundial contra el nazi-fascismo: \u201cCuando la Segunda Guerra Mundial estaba a punto de terminar en 1945, las naciones estaban en ruinas y el mundo quer\u00eda la paz. Representantes de 50 pa\u00edses se reunieron en San Francisco en la Conferencia de las Naciones Unidas sobre Organizaci\u00f3n Internacional del 25 de abril al 26 de junio de 1945. Durante los siguientes dos meses, procedieron a redactar y luego firmar la Carta de la ONU, que cre\u00f3 una nueva organizaci\u00f3n internacional, las Naciones Unidas, que, se esperaba, evitar\u00eda otra guerra mundial como la que acababan de vivir\u201d.<\/p>\n\n\n\n<p>El Pre\u00e1mbulo de la Carta resulta revelador: \u201c<em>Nosotros los pueblos de las Naciones Unidas resueltos a preservar a las generaciones venideras del flagelo de la guerra que dos veces durante nuestra vida ha infligido a la Humanidad sufrimientos indecibles, a reafirmar la fe en los derechos fundamentales del hombre, en la dignidad y el valor de la persona humana, en la igualdad de derechos de hombres y mujeres y de las naciones grandes y peque\u00f1as, a crear condiciones bajo las cuales puedan mantenerse la justicia y el respeto a las obligaciones emanadas de los tratados y de otras fuentes del derecho internacional, a promover el progreso social y a elevar el nivel de vida dentro de un concepto m\u00e1s amplio de la libertad,<\/em><\/p>\n\n\n\n<p><em>Para tales finalidades el compromiso incluye: i. practicar la tolerancia y a convivir en paz como buenos vecinos, ii. a unir nuestras fuerzas para el mantenimiento de la paz y la seguridad internacionales, iii. asegurar, mediante la aceptaci\u00f3n de principios y la adopci\u00f3n de m\u00e9todos, que no se usar\u00e1; la fuerza armada sino en servicio del inter\u00e9s com\u00fan, y iv.. emplear un mecanismo internacional para promover el progreso econ\u00f3mico y social de todos los pueblos,\u2026hemos decidido unir nuestros esfuerzos para realizar tales designios\u201d<\/em>.<\/p>\n\n\n\n<p><strong><em>Reuni\u00f3n de colaboradores habituales del Reporte de Salud Internacional<\/em><\/strong><\/p>\n\n\n\n<p>En esta semana se concret\u00f3 una reuni\u00f3n de colaboradores del \u201cReporte\u201d con la inquietud de, a casi un a\u00f1o de su lanzamiento, mejorar la circulaci\u00f3n y procurar que la provisoriedad natural de un semanario permita una reflexi\u00f3n m\u00e1s estructural de los cambios, transformaciones, regresiones que se verifican en el campo de la salud internacional. Se explor\u00f3 la posibilidad de establecer un comit\u00e9 editorial combinado con la posibilidad de producir un material de periodicidad mensual o bimensual en un soporte multimedial. (foros video en vivo, grabados y volcados tambi\u00e9n a texto).<\/p>\n\n\n\n<p><strong><em>Colaboraci\u00f3n Mirta Roses<\/em><em>: innovaci\u00f3n educativa y mujeres en la ciencia<\/em><\/strong><\/p>\n\n\n\n<p>La educaci\u00f3n cient\u00edfica viene cambiando con innovaciones que integran las ciencias, la tecnolog\u00eda, la ingenier\u00eda y las matem\u00e1ticas conocida por sus siglas en ingl\u00e9s (STEM) y como siempre el acceso a las innovaciones resulta inequitativo.&nbsp;<em>\u201cA pesar de los avances, las mujeres todav\u00eda representan solo un tercio de la comunidad cient\u00edfica mundial y enfrentan barreras significativas en materia de financiaci\u00f3n, publicaci\u00f3n y roles de liderazgo en STEM\u201d, dijo el Secretario General Ant\u00f3nio Guterres en su mensaje del d\u00eda.El evento de este a\u00f1o es un recordatorio de que abordar los desaf\u00edos globales, desde el cambio clim\u00e1tico hasta la salud p\u00fablica, requiere la plena participaci\u00f3n de las mujeres y las ni\u00f1as en la ciencia. A medida que la Declaraci\u00f3n y Plataforma de Acci\u00f3n de Beijing cumple 30 a\u00f1os, se insta a los l\u00edderes mundiales a ir m\u00e1s all\u00e1 de los compromisos simb\u00f3licos y adoptar medidas concretas para cerrar la brecha de g\u00e9nero en las \u00e1reas de ciencia, tecnolog\u00eda, ingenier\u00eda y matem\u00e1ticas (STEM). \u201cConocemos las soluciones\u201d, afirm\u00f3 Yang, y pidi\u00f3 pol\u00edticas espec\u00edficas e inversiones sostenidas en la educaci\u00f3n STEM. \u201cNo nos limitemos a celebrar estos hitos, honr\u00e9moslos con acciones\u201d, concluy\u00f3. El Pacto para el Futuro, adoptado recientemente, pone \u00e9nfasis en la ciencia como motor de la igualdad de g\u00e9nero y apunta a eliminar las barreras sist\u00e9micas y abrir m\u00e1s oportunidades para las mujeres en las \u00e1reas STEM.&nbsp;<\/em>La presencia de astronautas como expositoras simboliza el sentido profundo del evento. &nbsp;<\/p>\n\n\n\n<p><em>Se puede acceder a la nota completa a trav\u00e9s del\u00a0<a href=\"https:\/\/news.un.org\/en\/story\/2025\/02\/1160041\" target=\"_blank\" rel=\"noreferrer noopener\">enlace<\/a><\/em><\/p>\n\n\n\n<p>\u00daltima hora. Lecturas imperdibles y fuertemente recomendadas:<\/p>\n\n\n\n<p><strong><em>Se duplican los Suicidios: Una noticia dolorosa impulsa a reflexionar<\/em><\/strong><\/p>\n\n\n\n<p>Una vez m\u00e1s: es el propio Ministerio de Salud de la Provincia de Buenos Aires el que descorre el velo de una dolorosa realidad que de otra manera la sociedad no puede conocer. El da\u00f1o combinado de las secuelas de la pandemia, profundizado en el \u00faltimo a\u00f1o por pol\u00edticas de concentraci\u00f3n del ingreso, de deserci\u00f3n del gobierno nacional y sus agencias (PAMI, ANSES, Ministerio de Salud) de sus responsabilidades constitucionales, un ajuste fiscal sin techo y la estigmatizaci\u00f3n de los m\u00e1s d\u00e9biles se expresa en da\u00f1os que se detectan por donde siempre empiezan: por la Salud mental.<\/p>\n\n\n\n<p><em>Se puede acceder a la nota completa a trav\u00e9s del\u00a0<a href=\"https:\/\/www.tiempoar.com.ar\/ta_article\/los-suicidios-se-duplicaron-en-el-primer-ano-de-milei\/\" target=\"_blank\" rel=\"noreferrer noopener\">enlace<\/a><\/em><\/p>\n\n\n\n<p><strong><em>Inteligencia artificial y medicina, empezar a considerar<\/em><\/strong><\/p>\n\n\n\n<p>Interesante nota para empezar a debatir antes que el futuro nos estalle en las narices. Adri\u00e1n Baranchuk y Adri\u00e1n Diaz se anticipan a un debate frente a dos casos pioneros de China y Estados Unidos pero su participaci\u00f3n es tambi\u00e9n una invitaci\u00f3n a sumarnos al debate.<\/p>\n\n\n\n<p><em>Se puede acceder a la nota completa a trav\u00e9s del\u00a0<a href=\"https:\/\/www.pagina12.com.ar\/804263-con-la-inteligencia-artificial-la-medicina-ya-nunca-mas-sera\" target=\"_blank\" rel=\"noreferrer noopener\">enlace<\/a><\/em><a href=\"https:\/\/revistasoberaniasanitaria.com.ar\/reporte-de-salud-internacional-50\/\"><\/a><\/p>\n","protected":false},"excerpt":{"rendered":"<p>Por Mario Rovere.\u00a0Publicado en Revista Soberan\u00eda Sanitaria Panorama internacional dist\u00f3pico; una bisagra y un resumen en tres semblanzas Cripto-estafa gubernamental: una noticia en desarrollo cambi\u00f3 en pocas horas el paisaje nacional, aunque con proyecci\u00f3n internacional. [&hellip;]<\/p>\n","protected":false},"author":2,"featured_media":2534,"comment_status":"closed","ping_status":"open","sticky":false,"template":"","format":"standard","meta":{"footnotes":""},"categories":[123],"tags":[],"class_list":["post-2949","post","type-post","status-publish","format-standard","has-post-thumbnail","hentry","category-salud-internacional"],"_links":{"self":[{"href":"https:\/\/campusff.ms.gba.gov.ar\/comunidaddea-ff\/wp-json\/wp\/v2\/posts\/2949","targetHints":{"allow":["GET"]}}],"collection":[{"href":"https:\/\/campusff.ms.gba.gov.ar\/comunidaddea-ff\/wp-json\/wp\/v2\/posts"}],"about":[{"href":"https:\/\/campusff.ms.gba.gov.ar\/comunidaddea-ff\/wp-json\/wp\/v2\/types\/post"}],"author":[{"embeddable":true,"href":"https:\/\/campusff.ms.gba.gov.ar\/comunidaddea-ff\/wp-json\/wp\/v2\/users\/2"}],"replies":[{"embeddable":true,"href":"https:\/\/campusff.ms.gba.gov.ar\/comunidaddea-ff\/wp-json\/wp\/v2\/comments?post=2949"}],"version-history":[{"count":1,"href":"https:\/\/campusff.ms.gba.gov.ar\/comunidaddea-ff\/wp-json\/wp\/v2\/posts\/2949\/revisions"}],"predecessor-version":[{"id":2950,"href":"https:\/\/campusff.ms.gba.gov.ar\/comunidaddea-ff\/wp-json\/wp\/v2\/posts\/2949\/revisions\/2950"}],"wp:featuredmedia":[{"embeddable":true,"href":"https:\/\/campusff.ms.gba.gov.ar\/comunidaddea-ff\/wp-json\/wp\/v2\/media\/2534"}],"wp:attachment":[{"href":"https:\/\/campusff.ms.gba.gov.ar\/comunidaddea-ff\/wp-json\/wp\/v2\/media?parent=2949"}],"wp:term":[{"taxonomy":"category","embeddable":true,"href":"https:\/\/campusff.ms.gba.gov.ar\/comunidaddea-ff\/wp-json\/wp\/v2\/categories?post=2949"},{"taxonomy":"post_tag","embeddable":true,"href":"https:\/\/campusff.ms.gba.gov.ar\/comunidaddea-ff\/wp-json\/wp\/v2\/tags?post=2949"}],"curies":[{"name":"wp","href":"https:\/\/api.w.org\/{rel}","templated":true}]}}