{"id":2945,"date":"2025-02-21T10:26:20","date_gmt":"2025-02-21T13:26:20","guid":{"rendered":"https:\/\/campusff.ms.gba.gov.ar\/comunidaddea-ff\/?p=2945"},"modified":"2025-02-28T11:26:33","modified_gmt":"2025-02-28T14:26:33","slug":"el-baul-de-avicena-programa-44-21-02-2025","status":"publish","type":"post","link":"https:\/\/campusff.ms.gba.gov.ar\/comunidaddea-ff\/2025\/02\/21\/el-baul-de-avicena-programa-44-21-02-2025\/","title":{"rendered":"El ba\u00fal de Avicena \u2013 Programa 45 (21\/02\/2025)"},"content":{"rendered":"\n<p>Programa 45: Diversidad sexual en la historia (primera parte)<\/p>\n\n\n\n<p>En este programa analizamos los primeros ejemplos de diversidad sexual en la Prehistoria y en la Antig\u00fcedad, y su repercusi\u00f3n en los distintos discursos que se han formado a trav\u00e9s del tiempo.<\/p>\n\n\n\n<iframe src=\"https:\/\/www.ivoox.com\/player_ej_140402866_6_1.html?c1=109eb8\" width=\"100%\" height=\"200\" frameborder=\"0\" allowfullscreen=\"\" scrolling=\"no\" loading=\"lazy\"><\/iframe>\n","protected":false},"excerpt":{"rendered":"<p>Programa 45: Diversidad sexual en la historia (primera parte) En este programa analizamos los primeros ejemplos de diversidad sexual en la Prehistoria y en la Antig\u00fcedad, y su repercusi\u00f3n en los distintos discursos que se [&hellip;]<\/p>\n","protected":false},"author":2,"featured_media":2584,"comment_status":"closed","ping_status":"open","sticky":false,"template":"","format":"standard","meta":{"footnotes":""},"categories":[130],"tags":[149,135,27],"class_list":["post-2945","post","type-post","status-publish","format-standard","has-post-thumbnail","hentry","category-radio","tag-diversidad-sexual","tag-historia","tag-salud"],"_links":{"self":[{"href":"https:\/\/campusff.ms.gba.gov.ar\/comunidaddea-ff\/wp-json\/wp\/v2\/posts\/2945","targetHints":{"allow":["GET"]}}],"collection":[{"href":"https:\/\/campusff.ms.gba.gov.ar\/comunidaddea-ff\/wp-json\/wp\/v2\/posts"}],"about":[{"href":"https:\/\/campusff.ms.gba.gov.ar\/comunidaddea-ff\/wp-json\/wp\/v2\/types\/post"}],"author":[{"embeddable":true,"href":"https:\/\/campusff.ms.gba.gov.ar\/comunidaddea-ff\/wp-json\/wp\/v2\/users\/2"}],"replies":[{"embeddable":true,"href":"https:\/\/campusff.ms.gba.gov.ar\/comunidaddea-ff\/wp-json\/wp\/v2\/comments?post=2945"}],"version-history":[{"count":3,"href":"https:\/\/campusff.ms.gba.gov.ar\/comunidaddea-ff\/wp-json\/wp\/v2\/posts\/2945\/revisions"}],"predecessor-version":[{"id":2948,"href":"https:\/\/campusff.ms.gba.gov.ar\/comunidaddea-ff\/wp-json\/wp\/v2\/posts\/2945\/revisions\/2948"}],"wp:featuredmedia":[{"embeddable":true,"href":"https:\/\/campusff.ms.gba.gov.ar\/comunidaddea-ff\/wp-json\/wp\/v2\/media\/2584"}],"wp:attachment":[{"href":"https:\/\/campusff.ms.gba.gov.ar\/comunidaddea-ff\/wp-json\/wp\/v2\/media?parent=2945"}],"wp:term":[{"taxonomy":"category","embeddable":true,"href":"https:\/\/campusff.ms.gba.gov.ar\/comunidaddea-ff\/wp-json\/wp\/v2\/categories?post=2945"},{"taxonomy":"post_tag","embeddable":true,"href":"https:\/\/campusff.ms.gba.gov.ar\/comunidaddea-ff\/wp-json\/wp\/v2\/tags?post=2945"}],"curies":[{"name":"wp","href":"https:\/\/api.w.org\/{rel}","templated":true}]}}