{"id":2943,"date":"2025-02-14T10:22:44","date_gmt":"2025-02-14T13:22:44","guid":{"rendered":"https:\/\/campusff.ms.gba.gov.ar\/comunidaddea-ff\/?p=2943"},"modified":"2025-02-28T10:25:53","modified_gmt":"2025-02-28T13:25:53","slug":"el-baul-de-avicena-programa-44-14-02-2025","status":"publish","type":"post","link":"https:\/\/campusff.ms.gba.gov.ar\/comunidaddea-ff\/2025\/02\/14\/el-baul-de-avicena-programa-44-14-02-2025\/","title":{"rendered":"El ba\u00fal de Avicena \u2013 Programa 44 (14\/02\/2025)"},"content":{"rendered":"\n<p>Programa 44: Salud, trabajo y estructura social: la era bacteriol\u00f3gica.<\/p>\n\n\n\n<p>En este programa analizamos lo que signific\u00f3, para la salud en general y la salud laboral en particular, el descubrimiento de los microorganismos como causantes de enfermedad, as\u00ed como la aparici\u00f3n de la industria farmac\u00e9utica&nbsp;<\/p>\n\n\n\n<iframe src=\"https:\/\/www.ivoox.com\/player_ej_140209286_6_1.html?c1=109eb8\" width=\"100%\" height=\"200\" frameborder=\"0\" allowfullscreen=\"\" scrolling=\"no\" loading=\"lazy\"><\/iframe>\n","protected":false},"excerpt":{"rendered":"<p>Programa 44: Salud, trabajo y estructura social: la era bacteriol\u00f3gica. En este programa analizamos lo que signific\u00f3, para la salud en general y la salud laboral en particular, el descubrimiento de los microorganismos como causantes [&hellip;]<\/p>\n","protected":false},"author":2,"featured_media":2584,"comment_status":"closed","ping_status":"open","sticky":false,"template":"","format":"standard","meta":{"footnotes":""},"categories":[130],"tags":[148,147,146],"class_list":["post-2943","post","type-post","status-publish","format-standard","has-post-thumbnail","hentry","category-radio","tag-era-bacteriologica","tag-estructura-social","tag-salud-laboral"],"_links":{"self":[{"href":"https:\/\/campusff.ms.gba.gov.ar\/comunidaddea-ff\/wp-json\/wp\/v2\/posts\/2943","targetHints":{"allow":["GET"]}}],"collection":[{"href":"https:\/\/campusff.ms.gba.gov.ar\/comunidaddea-ff\/wp-json\/wp\/v2\/posts"}],"about":[{"href":"https:\/\/campusff.ms.gba.gov.ar\/comunidaddea-ff\/wp-json\/wp\/v2\/types\/post"}],"author":[{"embeddable":true,"href":"https:\/\/campusff.ms.gba.gov.ar\/comunidaddea-ff\/wp-json\/wp\/v2\/users\/2"}],"replies":[{"embeddable":true,"href":"https:\/\/campusff.ms.gba.gov.ar\/comunidaddea-ff\/wp-json\/wp\/v2\/comments?post=2943"}],"version-history":[{"count":1,"href":"https:\/\/campusff.ms.gba.gov.ar\/comunidaddea-ff\/wp-json\/wp\/v2\/posts\/2943\/revisions"}],"predecessor-version":[{"id":2944,"href":"https:\/\/campusff.ms.gba.gov.ar\/comunidaddea-ff\/wp-json\/wp\/v2\/posts\/2943\/revisions\/2944"}],"wp:featuredmedia":[{"embeddable":true,"href":"https:\/\/campusff.ms.gba.gov.ar\/comunidaddea-ff\/wp-json\/wp\/v2\/media\/2584"}],"wp:attachment":[{"href":"https:\/\/campusff.ms.gba.gov.ar\/comunidaddea-ff\/wp-json\/wp\/v2\/media?parent=2943"}],"wp:term":[{"taxonomy":"category","embeddable":true,"href":"https:\/\/campusff.ms.gba.gov.ar\/comunidaddea-ff\/wp-json\/wp\/v2\/categories?post=2943"},{"taxonomy":"post_tag","embeddable":true,"href":"https:\/\/campusff.ms.gba.gov.ar\/comunidaddea-ff\/wp-json\/wp\/v2\/tags?post=2943"}],"curies":[{"name":"wp","href":"https:\/\/api.w.org\/{rel}","templated":true}]}}