{"id":2935,"date":"2025-02-11T12:30:32","date_gmt":"2025-02-11T15:30:32","guid":{"rendered":"https:\/\/campusff.ms.gba.gov.ar\/comunidaddea-ff\/?p=2935"},"modified":"2025-02-20T12:32:00","modified_gmt":"2025-02-20T15:32:00","slug":"reporte-de-salud-internacional-48","status":"publish","type":"post","link":"https:\/\/campusff.ms.gba.gov.ar\/comunidaddea-ff\/2025\/02\/11\/reporte-de-salud-internacional-48\/","title":{"rendered":"Reporte de salud internacional #48"},"content":{"rendered":"\n<p><em>Por Mario Rovere.\u00a0<\/em><a href=\"https:\/\/revistasoberaniasanitaria.com.ar\/reporte-de-salud-internacional-48\/\" target=\"_blank\" rel=\"noreferrer noopener\">Publicado en Revista Soberan\u00eda Sanitaria<\/a><\/p>\n\n\n\n<p><strong><em>\u00bfGlobalizar la resistencia?<\/em>;&nbsp;<em>la pretensiosa agenda de reingenier\u00eda mundial de las ultraderechas<\/em><\/strong><\/p>\n\n\n\n<p><em>\u201cNo ha sido elegido para gobernar el mundo\u201d&nbsp;<\/em>Lula da Silva, presidente de Brasil<\/p>\n\n\n\n<p>Bastaron dos semanas para confirmar que Donald Trump, as\u00ed como Viktor Orban, Giorgia Meloni, Javier Milei, y las ultraderechas de Espa\u00f1a y Francia comparten en buena medida los mismos guionistas. Guionistas de una pretensiosa agenda de reingenier\u00eda del mundo al que intentan conducir bajo la l\u00f3gica de Thelma y Louise: es decir \u201csi est\u00e1s frente a un precipicio acelera\u201d. Los creativos de la saga no han ahorrado en distop\u00edas dignas de Mad Max. Una suerte de futuro medieval en donde las convicciones del poder arrinconan a la ciencia, provocan cat\u00e1strofes (ambientales y sanitarias) o las ignoran para luego volverlas oportunidades, pretenden ejercer una dura vigilancia anatomo y biopol\u00edtica reglamentando la sexualidad, las migraciones y los patrones de natalidad, intentan volver a las cruzadas para \u201cvencer a los infieles\u201d en tierra santa, y dinamitan el orden mundial posterior a la segunda guerra mundial, comenzando por los organismos internacionales a los que ese orden dio origen y legitimidad.<\/p>\n\n\n\n<p>La nueva ultraderecha tom\u00f3 el palacio de invierno de la primera potencia militar mundial, y explicit\u00f3 sus expectativas poniendo e intentando imponer toda su agenda simult\u00e1neamente en consideraci\u00f3n. Ahora las c\u00e1maras de la dist\u00f3pica pel\u00edcula se desplazan hacia las mayores o menores adhesiones, sumisiones, resistencias, a las estratagemas, a las duras o blandas negociaciones, a las compras de voluntades y a las posibles coaliciones que puedan reconfigurar el orden mundial, que, de una manera u otra, ya no volver\u00e1 a ser el mismo.<\/p>\n\n\n\n<p>\u00bfCu\u00e1nta convicci\u00f3n y cuanta organizaci\u00f3n hay, o persiste, o se recrea en los actores que han sustentado el orden social de posguerra y de las primeras d\u00e9cadas del siglo XXI? estar\u00e1 simplemente puesto a prueba. El orden heteronormativo, la compra de Groenlandia, el ataque a la Corte de La Haya, transformar a la franja de Gaza en un resort norteamericano, -que ayuda a entender la exagerada tarea de demolici\u00f3n del ej\u00e9rcito israel\u00ed en ese territorio-, dinamitar los acuerdos sobre cambio clim\u00e1tico, la militarizaci\u00f3n de las fronteras, la deportaci\u00f3n masiva de inmigrantes y la reactivaci\u00f3n de Guant\u00e1namo, el intento de doblegar a Europa y Am\u00e9rica Latina, no son frentes aislados y se inspiran en el traslado de las tecnolog\u00edas de \u201cdestrucci\u00f3n creativa\u201d (altamente rentable) que los fondos buitres utilizan comprando empresas para hacer ganancias con su liquidaci\u00f3n. &nbsp;&nbsp;&nbsp;&nbsp;&nbsp;&nbsp;&nbsp;<\/p>\n\n\n\n<p>Al momento de cierre de este Reporte, El presidente de Panam\u00e1 desment\u00eda que los barcos norteamericanos cruzar\u00edan gratuitamente el canal, Claudia Sheinbaum y Justin Trudeau hab\u00edan frenado la guerra de aranceles, aunque militarizando sus fronteras, Netanyahu expresaba \u201csorpresa\u201d (\u00bf?) pero, \u201cfuerte agrado\u201d con la iniciativa norteamericana en Gaza, Jordania y Egipto se expresaban en contra de recibir refugiados palestinos, Zelensky ofrec\u00eda sus recursos naturales a EE.UU. a cambio de su \u201cayuda desinteresada\u201d para continuar la guerra, una enorme movilizaci\u00f3n de \u201corgullo antifascista y antirracista\u201d en todo el pa\u00eds rechazaba el discurso del presidente argentino en Davos, Los casi 60.000 habitantes de Groenlandia se debat\u00edan entre resistir a Trump o procurar la independencia de Dinamarca, brotaba una ola de nacionalismo en \u201cCanad\u00e1 no se vende\u201d, y La Corte Penal Internacional (CPI) condenaba en\u00e9rgicamente: \u201c<em>las sanciones que le impuso el presidente estadounidense Donald Trump, que provocaron protestas en la ONU y Europa. Una declaraci\u00f3n conjunta de 79 pa\u00edses, incluidos pa\u00edses de la UE, conden\u00f3 las sanciones estadounidenses. Solo \u201cIsrael\u201d salud\u00f3 la decisi\u00f3n tomada contra la CPI, que \u201cno tiene legitimidad\u201d, seg\u00fan su jefe de diplomacia.<\/em><\/p>\n\n\n\n<p>La CPI es un tribunal permanente encargado de procesar y juzgar a personas acusadas de genocidio, cr\u00edmenes contra la humanidad y cr\u00edmenes de guerra. Fundada en 2002, la Corte cuenta ahora con 124 Estados miembros y ha dictado solo un pu\u00f1ado de condenas. La ONU y Europa protestaron en\u00e9rgicamente el viernes por la decisi\u00f3n estadounidense.<\/p>\n\n\n\n<p><em>Se puede acceder a la nota completa a trav\u00e9s del\u00a0<a href=\"https:\/\/spanish.almanar.com.lb\/1153715\" target=\"_blank\" rel=\"noreferrer noopener\">enlace<\/a><\/em><\/p>\n\n\n\n<p><strong><em>\u00bfLos laboratorios reenfocan sus prioridades?<\/em>&nbsp;<em>\u00bfPueden las vacunas ser una alternativa a la resistencia antimicrobiana?<\/em><\/strong><\/p>\n\n\n\n<p>En un mundo interconectado, donde las amenazas sanitarias no conocen fronteras, el concepto de One Health emerge como una estrategia esencial para abordar los retos de salud p\u00fablica desde una perspectiva hol\u00edstica. La integraci\u00f3n de la salud humana, animal y ambiental es fundamental para hacer frente a algunos de los grandes problemas a los que nos enfrentaremos los pr\u00f3ximos a\u00f1os, como son la resistencia antimicrobiana (RAM) y las enfermedades zoon\u00f3ticas.<\/p>\n\n\n\n<p>La resistencia antimicrobiana, definida por la OMS como una de las mayores amenazas para la humanidad, es un ejemplo claro de la necesidad de trabajar en un enfoque integrado. Un estudio difundido recientemente por la revista The Lancet estima que la RAM podr\u00eda causar m\u00e1s de 39 millones de muertes directas en los pr\u00f3ximos 25 a\u00f1os, adem\u00e1s de afectar indirectamente a otros tantos millones de personas. En este contexto, invertir esfuerzos en prevenci\u00f3n y, por lo tanto, en el desarrollo de vacunas, resulta esencial para reducir la dependencia de los antibi\u00f3ticos y prevenir infecciones resistentes.<\/p>\n\n\n\n<p>\u2026 gracias a nuestra apuesta por la innovaci\u00f3n y la colaboraci\u00f3n multidisciplinar, impulsamos la prevenci\u00f3n a trav\u00e9s del desarrollo de vacunas, ofreciendo alternativas eficaces a los tratamientos con antibi\u00f3ticos.<\/p>\n\n\n\n<p><em>Se puede acceder a la nota completa a trav\u00e9s del\u00a0<a href=\"https:\/\/elglobalfarma.com\/mas\/anuario\/one-health-retos-salud-global\/\" target=\"_blank\" rel=\"noreferrer noopener\">enlace<\/a><\/em><\/p>\n\n\n\n<p><strong><em>Sacar el respirador de golpe<\/em>;&nbsp;<em>o \u201c\u00bfno te lo dije?, solo la primera iba gratis\u201d<\/em><\/strong><\/p>\n\n\n\n<p>Es la voz de \u201cm\u00e9dicos sin fronteras\u201d la que ayuda a poner en su justa medida la gravedad del desmantelamiento de la agencia USAID y del Programa PEPFAR. No se trata de defender a agencias que han reunido infinidad de sospechas de clientelismo e inteligencia a lo largo de su historia sino al efecto de haber puesto a millones de personas y centenas de organizaciones en dependencia directa de esa ayuda, para ahora suspenderla de un d\u00eda para otro, porque al presidente republicano y su asesor-estrella sudafricano, entienden que las agencias, que nadie dudar\u00eda pon\u00edan \u201cdemasiado por delante\u201d los intereses de Estados Unidos, le suenen woke, es decir \u201cdemasiado dem\u00f3cratas\u201d.<\/p>\n\n\n\n<p><em>\u201cMSF no acepta financiaci\u00f3n del Gobierno estadounidense, por lo que nuestros programas no se ver\u00e1n directamente afectados. Sin embargo, el desproporcionado papel que desempe\u00f1a el Gobierno de Estados Unidos en la financiaci\u00f3n de la ayuda internacional hace que estas interrupciones de programas est\u00e9n causando un vac\u00edo que no es posible cubrir de forma inmediata por otros actores. Instamos al gobierno estadounidense a detener el sistema de exenciones ad hoc y permitir que toda la ayuda m\u00e9dico-humanitaria contin\u00fae mientras la administraci\u00f3n revisa sus prioridades de ayuda exterior\u201d.<\/em><\/p>\n\n\n\n<p><em>Se puede acceder a la nota completa a trav\u00e9s del\u00a0<a href=\"https:\/\/www.msf.org.ar\/actualidad\/estados-unidos-la-congelacion-de-la-ayuda-exterior-provocara-un-desastre-humanitario\/\" target=\"_blank\" rel=\"noreferrer noopener\">enlace<\/a><\/em><\/p>\n\n\n\n<p><strong><em>Reenfocando las prioridades<\/em><em>: J\u00f3venes en riesgo, se multiplican los desaf\u00edos a todas las edades<\/em><\/strong><\/p>\n\n\n\n<p>La tasa de mortalidad entre los adultos de 25 a 44 a\u00f1os fue un 70 por ciento m\u00e1s alta en 2023 de lo que habr\u00eda sido si las tendencias anteriores a 2011 hubieran continuado, reportaron los investigadores en un nuevo estudio publicado el 31 de enero en la revista JAMA Network Open.<\/p>\n\n\n\n<p>\u00abAunque las tasas de mortalidad se redujeron despu\u00e9s de los a\u00f1os centrales de la pandemia, el exceso de mortalidad sigui\u00f3 siendo m\u00e1s alto de lo esperado seg\u00fan los niveles prepand\u00e9micos\u00bb, concluy\u00f3 el equipo dirigido por Elizabeth Wrigley-Field, profesora asociada de sociolog\u00eda de la Universidad de Minnesota.<\/p>\n\n\n\n<p>Las sobredosis de drogas conformaron casi un 32 por ciento de las muertes entre los adultos j\u00f3venes en 2023, encontraron los investigadores. Alrededor del 14 por ciento murieron en accidentes, casi el 9 por ciento debido al consumo de alcohol y el 8 por ciento en homicidios. Por otro lado, aunque \u00abla mayor parte del exceso de mortalidad de 2023 fue impulsada por la intoxicaci\u00f3n por medicamentos, muchas otras causas externas y naturales superaron lo que las tendencias anteriores hab\u00edan proyectado\u00bb, escribieron los investigadores.<\/p>\n\n\n\n<p>Incluso las enfermedades que normalmente se piensa que afectan a las personas mayores, como la enfermedad cardiaca y la diabetes, est\u00e1n contribuyendo a las muertes prematuras entre los adultos j\u00f3venes, se\u00f1al\u00f3 el Dr. Sanjey Gupta, vicepresidente s\u00e9nior y director de medicina de emergencias de Northwell Health en Hempstead, Nueva York. \u00abDesafortunadamente, tenemos un porcentaje mucho m\u00e1s alto de nuestros j\u00f3venes que sufren de algunas de las enfermedades que sol\u00edamos atribuir a la vejez\u00bb<\/p>\n\n\n\n<p><em>Se puede acceder a la nota completa a trav\u00e9s del\u00a0<a href=\"https:\/\/www.infobae.com\/salud\/2025\/02\/04\/los-adultos-jovenes-estan-muriendo-antes-de-lo-esperado\/\" target=\"_blank\" rel=\"noreferrer noopener\">enlace<\/a><\/em><\/p>\n\n\n\n<p><strong><em>Colaboraci\u00f3n Marcela Belardo<\/em><em>; el financiamiento p\u00fablico construye soberan\u00eda y fraternidad &nbsp;<\/em><\/strong><\/p>\n\n\n\n<p><em>El programa \u00abMOVE LA AM\u00c9RICA\u00bb, impulsado por el gobierno brasile\u00f1o en 2024 bajo la conducci\u00f3n del presidente Lula, es una de las iniciativas m\u00e1s importantes de cooperaci\u00f3n acad\u00e9mica regional en los \u00faltimos a\u00f1os. Financiado por la CAPES, este programa permite a estudiantes de maestr\u00eda y doctorado de Am\u00e9rica Latina y el Caribe cursar entre 2 a 6 meses (maestr\u00eda) o 2 a 12 meses (doctorado) en universidades brasile\u00f1as. Lo que comenz\u00f3 con un plan de 500 becas se transform\u00f3, gracias a un esfuerzo extraordinario, en la selecci\u00f3n de 1.463 candidatos para el a\u00f1o acad\u00e9mico 2025. Esto no es solo un logro num\u00e9rico, sino una muestra clara del compromiso de Brasil con la integraci\u00f3n y el desarrollo de nuestra regi\u00f3n.<\/em><\/p>\n\n\n\n<p><em>Este programa es una respuesta concreta a las necesidades urgentes que enfrentan muchos pa\u00edses de Am\u00e9rica Latina y el Caribe, cuyas instituciones cient\u00edficas y universitarias est\u00e1n ahogadas financieramente o siendo frontalmente atacadas, como ocurre en Argentina con nuestras universidades p\u00fablicas y el CONICET. \u00abMOVE LA AM\u00c9RICA\u00bb no solo ofrece oportunidades de formaci\u00f3n a los j\u00f3venes, sino que tambi\u00e9n fortalece los lazos acad\u00e9micos y cient\u00edficos entre nuestros pa\u00edses. Es, sin duda, un acto de solidaridad del pueblo brasile\u00f1o y su gobierno, que enriquece tanto a los estudiantes seleccionados como a las universidades brasile\u00f1as que los reciben.<\/em><\/p>\n\n\n\n<p><em>En un mundo donde las desigualdades siguen aumentando, iniciativas como esta representan una visi\u00f3n estrat\u00e9gica: invertir en educaci\u00f3n y ciencia es invertir en la integraci\u00f3n de la regi\u00f3n. Este programa es, en definitiva, un ejemplo de c\u00f3mo la cooperaci\u00f3n internacional puede transformar realidades, tender puentes y brindar apoyo en un momento en que el fascismo busca consolidarse.<\/em><\/p>\n\n\n\n<p><em>Se puede acceder a la nota completa a trav\u00e9s del\u00a0<a href=\"https:\/\/www.gov.br\/capes\/pt-br\/centrais-de-conteudo\/resultados-dos-editais\/20122024_Lista_Listagem_2515536_Resultado_Final___Move_la_America_1812.pdf\" target=\"_blank\" rel=\"noreferrer noopener\">enlace<\/a><\/em><\/p>\n\n\n\n<p><strong><em>Por su importancia anal\u00edtica y propositiva reproducimos completa y en espa\u00f1ol la \u00faltima Editorial de The Lancet;&nbsp;<\/em><em>Vol. 405, 8 de febrero de 2025 (traducci\u00f3n sujeta a revisi\u00f3n)<\/em><\/strong><\/p>\n\n\n\n<p><em>Caos estadounidense: Defendiendo la salud y la medicina<\/em><\/p>\n\n\n\n<p>La retirada de la OMS y de los Acuerdos de Par\u00eds, la USAID cerrada y la ayuda detenida, cesando programas de salud a nivel global. Un congelamiento de US$3 billones en subvenciones y pr\u00e9stamos federales, poniendo en riesgo el funcionamiento de Medicaid. Una pausa generalizada en actividades clave de los Institutos Nacionales de Salud (la instituci\u00f3n de investigaci\u00f3n biom\u00e9dica m\u00e1s grande del mundo). \u00d3rdenes de detener trabajos en los Centros para el Control y la Prevenci\u00f3n de Enfermedades (CDC). Negaci\u00f3n de la diversidad de g\u00e9nero. Apagones comunicacionales, que llevaron a que el \u201cMorbidity and Mortality Weekly Report\u201d no se publicara por primera vez en 60 a\u00f1os.<\/p>\n\n\n\n<p>Las acciones de Donald Trump, tanto a nivel nacional como global, no son una reevaluaci\u00f3n medida de las prioridades de EE.UU. Son un ataque amplio y da\u00f1ino a la salud del pueblo estadounidense y de aquellos que dependen de la asistencia exterior de EE.UU. Tambi\u00e9n son un ataque a la comunidad de la salud y de la investigaci\u00f3n m\u00e9dica. La capacidad de los investigadores para trabajar se ha visto severamente limitada o detenida por completo. La libertad de expresi\u00f3n est\u00e1 restringida. El uso de ciertos t\u00e9rminos est\u00e1 prohibido en los sitios web del gobierno de EE.UU. (y en manuscritos enviados a revistas cient\u00edficas), incluyendo \u201cg\u00e9nero\u201d, \u201ctransg\u00e9nero\u201d, \u201cLGBT\u201d y \u201cno binario\u201d, y una directiva ha pausado la presentaci\u00f3n de nuevos trabajos para publicaci\u00f3n por parte de todos los empleados y contratistas de los CDC.<\/p>\n\n\n\n<p>En The Lancet, el impacto ya se ha sentido. Los revisores est\u00e1n rechazando y los autores est\u00e1n autocensur\u00e1ndose. Las instituciones de salud pueden estar vacilantes en criticar p\u00fablicamente a la nueva administraci\u00f3n, pero esta timidez es un error. Las acciones de Trump deben ser denunciadas por el da\u00f1o que est\u00e1n causando. La congelaci\u00f3n de 90 d\u00edas de la ayuda estadounidense, incluidos los fondos para el Plan de Emergencia del Presidente para el Alivio del SIDA (PEPFAR), incluso con una excepci\u00f3n para \u201cprogramas humanitarios que salvan vidas\u201d, ha dejado los servicios en el limbo, particularmente para la prevenci\u00f3n del VIH y poblaciones clave.<\/p>\n\n\n\n<p>Estas no son preocupaciones abstractas. Numerosos trabajadores de la salud han sido despedidos, muchas cl\u00ednicas han cerrado y los pacientes se han visto afectados, como muestran los informes mundiales en este n\u00famero. Elon Musk ha llamado a USAID \u201cmalvada\u201d y una \u201corganizaci\u00f3n criminal\u201d, difundiendo falsedades en un intento por justificar el desmantelamiento, si no la abolici\u00f3n, de la agencia. Estas decisiones son profundamente err\u00f3neas, con impactos de gran alcance que retrasan d\u00e9cadas de avances en el control de enfermedades y la equidad en salud.<\/p>\n\n\n\n<p>Las acciones de Trump son un ataque particular a la salud de las mujeres, especialmente a la salud y los derechos sexuales y reproductivos. El progreso gradual que se hab\u00eda logrado en clima y salud ahora probablemente se estanque o incluso retroceda. M\u00e1s personas enfermar\u00e1n y m\u00e1s personas morir\u00e1n.<\/p>\n\n\n\n<p>Este momento es una prueba. \u00bfC\u00f3mo deber\u00eda reaccionar nuestra comunidad? El resultado inmediato ha sido confusi\u00f3n, disrupci\u00f3n y desorientaci\u00f3n, pero la respuesta no puede estar dictada por el miedo o la resignaci\u00f3n. Hay necesidad de enfoque, estrategia y, de hecho, esperanza. No todas las \u00f3rdenes ejecutivas sobrevivir\u00e1n a los desaf\u00edos legales. Algunas \u00f3rdenes han sido moderadas o ajustadas gracias a la sociedad civil, periodistas, denunciantes del gobierno y algunos miembros del Congreso que han sido vocales sobre los da\u00f1os inmediatos.<\/p>\n\n\n\n<p>Las comunidades de salud, medicina y ciencia tienen un papel vital en la defensa de sus pacientes, la protecci\u00f3n de programas y el cabildeo por pol\u00edticas e instituciones que sean buenas para la salud y el bienestar. El apoyo bipartidista a la salud global en EE.UU. ha dado paso a una profunda polarizaci\u00f3n, y la comunidad de salud global debe enfrentar el hecho de que EE.UU. es ahora un socio poco confiable. Como se\u00f1ala Ilona Kickbusch en un comentario en este n\u00famero, otros estados miembros deben financiar y construir una organizaci\u00f3n que est\u00e9 a la altura de los desaf\u00edos futuros.<\/p>\n\n\n\n<p>La comunidad de salud ha superado enormes obst\u00e1culos muchas veces antes para hacer contribuciones significativas al bienestar de la humanidad. Esas experiencias han cristalizado una visi\u00f3n sobre lo que es la salud y lo que puede ser. Que todos tienen derecho a la salud. Que la salud de los estadounidenses depende de la salud de todos, en todas partes, y viceversa. Que la cooperaci\u00f3n y las asociaciones constructivas son vitales, y que la ciencia tiene la capacidad no solo de avanzar en nuestra comprensi\u00f3n del mundo, sino tambi\u00e9n de unir a las personas. Que la salud es un bien social, beneficioso para las sociedades, un motor de las econom\u00edas y un camino hacia el desarrollo. Que la medicina puede ayudar a las personas en sus momentos m\u00e1s bajos, aliviar el sufrimiento y mejorar vidas. Que la equidad\u2014tratar seg\u00fan la necesidad\u2014es fundamental para lo que es la medicina. Y que cuidar no es un acto de debilidad, sino de fortaleza.<\/p>\n\n\n\n<p>Las \u00faltimas tres semanas han generado mucha ira, miedo y tristeza, pero no es momento para el p\u00e1nico. Las comunidades m\u00e9dica y cient\u00edfica deben unirse y defender esta visi\u00f3n. Con ese esp\u00edritu, The Lancet ser\u00e1 un punto focal de rendici\u00f3n de cuentas durante los pr\u00f3ximos cuatro a\u00f1os, monitoreando y revisando las acciones del gobierno de EE.UU. y las consecuencias de sus decisiones para la salud.<\/p>\n\n\n\n<p><em>Se puede acceder a la nota completa a trav\u00e9s del\u00a0<a href=\"https:\/\/www.thelancet.com\/journals\/lancet\/article\/PIIS0140-6736(25)00237-5\/fulltext\" target=\"_blank\" rel=\"noreferrer noopener\">enlace<\/a><\/em><\/p>\n","protected":false},"excerpt":{"rendered":"<p>Por Mario Rovere.\u00a0Publicado en Revista Soberan\u00eda Sanitaria \u00bfGlobalizar la resistencia?;&nbsp;la pretensiosa agenda de reingenier\u00eda mundial de las ultraderechas \u201cNo ha sido elegido para gobernar el mundo\u201d&nbsp;Lula da Silva, presidente de Brasil Bastaron dos semanas para [&hellip;]<\/p>\n","protected":false},"author":2,"featured_media":2534,"comment_status":"closed","ping_status":"open","sticky":false,"template":"","format":"standard","meta":{"footnotes":""},"categories":[123],"tags":[],"class_list":["post-2935","post","type-post","status-publish","format-standard","has-post-thumbnail","hentry","category-salud-internacional"],"_links":{"self":[{"href":"https:\/\/campusff.ms.gba.gov.ar\/comunidaddea-ff\/wp-json\/wp\/v2\/posts\/2935","targetHints":{"allow":["GET"]}}],"collection":[{"href":"https:\/\/campusff.ms.gba.gov.ar\/comunidaddea-ff\/wp-json\/wp\/v2\/posts"}],"about":[{"href":"https:\/\/campusff.ms.gba.gov.ar\/comunidaddea-ff\/wp-json\/wp\/v2\/types\/post"}],"author":[{"embeddable":true,"href":"https:\/\/campusff.ms.gba.gov.ar\/comunidaddea-ff\/wp-json\/wp\/v2\/users\/2"}],"replies":[{"embeddable":true,"href":"https:\/\/campusff.ms.gba.gov.ar\/comunidaddea-ff\/wp-json\/wp\/v2\/comments?post=2935"}],"version-history":[{"count":1,"href":"https:\/\/campusff.ms.gba.gov.ar\/comunidaddea-ff\/wp-json\/wp\/v2\/posts\/2935\/revisions"}],"predecessor-version":[{"id":2936,"href":"https:\/\/campusff.ms.gba.gov.ar\/comunidaddea-ff\/wp-json\/wp\/v2\/posts\/2935\/revisions\/2936"}],"wp:featuredmedia":[{"embeddable":true,"href":"https:\/\/campusff.ms.gba.gov.ar\/comunidaddea-ff\/wp-json\/wp\/v2\/media\/2534"}],"wp:attachment":[{"href":"https:\/\/campusff.ms.gba.gov.ar\/comunidaddea-ff\/wp-json\/wp\/v2\/media?parent=2935"}],"wp:term":[{"taxonomy":"category","embeddable":true,"href":"https:\/\/campusff.ms.gba.gov.ar\/comunidaddea-ff\/wp-json\/wp\/v2\/categories?post=2935"},{"taxonomy":"post_tag","embeddable":true,"href":"https:\/\/campusff.ms.gba.gov.ar\/comunidaddea-ff\/wp-json\/wp\/v2\/tags?post=2935"}],"curies":[{"name":"wp","href":"https:\/\/api.w.org\/{rel}","templated":true}]}}