{"id":2933,"date":"2025-02-04T12:28:46","date_gmt":"2025-02-04T15:28:46","guid":{"rendered":"https:\/\/campusff.ms.gba.gov.ar\/comunidaddea-ff\/?p=2933"},"modified":"2025-02-20T12:30:20","modified_gmt":"2025-02-20T15:30:20","slug":"reporte-de-salud-internacional-47","status":"publish","type":"post","link":"https:\/\/campusff.ms.gba.gov.ar\/comunidaddea-ff\/2025\/02\/04\/reporte-de-salud-internacional-47\/","title":{"rendered":"Reporte de salud internacional #47"},"content":{"rendered":"\n<p><em>Por Mario Rovere.\u00a0<\/em><a href=\"https:\/\/revistasoberaniasanitaria.com.ar\/reporte-de-salud-internacional-47\/\" target=\"_blank\" rel=\"noreferrer noopener\">Publicado en Revista Soberan\u00eda Sanitaria<\/a><\/p>\n\n\n\n<p><strong><em>\u201cTropezar desde el comienzo\u201d:<\/em><em>&nbsp;desmantelar el Estado, tambi\u00e9n puede matar<\/em><\/strong><\/p>\n\n\n\n<p>El \u201corgullo antifascista y antiracista\u201d devino un mensaje escrito en y con el cuerpo de multitud de personas manifestando, en las principales ciudades de Argentina, &nbsp;con replicas en otras ciudades del mundo, b\u00e1sicamente, contra los discursos de odio de las ultraderechas que intentan retrotraer el reloj de la historia.. Parece una noticia nacional, si no fuera que las masivas manifestaciones fueron una reacci\u00f3n a discursos pronunciados por el presidente argentino en el Foro de Davos con pretensiones de universalidad, en donde &nbsp;\u201cexhort\u00f3 a la supresi\u00f3n dr\u00e1stica de todos los organismos supranacionales, al tiempo que reiter\u00f3 su llamado a limitar las funciones del Estado a la \u201cdefensa de la vida, la libertad y la propiedad privada\u201d.<\/p>\n\n\n\n<p>Pero una verdadera militancia antifascista no es algo nuevo para el sector salud. Aunque con frecuencia se olvida su origen el movimiento de reforma psiqui\u00e1trica que irradi\u00f3 desde el norte de Italia (no por casualidad desde all\u00ed) se sustenta en este principio, que no debe enunciarse vac\u00edo de contenido, y que implica desalojar el autoritarismo en los rincones en donde se oculta, en regla general en las instituciones (\u201cviolencia institucional\u201d) en donde se reproduce a la sombra de reglamentos, de c\u00f3digos, de usos y costumbres, de normatizaciones y de normalizaciones, de est\u00edmulos y de sanciones. &nbsp;&nbsp;<em>&nbsp;<\/em><\/p>\n\n\n\n<p>Como el autoritarismo vive mejor en la sombra, no es seguro que la ostentosa exposici\u00f3n de discrecionalidad que el presidente de Estados Unidos le ha impuesto a sus primeros d\u00edas de gobierno no estimule una reacci\u00f3n colectiva adversa a nivel mundial.<\/p>\n\n\n\n<p>Las fotos de aviones militares con deportados esposados dirigidos a Brasil, Colombia, Venezuela, M\u00e9xico o Centroam\u00e9rica representan un \u201cmensaje\u201d que no augura la mejor de las relaciones con Am\u00e9rica Latina y el intento de negar el derecho de ciudadan\u00eda a los hijos de migrantes, fundamentalmente latinos, parece esconder un trasfondo racista, alimentando el \u201csupremacismo blanco\u201d en ese pa\u00eds.<\/p>\n\n\n\n<p>Ni bien salido \u201cel toro al ruedo\u201d, con su \u00edmpetu arrollador, un accidente a\u00e9reo sacudi\u00f3 el relato. Fue el propio presidente el que, al intentar politizar el tr\u00e1gico accidente, alert\u00f3 a la prensa. En efecto, al poner, prematuramente, el foco en la supuesta incompetencia de los controladores y responsabilizar por ello al gobierno anterior atrajo la curiosidad de la prensa que lo interpret\u00f3 como un verdadero \u201cataque preventivo\u201d. La influyente revista TIME lo expres\u00f3 as\u00ed:<\/p>\n\n\n\n<p><em>\u201cEn los 10 d\u00edas transcurridos desde la investidura de Trump, su administraci\u00f3n congel\u00f3 la contrataci\u00f3n de controladores de tr\u00e1fico a\u00e9reo adicionales, desmantel\u00f3 protecciones clave de seguridad a\u00e9rea y despidi\u00f3 a los directivos de la agencia federal de aviaci\u00f3n FAA en beneficio de los intereses comerciales de Musk\u201d, escribi\u00f3 el grupo de defensa de pol\u00edticas MoveOn en un comunicado. \u201cMientras trabajamos para aprender las lecciones de esta tragedia, necesitamos que Trump, sus aliados y su administraci\u00f3n pongan fin a su ataque a los servicios p\u00fablicos que son esenciales para mantenernos seguros\u201d. &nbsp;&nbsp;Apenas unos d\u00edas antes del accidente, el presidente Donald Trump promulg\u00f3 una reestructuraci\u00f3n radical de las agencias federales responsables de la supervisi\u00f3n de la aviaci\u00f3n, destituyendo al administrador de la Administraci\u00f3n de Seguridad del Transporte (TSA), David Pekoske, y eliminando a todos los miembros de un grupo asesor clave en materia de seguridad de la aviaci\u00f3n. La Administraci\u00f3n Federal de Aviaci\u00f3n (FAA), que regula a las aerol\u00edneas y a los fabricantes de aeronaves y gestiona el espacio a\u00e9reo del pa\u00eds.<\/em><\/p>\n\n\n\n<p><em>Se puede acceder a la nota completa a trav\u00e9s del\u00a0<a href=\"https:\/\/time.com\/7211690\/washington-dc-plane-crash-trump-aviation\/?fbclid=IwY2xjawIK6uBleHRuA2FlbQIxMQABHSrekgVnU-qjY3nxHCPGSYeNlS_7z3kKMAjJXqE_MDwvae9aY5wKAV59Rg_aem_A-CDGJe9pOTasIh4X6xvRg\" target=\"_blank\" rel=\"noreferrer noopener\">enlace<\/a><\/em><\/p>\n\n\n\n<p><strong><em>Una audiencia al futuro responsable de la salud<\/em><em>; para entender a &nbsp;un Kennedy deconstruido<\/em><\/strong><\/p>\n\n\n\n<p>Concentrar este n\u00famero de Reportes en lo que ocurre en un solo pa\u00eds ser\u00eda inadecuado si no fuera que desde all\u00ed parecen concentrarse los hilos de lo que viviremos en los pr\u00f3ximos meses y a\u00f1os.<\/p>\n\n\n\n<p>La audiencia a un nervioso Robert Kennedy Jr. -que puede seguirse en videos- dur\u00f3 m\u00e1s de tres horas y el New York Times ayuda a comprender lo esencial a trav\u00e9s de cinco conclusiones:<\/p>\n\n\n\n<ol class=\"wp-block-list\">\n<li>Logr\u00f3 convencer (\u00bfapenas?) a los senadores propios, ii. No conoce bien las instituciones, ni la naturaleza de lo que debe gestionar, iii. no pudo levantar la sombra que lo acompa\u00f1a: el de ser un l\u00edder antivacunas, iv. No despej\u00f3 la posibilidad de tener incompatibilidades por las firmas que como abogado patrocina y v. Llega con apoyo de un movimiento espejo al de Trump, que el mismo ayud\u00f3 a formar (MAHA en vez de MAGA: hacer am\u00e9rica saludable de nuevo) que preanuncia una agenda ecologista y contraria a la fluoraci\u00f3n del agua y a los alimentos ultraprocesados.<\/li>\n<\/ol>\n\n\n\n<p><em>Se puede acceder a la nota completa a trav\u00e9s del\u00a0<a href=\"https:\/\/www.nytimes.com\/es\/2025\/01\/30\/espanol\/estados-unidos\/rfk-jr-conclusiones-primera-audiencia-confirmacion.html\" target=\"_blank\" rel=\"noreferrer noopener\">enlace<\/a><\/em><\/p>\n\n\n\n<p><strong><em>Lula ataca a Trump por retirar a EUA de la OMS<\/em><\/strong><\/p>\n\n\n\n<p><em>\u201cRegresi\u00f3n civilizatoria\u201d. Fue la definici\u00f3n del presidente brasilero respecto al anuncio do nuevo presidente de los Estados Unidos de retirar al pa\u00eds de la &nbsp;OMS y de los Acuerdos de Paris, referentes a la adaptaci\u00f3n global al cambio clim\u00e1tico. Lula, que acaba de protagonizar un acuerdo de combate al hambre en la reuni\u00f3n del G-20 en Brasil, record\u00f3&nbsp; que Estados Unidos ya no hab\u00eda cumplido con los acuerdos de Kyoto,&nbsp; Sus declaraciones, as\u00ed como las reacciones de otros pa\u00edses como China, Jap\u00f3n y Corea del Sur, pueden ser una se\u00f1al de que algunos pa\u00edses perciban una oportunidad de ocupar espacios en acciones relativas a la salud de las naciones m\u00e1s&nbsp; inmediatamente afectadas por el&nbsp; desfinanciamiento de la OMS.<\/em><\/p>\n\n\n\n<p><strong><em>Alerta Fiebre Amarilla<\/em><em>: en plena temporada de turismo internacional este mes en el Estado de San Pablo<\/em><\/strong><\/p>\n\n\n\n<p><em>En enero, tres personas murieron por fiebre amarilla en el estado de S\u00e3o Paulo. Los datos fueron confirmados por el Departamento de Salud del Estado e incluyen los casos registrados hasta el viernes 24 de enero. Esta cifra ya supera la registrada durante todo el a\u00f1o pasado, cuando se confirmaron dos casos y una muerte. Este ya es el mayor n\u00famero de casos desde 2019, cuando se registraron 64 casos aut\u00f3ctonos (contra\u00eddos en la regi\u00f3n donde vive la persona) y 12 muertes en todo el estado de S\u00e3o Paulo.<\/em><\/p>\n\n\n\n<p><em>En total, en 2025 se confirmaron siete casos de fiebre amarilla en humanos&nbsp;<\/em>(al cierre de este reporte ya son 8)<em>, todos en el interior de S\u00e3o Paulo. Cuatro de estos casos se registraron en Socorro, uno en Tuiuti y uno en Joan\u00f3polis, lugares donde se est\u00e1n reforzando las acciones de vacunaci\u00f3n y salud. Otro caso a\u00fan est\u00e1 bajo investigaci\u00f3n. Tambi\u00e9n hubo refuerzo de acciones en la regi\u00f3n de Ribeir\u00e3o Preto, donde se detect\u00f3 la muerte de monos debido a la infecci\u00f3n. Aunque los monos enfermos no transmiten la enfermedad, son un indicio de la circulaci\u00f3n del virus.<\/em><\/p>\n\n\n\n<p><em>Se puede acceder a la nota completa a trav\u00e9s del\u00a0<a href=\"https:\/\/agenciabrasil.ebc.com.br\/saude\/noticia\/2025-01\/sp-ja-tem-mais-mortes-por-febre-amarela-neste-ano-do-que-em-todo-2024\" target=\"_blank\" rel=\"noreferrer noopener\">enlace<\/a><\/em><\/p>\n\n\n\n<p><strong><em>Brasil: La Pol\u00edtica Nacional de Cuidados ya es ley<\/em><\/strong><\/p>\n\n\n\n<p><em>El cuidado es tratado como una necesidad universal y un derecho que debe ser garantizado por el Estado. Adem\u00e1s, reconoce el trabajo de cuidado como fundamental para la reproducci\u00f3n y sostenibilidad de la vida. El presidente agradeci\u00f3 al Congreso por la aprobaci\u00f3n y enfatiz\u00f3 la importancia de la pol\u00edtica: \u00abEl Estado va a cuidar de estas personas y sacar de la invisibilidad tanto a quienes necesitan cuidado como a quienes cuidan. Este dinero es una inversi\u00f3n en la calidad de vida de las personas que trabajaron tanto y dedicaron tanto tiempo para construir este Brasil\u00bb, declar\u00f3.<\/em><\/p>\n\n\n\n<p><em>La Ley N\u00ba 15.069 sit\u00faa a Brasil como referente en la protecci\u00f3n de derechos de las personas mayores y en la construcci\u00f3n de un sistema de cuidado inclusivo.<\/em><\/p>\n\n\n\n<p><em>Se puede acceder a la nota completa a trav\u00e9s del\u00a0<a href=\"https:\/\/iberoamericamayores.org\/2025\/01\/24\/brasil-la-politica-nacional-de-cuidados-es-ley\/\" target=\"_blank\" rel=\"noreferrer noopener\">enlace<\/a><\/em><\/p>\n\n\n\n<p><strong><em>Colaboraciones al Reporte 46&nbsp;<\/em>:<\/strong>&nbsp;Reflexiones m\u00faltiples alrededor de la ayuda y de la filantrop\u00eda internacional que desde sus or\u00edgenes parece m\u00e1s bien consistir en el arte de lograr que una transacci\u00f3n parezca una donaci\u00f3n, ocultando prolijamente las contraprestaciones que se solicitan y exigen a cambio.<\/p>\n\n\n\n<p><strong><em>Colaboraci\u00f3n Bel\u00e9n Herrero<\/em><\/strong><\/p>\n\n\n\n<p><em>\u201c\u2026los financiadores, donantes y organizaciones filantr\u00f3picas del Norte Global tienen una enorme influencia en todos los aspectos de la salud global. A menudo deciden qui\u00e9n dirige las organizaciones, qui\u00e9n recibe financiaci\u00f3n y qu\u00e9 intervenciones se priorizan. Y la mayor\u00eda de las universidades y organizaciones no gubernamentales internacionales del Norte Global no est\u00e1n dispuestas a discutir la influencia desproporcionada de los donantes ricos porque temen poner en peligro su propia financiaci\u00f3n.\u201d<\/em><\/p>\n\n\n\n<p><em>Y continua\u2026\u201d Los resultados se pueden ver en c\u00f3mo las subvenciones a menudo se destinan a las instituciones del Norte Global, incluso cuando la investigaci\u00f3n se realiza \u00edntegramente en pa\u00edses de ingresos bajos y medios, o incluso cuando los investigadores del Sur Global est\u00e1n mejor situados para liderar la agenda de investigaci\u00f3n. Este desequilibrio de poder tambi\u00e9n es evidente con las desigualdades de autor\u00eda en la investigaci\u00f3n de salud global; los primeros y los autores principales a menudo son de pa\u00edses de ingresos altos, ya que necesitan publicaciones para promocionarse, obtener subvenciones y darse a conocer. De manera similar, los premios y premios de salud global a menudo se destinan a personas y organizaciones de pa\u00edses de ingresos altos. Dado este contexto en el que las promociones y las expectativas de permanencia en las universidades del Norte Global se basan principalmente en el \u00e9xito individual en criterios como el n\u00famero de publicaciones como primer autor o autor principal, el n\u00famero de becas obtenidas como investigador principal, premios, citaciones y conferencias magistrales, el trabajo de construcci\u00f3n de alianzas y asociaciones rara vez es reconocido o recompensado por los comit\u00e9s de promociones. Si las instituciones no cambian sus pol\u00edticas de promociones y sus estructuras de incentivos acad\u00e9micos, es poco probable que los individuos por s\u00ed solos puedan promover la equidad.\u201d<\/em><\/p>\n\n\n\n<p><em>Se puede acceder a la nota completa a trav\u00e9s del\u00a0<a href=\"https:\/\/www.thelancet.com\/journals\/lancet\/article\/PIIS0140-6736(24)02323-7\/abstract?dgcid=buzzsprout_tlv_podcast_generic_lancet\" target=\"_blank\" rel=\"noreferrer noopener\">enlace<\/a><\/em><\/p>\n\n\n\n<p><em><strong>Colaboraci\u00f3n Isabel Dur\u00e9 comunicaci\u00f3n oficial de la casa blanca 20 de enero<\/strong><\/em><\/p>\n\n\n\n<p><em>Secci\u00f3n 2. Pol\u00edtica .&nbsp;&nbsp; Es pol\u00edtica de los Estados Unidos que no se desembolsar\u00e1 m\u00e1s asistencia exterior de los Estados Unidos de una manera que no est\u00e9 totalmente alineada con la pol\u00edtica exterior del Presidente de los Estados Unidos.<\/em><\/p>\n\n\n\n<p><em>Secci\u00f3n 3. (a)&nbsp; Pausa de 90 d\u00edas en la asistencia para el desarrollo exterior de los Estados Unidos para evaluar la eficiencia program\u00e1tica y la coherencia con la pol\u00edtica exterior de los Estados Unidos.&nbsp; Todos los jefes de departamentos y agencias con responsabilidad sobre programas de asistencia para el desarrollo exterior de los Estados Unidos suspender\u00e1n inmediatamente las nuevas obligaciones y desembolsos de fondos de asistencia para el desarrollo a pa\u00edses extranjeros y organizaciones no gubernamentales ejecutoras, organizaciones internacionales y contratistas en espera de que se realicen evaluaciones de la eficiencia program\u00e1tica y la coherencia con la pol\u00edtica exterior de los Estados Unidos de dichos programas, que se realizar\u00e1n dentro de los 90 d\u00edas siguientes a la presente orden. La Oficina de Administraci\u00f3n y Presupuesto (OMB) har\u00e1 cumplir esta pausa a trav\u00e9s de su autoridad de asignaci\u00f3n de fondos.<\/em><\/p>\n\n\n\n<p><em>Se puede acceder a la nota completa a trav\u00e9s del\u00a0<a href=\"https:\/\/www.whitehouse.gov\/presidential-actions\/2025\/01\/reevaluating-and-realigning-united-states-foreign-aid\/\" target=\"_blank\" rel=\"noreferrer noopener\">enlace<\/a><\/em><\/p>\n\n\n\n<p><strong><em>Colaboraci\u00f3n Adri\u00e1n Diaz<\/em><em>;&nbsp;<\/em>un aislamiento cient\u00edfico que puede resultar un boomerang 27 de enero<\/strong><\/p>\n\n\n\n<p><em>Por&nbsp; Mike Stobbe<\/em><\/p>\n\n\n\n<p><em>NUEVA YORK (AP) \u2014 A los funcionarios de salud p\u00fablica de Estados Unidos se les ha ordenado que dejen de trabajar con la Organizaci\u00f3n Mundial de la Salud, con efecto inmediato. Un funcionario de los Centros para el Control y la Prevenci\u00f3n de Enfermedades de Estados Unidos, John Nkengasong, envi\u00f3 un memorando a los altos l\u00edderes de la agencia el domingo por la noche dici\u00e9ndoles que todo el personal que trabaja con la OMS debe detener inmediatamente sus colaboraciones y \u00abesperar m\u00e1s orientaci\u00f3n\u00bb. Los expertos dijeron que la interrupci\u00f3n repentina fue una sorpresa y retrasar\u00eda el trabajo de investigaci\u00f3n y&nbsp;<u>los intentos de detener los brotes del virus de Marburgo y MPOX en \u00c1frica, as\u00ed como las amenazas mundiales que se est\u00e1n gestando.<\/u>&nbsp;Tambi\u00e9n se produce en un momento en que las autoridades sanitarias de todo el mundo est\u00e1n monitoreando los brotes de gripe aviar entre el ganado estadounidense. The Associated Press tuvo acceso a una copia del memorando de Nkengasong, que dec\u00eda que la pol\u00edtica de suspensi\u00f3n de labores se aplicaba a \u201ctodo el personal de los CDC que colabora con la OMS a trav\u00e9s de grupos de trabajo t\u00e9cnicos, centros de coordinaci\u00f3n, juntas asesoras, acuerdos de cooperaci\u00f3n u otros medios, en persona o de forma virtual\u201d. Tambi\u00e9n dec\u00eda que el personal de los CDC no puede visitar las oficinas de la OMS.<\/em><\/p>\n\n\n\n<p><em>Se puede acceder a la nota completa a trav\u00e9s del\u00a0<a href=\"https:\/\/apnews.com\/article\/cdc-who-trump-548cf18b1c409c7d22e17311ccdfe1f6?fbclid=IwY2xjawIFW-hleHRuA2FlbQIxMQABHaiDcSqE-5f755LKkuLl2E4YZc_TuCKtZ0rKSjoA9cpMz5rR2nH_Ip1zUw_aem_1-cWZWGBNaWSpTl2V2692w&amp;sfnsn=wa\" target=\"_blank\" rel=\"noreferrer noopener\">enlace<\/a><\/em><\/p>\n\n\n\n<p><strong><em>Colaboraci\u00f3n Marcela Belardo<\/em><em>: Tambi\u00e9n EE. UU. Desfinancia a la OIM<\/em><\/strong><\/p>\n\n\n\n<p><em>En una reuni\u00f3n con miembros de cinco ministerios este lunes (27), el gobierno de Lula decidi\u00f3 sostener de manera de emergencia las acciones de la Operaci\u00f3n Acolhida, en las regiones fronterizas con Venezuela, al menos por los pr\u00f3ximos 15 d\u00edas, mientras busca una nueva socio para financiar la organizaci\u00f3n de la ONU que ayud\u00f3 a atender a los inmigrantes en la regi\u00f3n norte del pa\u00eds.<\/em><\/p>\n\n\n\n<p><em>La decisi\u00f3n fue tomada luego de que la OIM (Organizaci\u00f3n Internacional para las Migraciones), el brazo de la ONU para ayudar a migrantes y refugiados, anunci\u00f3 la noche del domingo a las 19:36 que el presidente estadounidense, Donald Trump, hab\u00eda ordenado el bloqueo de los fondos que abastecen al organismo internacional, es imposible continuar los servicios de la Operaci\u00f3n Acolhida.<\/em><\/p>\n\n\n\n<p><em>Se puede acceder a la nota completa a trav\u00e9s del\u00a0<a href=\"https:\/\/g1.globo.com\/politica\/blog\/daniela-lima\/post\/2025\/01\/27\/brasil-vai-sustentar-operacao-acolhida-em-carater-emergencial-enquanto-busca-outro-parceiro-para-financiar-braco-da-onu.ghtml\" target=\"_blank\" rel=\"noreferrer noopener\">enlace<\/a><\/em><\/p>\n\n\n\n<p><strong><em>Colaboraci\u00f3n Rodolfo Kaufmann<\/em><em>: Caos dom\u00e9stico suspenden transferencias por un trill\u00f3n de d\u00f3lares<\/em><\/strong><\/p>\n\n\n\n<p>El Washington post informa que la orden de suspensi\u00f3n de transferencia ha creado incertidumbre<\/p>\n\n\n\n<p><em>La orden puede ser legalmente contestada pero el presidente tiene la potestad de diferir las transferencias por cierto tiempo de acuerdo con los expertos en presupuesto. &nbsp;Hasta el momento no queda claro que ser\u00e1 congelado y que no.<\/em><\/p>\n\n\n\n<p><em>Donald Kettl, profesor emerito y ex decano de la Escuela de Salud P\u00fablica de la Universidad de Maryland se\u00f1al\u00f3 que los t\u00e9rminos del memo son confuses, poco claros y que han despertado temor y p\u00e1nico entre los expertos. \u201c como los gobiernos locales y estatales as\u00ed como la mayor\u00eda de los que dependen de subvenciones financiadas con fondos federales luchan por determinar si el flujo de efectivo se detendr\u00e1 y cu\u00e1ndo.\u201cEn dos p\u00e1ginas lo que hemos acumulado durante 60 a\u00f1os de tradici\u00f3n y pol\u00edticas se evaporaron en el aire; para aquellos que mas sufren la incertidumbre ser\u00e1 inmensa\u201d.<\/em><\/p>\n\n\n\n<p>Nos agrega el comentario de una colega<em>: El financiamiento que se bloquea es tanto interno como externo. Los institutos nacionales de salud tienen orden de parar todo y ni siquiera pueden comunicarse con las instituciones afectadas. Para las universidades es un caos y depender\u00e1 de lo que pase ya que puede ser una situaci\u00f3n financiera imposible de remontar, las subvenciones cubren gran parte de los salarios y el funcionamiento institucional.<\/em><\/p>\n\n\n\n<p><em>Se puede acceder a la nota completa a trav\u00e9s del\u00a0<a href=\"https:\/\/www.washingtonpost.com\/business\/2025\/01\/27\/white-house-pauses-federal-grants\/\" target=\"_blank\" rel=\"noreferrer noopener\">enlace<\/a><\/em><\/p>\n","protected":false},"excerpt":{"rendered":"<p>Por Mario Rovere.\u00a0Publicado en Revista Soberan\u00eda Sanitaria \u201cTropezar desde el comienzo\u201d:&nbsp;desmantelar el Estado, tambi\u00e9n puede matar El \u201corgullo antifascista y antiracista\u201d devino un mensaje escrito en y con el cuerpo de multitud de personas manifestando, [&hellip;]<\/p>\n","protected":false},"author":2,"featured_media":2534,"comment_status":"closed","ping_status":"open","sticky":false,"template":"","format":"standard","meta":{"footnotes":""},"categories":[123],"tags":[],"class_list":["post-2933","post","type-post","status-publish","format-standard","has-post-thumbnail","hentry","category-salud-internacional"],"_links":{"self":[{"href":"https:\/\/campusff.ms.gba.gov.ar\/comunidaddea-ff\/wp-json\/wp\/v2\/posts\/2933","targetHints":{"allow":["GET"]}}],"collection":[{"href":"https:\/\/campusff.ms.gba.gov.ar\/comunidaddea-ff\/wp-json\/wp\/v2\/posts"}],"about":[{"href":"https:\/\/campusff.ms.gba.gov.ar\/comunidaddea-ff\/wp-json\/wp\/v2\/types\/post"}],"author":[{"embeddable":true,"href":"https:\/\/campusff.ms.gba.gov.ar\/comunidaddea-ff\/wp-json\/wp\/v2\/users\/2"}],"replies":[{"embeddable":true,"href":"https:\/\/campusff.ms.gba.gov.ar\/comunidaddea-ff\/wp-json\/wp\/v2\/comments?post=2933"}],"version-history":[{"count":1,"href":"https:\/\/campusff.ms.gba.gov.ar\/comunidaddea-ff\/wp-json\/wp\/v2\/posts\/2933\/revisions"}],"predecessor-version":[{"id":2934,"href":"https:\/\/campusff.ms.gba.gov.ar\/comunidaddea-ff\/wp-json\/wp\/v2\/posts\/2933\/revisions\/2934"}],"wp:featuredmedia":[{"embeddable":true,"href":"https:\/\/campusff.ms.gba.gov.ar\/comunidaddea-ff\/wp-json\/wp\/v2\/media\/2534"}],"wp:attachment":[{"href":"https:\/\/campusff.ms.gba.gov.ar\/comunidaddea-ff\/wp-json\/wp\/v2\/media?parent=2933"}],"wp:term":[{"taxonomy":"category","embeddable":true,"href":"https:\/\/campusff.ms.gba.gov.ar\/comunidaddea-ff\/wp-json\/wp\/v2\/categories?post=2933"},{"taxonomy":"post_tag","embeddable":true,"href":"https:\/\/campusff.ms.gba.gov.ar\/comunidaddea-ff\/wp-json\/wp\/v2\/tags?post=2933"}],"curies":[{"name":"wp","href":"https:\/\/api.w.org\/{rel}","templated":true}]}}