{"id":2929,"date":"2025-01-14T12:23:10","date_gmt":"2025-01-14T15:23:10","guid":{"rendered":"https:\/\/campusff.ms.gba.gov.ar\/comunidaddea-ff\/?p=2929"},"modified":"2025-02-20T12:24:23","modified_gmt":"2025-02-20T15:24:23","slug":"reporte-de-salud-internacional-44","status":"publish","type":"post","link":"https:\/\/campusff.ms.gba.gov.ar\/comunidaddea-ff\/2025\/01\/14\/reporte-de-salud-internacional-44\/","title":{"rendered":"Reporte de salud internacional #44"},"content":{"rendered":"\n<p><em>Por Mario Rovere.\u00a0<\/em><a href=\"https:\/\/revistasoberaniasanitaria.com.ar\/reporte-de-salud-internacional-44\/\" target=\"_blank\" rel=\"noreferrer noopener\">Publicado en Revista Soberan\u00eda Sanitaria<\/a><\/p>\n\n\n\n<p><strong><em>Bienvenidos al planeta Trump:<\/em><em>&nbsp;\u00bfSe anexa Canad\u00e1? \u00bfse compra Groenlandia? Se rebautiza el Golfo de M\u00e9xico<\/em><\/strong><\/p>\n\n\n\n<p>La historia de la humanidad ha puesto marcha atr\u00e1s y acelera. En un Reporte anterior mencionamos la tesis de Varoufakis sobre que el capitalismo regresaba a sus antecesores: el feudalismo -y dado el retroceso en derechos laborales podr\u00edamos a\u00f1adir al esclavismo-. Durante los a\u00f1os 2023 y 2024 se superaron los registros &nbsp;considerados l\u00edmite de m\u00e1ximo peligro en la temperatura del planeta, con un incremento superior a 1,5 grados. Por su parte el futuro presidente negacionista de Estados Unidos promete regresar a la expansi\u00f3n territorial similares a las de fines del siglo XIX, incluso aprovechando \u201cel deshielo\u201d de Groenlandia.<\/p>\n\n\n\n<p>La inesperada renuncia, justo esta semana, y luego de 10 a\u00f1os en el poder, del primer ministro de Canad\u00e1 J. Trudeau parece ser el resultado de divisiones internas, pero el mundo no deja de verlo como una consecuencia directa del ataque que sufri\u00f3 de parte de Donald Trump. &nbsp;<\/p>\n\n\n\n<p>En diciembre&nbsp;<em>\u201cEl presidente electo estadounidense, Donald Trump, volvi\u00f3 a hacer chanza del primer ministro canadiense, Justin Trudeau, al que llam\u00f3 \u2026\u00abGobernador Justin Trudeau del gran estado de Canad\u00e1\u00bb. Trump ha seguido repitiendo esa broma (\u00bf?) desde que se conociera que en su cena en Mar-a-Lago, el pasado 29 de noviembre, el presidente electo le dijo que si la econom\u00eda canadiense colapsar\u00eda con los aranceles del 25 % que propone para acabar con el super\u00e1vit comercial canadiense, lo mejor que podr\u00eda pasar es que Canad\u00e1 se convirtiera en el 51 estado de Estados Unidos\u201d<\/em>.<\/p>\n\n\n\n<p>Al conocerse la renuncia el d\u00eda de reyes insisti\u00f3&nbsp;<em>A muchas personas de Canad\u00e1 les encantar\u00eda ser el estado n\u00famero 51. Estados Unidos ya no puede sufrir los enormes d\u00e9ficits comerciales y subsidios que Canad\u00e1 necesita para mantenerse a flote. Justin Trudeau lo sab\u00eda y renunci\u00f3. Si Canad\u00e1 se fusionara con Estados Unidos, no habr\u00eda aranceles, los impuestos se reducir\u00edan mucho y&nbsp;<u>estar\u00edan totalmente seguros<\/u>&nbsp;frente a la amenaza de los barcos rusos y chinos que los rodean constantemente. \u00a1Juntos, qu\u00e9 gran naci\u00f3n ser\u00eda!.<\/em><\/p>\n\n\n\n<p>Mientras tanto, aunque en car\u00e1cter de turista, Trump envi\u00f3 a su hijo a Groenlandia en un nuevo gesto pol\u00edtico que fue mal visto en Dinamarca:&nbsp;<em>Donald Trump Jr. realiz\u00f3 el martes una visita privada a Groenlandia, apenas unas semanas despu\u00e9s de que su padre reafirmara su inter\u00e9s por el territorio aut\u00f3nomo dan\u00e9s, rico en minerales y petr\u00f3leo, que desea independizarse. El presidente electo de Estados Unidos calific\u00f3 el lunes la isla \u00e1rtica de \u201clugar incre\u00edble\u201d y prometi\u00f3 que su poblaci\u00f3n prosperar\u00eda en caso de que Washington se la anexara.<\/em>&nbsp;No solo Dinamarca sino la propia Uni\u00f3n Europea sali\u00f3 a contestar.<\/p>\n\n\n\n<p>Finalmente anunci\u00f3 que buscara cambiar el nombre del Golfo de M\u00e9xico por el de Golfo de Am\u00e9rica porque \u201cnosotros hacemos todo el trabajo, pronto comenzaremos explotaciones petroleras all\u00ed y suena bonito. Claudia Sheinbaum ingres\u00f3 a esta, por ahora guerra verbal, \u201cAm\u00e9rica Mexicana\u201d es el nombre original de EE.UU. volvamos a ese nombre tambi\u00e9n \u201csuena bonito\u201d.<\/p>\n\n\n\n<p>Elon Musk su asesor y financista est\u00e1 tambi\u00e9n dispuesto a extender su intervenci\u00f3n pol\u00edtica fuera de Estados Unidos. Califico al primer ministro brit\u00e1nico de \u201cdespreciable\u201d por su parte Starmer le contest\u00f3<em>&nbsp;\u00abaquellos que propagan mentiras no est\u00e1n interesados en las v\u00edctimas\u00bb. El l\u00edder laborista consider\u00f3 que \u00aba la mayor\u00eda de la gente le interesa m\u00e1s lo que ocurre en el NHS -sistema sanitario p\u00fablico- que lo que pasa en Twitter\u00bb.<\/em><\/p>\n\n\n\n<p>Pero X no es el \u00fanico caso de trumpismo expl\u00edcito ahora FCBK e Instagram se suman a la libre circulaci\u00f3n de noticias falsas (fakenews) Activistas contra \u201cla incitaci\u00f3n al odio en internet\u201d han denunciado&nbsp;<em>\u00abEl anuncio de Zuckerberg es un intento flagrante de acercarse al gobierno entrante de Trump, con implicaciones perjudiciales\u00bb, dijo Ava Lee, de Global Witness, un grupo de campa\u00f1a que tiene como objetivo, seg\u00fan su propia descripci\u00f3n, hacer que las grandes empresas tecnol\u00f3gicas sean responsables.<\/em><\/p>\n\n\n\n<p><em>\u00abDecir que se evita la \u2018censura\u2019 es una maniobra pol\u00edtica para eludir la responsabilidad por el odio y la desinformaci\u00f3n que las plataformas fomentan y facilitan\u00bb, se\u00f1al\u00f3.<\/em>&nbsp;Mientras el Supremo Tribunal de Brasil afirma que las redes no pueden estar por encima de la ley de ese pa\u00eds cabe reflexionar sobre hasta qu\u00e9 punto se puede perder soberan\u00eda comunicacional en nuestros pa\u00edses.<\/p>\n\n\n\n<p>Finalmente, independientemente de las opiniones cr\u00edticas que pueda merecer el gobierno de Venezuela, no deja de asombrar la uniformidad medi\u00e1tica \u201coccidental\u201d, m\u00e1s que anunciando, promoviendo, por en\u00e9sima vez una revuelta generalizada contra rasgos autoritarios inadmisibles, pero que disimulan prolijamente cuando se trata de similares medidas de gobiernos cercanos a sus intereses.<\/p>\n\n\n\n<p><strong><em>Pandemias s\u00ed, pandemia no(todav\u00eda);&nbsp;<\/em><em>virolog\u00eda: el invierno en el hemisferio Norte despierta alertas<\/em><\/strong><\/p>\n\n\n\n<ol class=\"wp-block-list\">\n<li><em>Covid 19 en Estados Unidos<\/em><\/li>\n<\/ol>\n\n\n\n<p><em>\u00abEn este momento parece que el virus se ha convertido realmente en end\u00e9mico. Pero creo que sigue siendo importante darse cuenta de que el virus sigue ah\u00ed fuera\u00bb, dijo Bronstein.En mayo de 2023 finaliza la Emergencia de Salud P\u00fablica mundial. Los casos y muertes por COVID han disminuido dr\u00e1sticamente desde la pandemia, pero Bronstein afirma que no podemos olvidar las lecciones aprendidas. \u00abEl a\u00f1o pasado (2024) &nbsp;m\u00e1s de 70.000 personas en EE.UU. fallecieron a causa del COVID y, sin embargo, el n\u00famero de personas que nos vacunamos ha disminuido bastante\u00bb, afirm\u00f3.<\/em><\/p>\n\n\n\n<p><em>Se puede acceder a la nota completa a trav\u00e9s del\u00a0<a href=\"https:\/\/abc7.com\/post\/5-anos-despues-de-los-primeros-informes-covid-19-reflexion-resiliencia-lecciones-aprendidas\/15748261\/\" target=\"_blank\" rel=\"noreferrer noopener\">enlace<\/a><\/em><\/p>\n\n\n\n<ol start=\"2\" class=\"wp-block-list\">\n<li><em>Gripe en Gran Breta\u00f1a<\/em><\/li>\n<\/ol>\n\n\n\n<p><em>Mientras los medios titulan el miedo a un \u201cFlu Disaster\u201d una, particularmente intensa, epidemia de gripe en este invierno satura las guardias de Gran Breta\u00f1a con hasta 50 hs de demora y la imposibilidad de internar casos dudosos por saturaci\u00f3n de las camas y de las unidades de cuidado intensivo.<\/em><\/p>\n\n\n\n<p><em>Los funcionarios de salud del gobierno anunciaron hoy que el Reino Unido est\u00e1 luchando contra un fuerte aumento de los casos de gripe. Los datos de vigilancia que siguieron el brote revelaron que la tasa de hospitalizaciones relacionadas con la gripe ha aumentado, ahora cuatro veces el nivel registrado hace apenas un mes. De acuerdo a la BBC, Los \u00faltimos datos mostraron que 5.000 pacientes con el virus estaban en el hospital a finales de la semana pasada, aproximadamente 3,5 veces m\u00e1s que la misma semana de 2023.<\/em><\/p>\n\n\n\n<p><em>Se puede acceder a la nota completa a trav\u00e9s del&nbsp;<a href=\"https:\/\/www.ucodigital.com.ar\/tecnica\/ante-el-aumento-de-la-gripe-en-los-hospitales-de-inglaterra-el-nhs-ha-emitido-una-alerta-de-emergencia\/135393\/\">enlace<\/a><\/em><\/p>\n\n\n\n<ol start=\"3\" class=\"wp-block-list\">\n<li><em>Metapneumovirus<\/em><\/li>\n<\/ol>\n\n\n\n<p>Pariente cercano del virus sincisial respiratorio, un brote pone en alerta al mundo, b\u00e1sicamente porque ocurre en China que declar\u00f3 la emergencia sanitaria y porque la memoria del Covid 19 y sus consecuencias est\u00e1n a\u00fan muy frescas. Se trata sin embargo de un virus con larga tradici\u00f3n de contagio humano sin condiciones de desencadenar una pandemia por ser conocido, por su tasa de contagiosidad &nbsp;y por su baja posibilidad de mutar.<\/p>\n\n\n\n<p><em>\u00abDescubrimos que todos los ni\u00f1os mayores de 5 a\u00f1os ten\u00edan anticuerpos contra este virus [HMPV]\u00bb, cuenta a DW Albert Osterhaus, que dirigi\u00f3 el primer estudio como miembro del Departamento de Virolog\u00eda de la Universidad M\u00e9dica Erasmus de Rotterdam. Osterhaus, ahora vir\u00f3logo de la Universidad de Medicina Veterinaria de Hannover, y sus colegas han llegado a la conclusi\u00f3n de que el HMPV ha circulado en humanos durante cientos de a\u00f1os. A diferencia del coronavirus y la gripe, el metapneumovirus humano tambi\u00e9n parece ser relativamente estable, es decir que las mutaciones son menos frecuentes y que la reinfecci\u00f3n se produce con el tiempo a medida que disminuye la inmunidad.<\/em><\/p>\n\n\n\n<p><em>Se puede acceder a la nota completa a trav\u00e9s del&nbsp;<a href=\"https:\/\/www.dw.com\/es\/lo-que-hay-que-saber-sobre-el-brote-del-virus-hmpv-en-china\/a-71242069\">enlace<\/a><\/em><\/p>\n\n\n\n<ol start=\"4\" class=\"wp-block-list\">\n<li><em>Gripe aviar Estados Unidos<\/em><\/li>\n<\/ol>\n\n\n\n<p>Aun lejos del contagio interhumano contin\u00faa siendo una zoonosis de trabajadores de las industrias av\u00edcolas y tamberas<em>. &nbsp;La Organizaci\u00f3n Mundial de la Salud, OMS, ha afirmado que el riesgo de gripe aviar para la poblaci\u00f3n general \u00absigue siendo bajo\u00bb. Su valoraci\u00f3n se produce despu\u00e9s de que Estados Unidos informara de la primera muerte humana en su territorio, por la enfermedad causada por el virus H5N1.<\/em><\/p>\n\n\n\n<p><em>La portavoz de la OMS, la doctora Margaret Harris, declar\u00f3 a la prensa en Ginebra que el virus H5N1 \u00abno est\u00e1 circulando entre los humanos, sino que salta a los humanos que est\u00e1n expuestos\u00bb a aves de corral o ganado lechero. \u00abNo estamos observando una circulaci\u00f3n sostenida\u00bb, insisti\u00f3.El ciudadano que falleci\u00f3 en Luisiana, a causa de la enfermedad, ten\u00eda m\u00e1s de 65 a\u00f1os y, al parecer, padec\u00eda afecciones m\u00e9dicas subyacentes, indic\u00f3 la doctora Harris. Seg\u00fan las autoridades sanitarias, hab\u00eda estado expuesto a aves de corral y aves silvestres.<\/em><\/p>\n\n\n\n<p><em>Se puede acceder a la nota completa a trav\u00e9s del\u00a0<a href=\"https:\/\/es.euronews.com\/salud\/2025\/01\/07\/mensaje-tranquilizador-de-la-oms-tras-conocerse-una-muerte-humana-por-gripe-aviar-en-eeuu\" target=\"_blank\" rel=\"noreferrer noopener\">enlace<\/a><\/em><\/p>\n\n\n\n<ol start=\"5\" class=\"wp-block-list\">\n<li><em>Posibles (pero improbables) fusiones<\/em><\/li>\n<\/ol>\n\n\n\n<p><em>La flexibilidad gen\u00e9tica del virus H5N1 de la gripe aviar podr\u00eda dar paso a la fusi\u00f3n con la cepa estacional y originar as\u00ed una nueva mutaci\u00f3n de alto riesgo para la salud. As\u00ed lo advirti\u00f3 el epidemi\u00f3logo de la University of South Florida College of Public Health, Edwin Michael. \u201cPor ejemplo, si un ser humano se infecta con la gripe aviar y tambi\u00e9n es portador del virus de la gripe A humana, estos dos virus pueden intercambiar material gen\u00e9tico. Esto se conoce como cambio gen\u00e9tico\u201d, especific\u00f3. En medio del brote de gripe aviar que ya afect\u00f3 a 66 personas de 10 estados en 2024, desde los Centros para el Control y la Prevenci\u00f3n de Enfermedades (CDC, por sus siglas en ingl\u00e9s) reiteraron que la vacunaci\u00f3n contra la gripe reduce la prevalencia y gravedad de la segunda patolog\u00eda, al tiempo que merma la posibilidad de un cuadro de coinfecci\u00f3n.<\/em><\/p>\n\n\n\n<p><em>Se puede acceder a la nota completa a trav\u00e9s del\u00a0<a href=\"https:\/\/www.elobservador.com.uy\/estados-unidos\/sociedad\/gripe-aviar-alerta-los-cdc-la-superfusion-que-podria-desencadenar-una-nueva-epidemia-n5977959\" target=\"_blank\" rel=\"noreferrer noopener\">enlace<\/a><\/em><\/p>\n\n\n\n<p><strong><em>Hitos de la Salud Internacional II (Siglo XIX<\/em><em>): Miasm\u00e1ticos vs contagionistas.<\/em><\/strong><\/p>\n\n\n\n<p>El auge del mercantilismo a fines del siglo XVIII gener\u00f3 una confrontaci\u00f3n abierta con la salud p\u00fablica. La libre circulaci\u00f3n de mercader\u00edas por la \u00e9poca predominantemente perecederas se ve\u00eda alterada por medidas sanitarias tan frecuentes como los brotes epid\u00e9micos que la misma circulaci\u00f3n acelerada de personas generaba.<\/p>\n\n\n\n<p>La incorporaci\u00f3n de la m\u00e1quina de vapor en el transporte mar\u00edtimo y ferroviario acort\u00f3 las distancias al punto tal que las m\u00e1s temidas enfermedades perdieron sus l\u00edmites territoriales y amenazaron a Europa y Am\u00e9rica. Tal es el caso del C\u00f3lera que asol\u00f3 ambos continentes durante el siglo XIX.<\/p>\n\n\n\n<p>El debate se instal\u00f3 por dentro del incipiente debate cient\u00edfico sanitario, con algunos episodios relevantes. Aunque Ignaz Semmelweiss en sus estudios de fiebre puerperal en Viena o John Snow con sus estudios de C\u00f3lera en Londres hubieran aportado fuertemente a una hip\u00f3tesis contagionista, la vida microsc\u00f3pica estaba a\u00fan por descubrirse. William McNeill en su texto Plagas y Pueblos comenta un episodio que inclin\u00f3 la balanza a favor de los miasm\u00e1ticos porque los mejores epidemi\u00f3logos del mundo se desplazan a estudiar una epidemia de Fiebre Amarilla en la capital espa\u00f1ola en 1878. All\u00ed comprueban fehacientemente que la fiebre amarilla no se contagia de persona a persona. Lo cual es absolutamente correcto.<\/p>\n\n\n\n<p>Para 1881 un m\u00e9dico cubano llamado Carlos Finlay present\u00f3 en Estados Unidos un trabajo argumentando la teor\u00eda vectorial de la transmisi\u00f3n de la Fiebre Amarilla pero sus trabajos no fueron tomados en serio hasta 1902 cuando la sanidad del ej\u00e9rcito de los Estados Unidos que hab\u00eda invadido territorio cubano tuvo que darle la raz\u00f3n.<\/p>\n\n\n\n<p>Por supuesto que el debate no se limitaba al campo cient\u00edfico. La teor\u00eda contagionista abonaba en favor de cuarentenas, cercos y bloqueos sanitarios, lazaretos, mientras que los miasm\u00e1ticos contaban con la simpat\u00eda de los comerciantes que ridiculizaban las cuarentenas atribuyendo las enfermedades a los miasmas o malos aires de los puertos de destino. Mas aun extendieron sus cr\u00edticas al mundo hispano indicando que las cuarentenas eran una \u201csupercher\u00eda cat\u00f3lica\u201d que refer\u00eda a los 40 d\u00edas de ayuno de Cristo.<\/p>\n\n\n\n<p>La teor\u00eda miasm\u00e1tica tuvo sus efectos tambi\u00e9n en la denominaci\u00f3n de enfermedades como el paludismo conocida como \u201cmalaria\u201d por los malos aires, en la arquitectura hospitalaria y el \u00e9nfasis por la circulaci\u00f3n de aires F. Nightingale, en los debates de la Medicina Social R Virchow y el propio Carrillo (\u201clos microbios son unas pobres causas\u201d) hasta probablemente en el prestigio o el desprestigio de ciudades como la de R\u00edo de Janeiro cuyo saneamiento elev\u00f3 a Oswaldo Cruz a nivel de un h\u00e9roe nacional y como no especular que el propio nombre de la Capital de la Argentina, en realidad fundada como &nbsp;la Ciudad de la Trinidad sita en el Puerto de Santa Mar\u00eda del Buen Ayre pas\u00f3 a conocerse como \u201cBuenos Aires\u201d un nombre que bien podr\u00eda parecer un atractivo para migrantes europeos indecisos en \u00e9pocas miasm\u00e1ticas.. &nbsp;<\/p>\n\n\n\n<p>Lo curioso es que, aunque la teor\u00eda contagionista super\u00f3 todas las pruebas desde Pasteur y Koch en adelante la Salud Internacional y m\u00e1s tarde el Reglamento Sanitario Internacional quedaron marcados con la impronta miasm\u00e1tica claramente expresada bajo la diplom\u00e1tica f\u00f3rmula. \u201clos pa\u00edses se abstendr\u00e1n de tomar medidas sanitarias que perjudiquen innecesariamente el comercio internacional\u201d.<\/p>\n\n\n\n<p>W Mc Neill \u201cPlagas y Pueblos\u201d Siglo XXI Editores Madrid 1984<a href=\"https:\/\/revistasoberaniasanitaria.com.ar\/reporte-de-salud-internacional-45\/\"><\/a><\/p>\n","protected":false},"excerpt":{"rendered":"<p>Por Mario Rovere.\u00a0Publicado en Revista Soberan\u00eda Sanitaria Bienvenidos al planeta Trump:&nbsp;\u00bfSe anexa Canad\u00e1? \u00bfse compra Groenlandia? Se rebautiza el Golfo de M\u00e9xico La historia de la humanidad ha puesto marcha atr\u00e1s y acelera. En un [&hellip;]<\/p>\n","protected":false},"author":2,"featured_media":2534,"comment_status":"closed","ping_status":"open","sticky":false,"template":"","format":"standard","meta":{"footnotes":""},"categories":[123],"tags":[],"class_list":["post-2929","post","type-post","status-publish","format-standard","has-post-thumbnail","hentry","category-salud-internacional"],"_links":{"self":[{"href":"https:\/\/campusff.ms.gba.gov.ar\/comunidaddea-ff\/wp-json\/wp\/v2\/posts\/2929","targetHints":{"allow":["GET"]}}],"collection":[{"href":"https:\/\/campusff.ms.gba.gov.ar\/comunidaddea-ff\/wp-json\/wp\/v2\/posts"}],"about":[{"href":"https:\/\/campusff.ms.gba.gov.ar\/comunidaddea-ff\/wp-json\/wp\/v2\/types\/post"}],"author":[{"embeddable":true,"href":"https:\/\/campusff.ms.gba.gov.ar\/comunidaddea-ff\/wp-json\/wp\/v2\/users\/2"}],"replies":[{"embeddable":true,"href":"https:\/\/campusff.ms.gba.gov.ar\/comunidaddea-ff\/wp-json\/wp\/v2\/comments?post=2929"}],"version-history":[{"count":1,"href":"https:\/\/campusff.ms.gba.gov.ar\/comunidaddea-ff\/wp-json\/wp\/v2\/posts\/2929\/revisions"}],"predecessor-version":[{"id":2930,"href":"https:\/\/campusff.ms.gba.gov.ar\/comunidaddea-ff\/wp-json\/wp\/v2\/posts\/2929\/revisions\/2930"}],"wp:featuredmedia":[{"embeddable":true,"href":"https:\/\/campusff.ms.gba.gov.ar\/comunidaddea-ff\/wp-json\/wp\/v2\/media\/2534"}],"wp:attachment":[{"href":"https:\/\/campusff.ms.gba.gov.ar\/comunidaddea-ff\/wp-json\/wp\/v2\/media?parent=2929"}],"wp:term":[{"taxonomy":"category","embeddable":true,"href":"https:\/\/campusff.ms.gba.gov.ar\/comunidaddea-ff\/wp-json\/wp\/v2\/categories?post=2929"},{"taxonomy":"post_tag","embeddable":true,"href":"https:\/\/campusff.ms.gba.gov.ar\/comunidaddea-ff\/wp-json\/wp\/v2\/tags?post=2929"}],"curies":[{"name":"wp","href":"https:\/\/api.w.org\/{rel}","templated":true}]}}