{"id":2923,"date":"2024-12-24T12:12:40","date_gmt":"2024-12-24T15:12:40","guid":{"rendered":"https:\/\/campusff.ms.gba.gov.ar\/comunidaddea-ff\/?p=2923"},"modified":"2025-02-20T12:17:39","modified_gmt":"2025-02-20T15:17:39","slug":"reporte-de-salud-internacional-41","status":"publish","type":"post","link":"https:\/\/campusff.ms.gba.gov.ar\/comunidaddea-ff\/2024\/12\/24\/reporte-de-salud-internacional-41\/","title":{"rendered":"Reporte de salud internacional #41"},"content":{"rendered":"\n<p><em>Por Mario Rovere.\u00a0<\/em><a href=\"https:\/\/revistasoberaniasanitaria.com.ar\/reporte-de-salud-internacional-41\/\" target=\"_blank\" rel=\"noreferrer noopener\">Publicado en Revista Soberan\u00eda Sanitaria<\/a><\/p>\n\n\n\n<p><strong><em>El fantasma nuclear no desaparece<\/em><em>; Alzheimer en la casa blanca<\/em><\/strong><\/p>\n\n\n\n<p>Los pronunciamientos de los organismos internacionales y los premios nobel de la paz no pararan una guerra pero son mensajes influyentes:&nbsp;<em>Los copresidentes de la organizaci\u00f3n japonesa Nihon Hidankyo, formada por supervivientes de los bombardeos at\u00f3micos de Hiroshima y Nagasaki, han recibido este martes en la capital noruega la medalla del Premio Nobel de la Paz 2024. El galard\u00f3n reconoce su labor en favor de la abolici\u00f3n de las armas nucleares a nivel mundial.<\/em><\/p>\n\n\n\n<p>La Asamblea General de la ONU aprob\u00f3 este mi\u00e9rcoles por una abrumadora mayor\u00eda dos resoluciones relativas a la situaci\u00f3n en los territorios palestinos: una, a favor de un alto el fuego en Gaza, que recibi\u00f3 apenas 9 votos en contra incluidos Argentina y Paraguay. &nbsp;y otra, en apoyo al mandato de la agencia de la ONU para los refugiados palestinos (UNRWA).&nbsp;<em>Se requer\u00eda una mayor\u00eda de dos tercios para sacar adelante estas resoluciones no vinculantes y que suponen otro golpe internacional para Israel y su tradicional aliado Estados Unidos, debido a la brutalidad ejercida en el enclave palestino y a la incapacidad internacional para detener las hostilidades.<\/em><\/p>\n\n\n\n<p>Mientras tanto seg\u00fan la BBC Igor Kirillov -jefe de las Fuerzas de Defensa Nuclear, Biol\u00f3gica y Qu\u00edmica (NBQ) de Rusia- sal\u00eda de un bloque de viviendas a primera hora del martes cuando un artefacto oculto en un scooter (o patinete) el\u00e9ctrico explot\u00f3 a su paso, seg\u00fan inform\u00f3 el Comit\u00e9 de Investigaci\u00f3n ruso. Ucrania reconoci\u00f3 estar detr\u00e1s del asesinato, seg\u00fan declar\u00f3 una fuente de seguridad ucraniana a Reuters y a la agencia de noticias AFP. teniente coronel ruso. Aunque la paternidad del atentado pueda mostrar capacidad de fuego resulta dudoso que resulte \u00fatil para demorar o dispersar el riesgo de una escalada nuclear.<\/p>\n\n\n\n<p>Sin embargo, la noticia m\u00e1s inquietante de la semana es que para abonar la sospecha que estamos al garete y en ritmo de colisi\u00f3n irresponsable el Wall Street Journal devela ahora que el presidente de Estados Unidos, responsable primario de colocar al planeta al borde del abismo, ya mostraba francas se\u00f1ales de deterioro cognitivo cuando asumi\u00f3 la presidencia y que el entorno de la casa blanca hizo innumerables esfuerzos para disimularlo.<\/p>\n\n\n\n<p><em>\u201cLa investigaci\u00f3n expuso un encubrimiento extenso, deliberado y de varios a\u00f1os de duraci\u00f3n, que tambi\u00e9n vio a la administraci\u00f3n enga\u00f1ar a quienes se atrevieron a afirmar que las habilidades de Biden se hab\u00edan deteriorado. El WSJ se\u00f1ala incluso que Biden estaba fr\u00e1gil cuando gan\u00f3 la presidencia en 2020 y que los asesores pidieron a la prensa restar importancia a Jill, su esposa, porque \u00absu en\u00e9rgica agenda solo resaltaba el ritmo m\u00e1s lento de su esposo\u00bb. Seg\u00fan el informe, el equipo de Biden contrat\u00f3 a un entrenador vocal, puso a otros funcionarios en roles que usualmente ocupa el presidente, cancel\u00f3 reuniones en sus \u00abd\u00edas malos\u00bb y lo mantuvo alejado de los miembros de su propio gabinete.<\/em><\/p>\n\n\n\n<p><em>Se puede acceder a la nota completa a trav\u00e9s del\u00a0<a href=\"https:\/\/www.perfil.com\/noticias\/internacional\/un-informe-expuso-el-encubrimiento-de-la-casa-blanca-sobre-la-salud-de-biden-estaba-senil-cuando-gano-la-presidencia.phtml\" target=\"_blank\" rel=\"noreferrer noopener\">enlace<\/a><\/em><\/p>\n\n\n\n<p><strong><em>M\u00e9xico; la salud de los escolares en el Piso 2 de la 4T<\/em><\/strong><\/p>\n\n\n\n<p>Resulta interesante al leer los peri\u00f3dicos de pa\u00edses diferentes al propio ver la \u201cjerga\u201d de los medios que en el caso mexicano titulan con frecuencia este 4T que se refiere a la cuarta transformaci\u00f3n del Estado. Claudia Sheinbaum profundiza su agenda social con un interesante mensaje para nuestros pa\u00edses el regreso del foco en los escolares aunando salud con educaci\u00f3n.<\/p>\n\n\n\n<p><em>Al inaugurar los trabajos de la LXII Reuni\u00f3n Nacional Plenaria Ordinaria 2024 del Consejo Nacional de Autoridades Educativas (Conaedu), el secretario de Educaci\u00f3n P\u00fablica, Mario Delgado Carrillo, afirm\u00f3 que para el gobierno de la Presidenta Claudia Sheinbaum Pardo y como parte de los 100 compromisos para el segundo piso de la Cuarta Transformaci\u00f3n, la escuela debe ser un espacio para la promoci\u00f3n de la salud y la prevenci\u00f3n de las adicciones, por lo que la SEP junto con otras dependencias implementar\u00e1 la Estrategia Nacional Integral de Vida Saludable. \u00abTenemos la fortuna de que en la Nueva Escuela Mexicana uno de los ejes articuladores, precisamente es Vida Saludable. Con esta educaci\u00f3n se generan proyectos comunitarios en torno a la salud, en el aula, en la escuela, en la comunidad\u00bb. Por su parte, el coordinador nacional de Becas para el Bienestar, Julio C\u00e9sar Le\u00f3n Trujillo, inform\u00f3 que las Brigadas por la salud se realizar\u00e1n del 4 de febrero al 17 de diciembre de 2025, en las 90 mil 832 primarias p\u00fablicas del pa\u00eds, en beneficio de 11 millones 811 mil 612 estudiantes.<\/em><\/p>\n\n\n\n<p><em>Indic\u00f3 que cada brigada estar\u00e1 conformada por 10 elementos: una enfermera coordinadora, dos capturistas, un promotor de la salud, dos especialistas en salud visual, dos en salud bucal y dos en peso y talla. A su vez, la directora general de @prende.mx, Azucena Pimentel, mostr\u00f3 la estrategia Vida saludable, vive feliz, la cual convoca a ni\u00f1as, ni\u00f1os y adolescentes a tener una vida sana.Por ello, dijo, se deben tomar medidas preventivas desde la infancia y desarrollar estrategias de d\u00f3nde lo fundamental es la promoci\u00f3n de la salud y el propiciar el cambio de estilo de vida para toda la vida de la ni\u00f1a del ni\u00f1o, y que esa forma de vida se lo lleven a su casa las y los alumnos.<\/em><\/p>\n\n\n\n<p><em>Se puede acceder a la nota completa a trav\u00e9s del\u00a0<a href=\"https:\/\/www.lapoliticaonline.com\/mexico\/en-foco-mx\/promueve-gobierno-de-mexico-estrategia-nacional-integral-de-vida-saludable-con-autoridades-educativas-y-de-salud-del-pais\/\" target=\"_blank\" rel=\"noreferrer noopener\">enlace<\/a><\/em><\/p>\n\n\n\n<p><strong><em>Cruje el sistema de salud que el capitalismo globalizado quiere exportar al mundo<\/em><\/strong><\/p>\n\n\n\n<p>Luigi Mangione pas\u00f3 de la bronca a la acci\u00f3n y asesin\u00f3 por la espalda al CEO de una empresa aseguradora de salud. El hecho pudo pasar como uno m\u00e1s de la extensa saga de homicidios en un pa\u00eds que hace un culto de la libertad de posesi\u00f3n de armas de fuego. Pero el crimen ocultaba un mensaje que cuidadosamente fue escrito en los casquillos de los proyectiles utilizados y que adquiere un sentido m\u00e1s complejo y profundo por la empat\u00eda que gener\u00f3 dentro y fuera del pa\u00eds. En el \u00faltimo podcast de la revista crisis \u201cLuigi Mangione, La violencia pol\u00edtica en 3D\u201d se describe la esencia del episodio y sus lecturas&nbsp;<em>Al conocerse la noticia, millones de personas festejaron en las redes sociales. En ese instante lo que podr\u00eda haber sido un crimen m\u00e1s, un episodio t\u00edpico de la locura yanqui, se convirti\u00f3 en un acto de violencia pol\u00edtica. El episodio<\/em>, consumado&nbsp;<em>con una pistola que \u00e9l mismo fabric\u00f3 en una impresora 3D. se enriquece a costa del dolor social&nbsp;<\/em>Al conocerse la noticia, millones de personas festejaron en las redes sociales.<\/p>\n\n\n\n<p>La apelaci\u00f3n al sujeto individual que cree interpretar el sentir colectivo y pasa al acto no puede evaluarse sino es a posteriori del hecho, es decir por sus efectos, pero hasta el New York Times debi\u00f3 apelar al libro Bandidos de Eric Hobsbaum para tratar de explicar esta figura.&nbsp;<em>Un buen d\u00eda Eric J. Hobsbawm se sinti\u00f3 intrigado por el hecho de que las mismas historias sobre bandidos justicieros y redistribuidores de riqueza se repet\u00edan en el mundo entero. De ah\u00ed naci\u00f3 esta fascinante exploraci\u00f3n por la vida y el mito de unos personajes que abarcan desde Robin Hood hasta Salvatore Giuliano, pasando por Pancho Villa, por los haiduks balc\u00e1nicos, los dacoits de la India, los canga\u00e7eiros brasile\u00f1os o los guerrilleros urbanos del anarquismo espa\u00f1ol.&nbsp;<\/em>Reflexionando en el mismo sentido y junto a la investigadora Marcela Perelman y al fil\u00f3sofo Diego Sztulwark. Este podcast imperdible extendi\u00f3 sus comparaciones a figuras de la historia de nuestro pa\u00eds.<\/p>\n\n\n\n<p><em>Se puede acceder a la nota completa a trav\u00e9s del\u00a0<a href=\"https:\/\/open.spotify.com\/episode\/4fxpZKHWrCGO5TlDyL7leg?go=1&amp;sp_cid=40df464c59506596f1ae47a00860967d&amp;utm_source=embed_player_p&amp;utm_medium=desktop&amp;nd=1&amp;dlsi=39d7ffe321574175\" target=\"_blank\" rel=\"noreferrer noopener\">enlace<\/a><\/em><\/p>\n\n\n\n<p><strong><em>La Cobertura Universal de Salud<\/em><em>; un buen diagn\u00f3stico para vender una terap\u00e9utica equivocada<\/em><\/strong><\/p>\n\n\n\n<p>El d\u00eda mundial de la CUS sirvi\u00f3 para que la OMS pusiera en agenda la magnitud del quebranto econ\u00f3mico de las familias en aquellos pa\u00edses que sustentan sus sistemas de salud en el gasto de bolsillo.<\/p>\n\n\n\n<p>En un contexto de alerta por el retroceso de la inversi\u00f3n p\u00fablica post pandemia el informe detalla que&nbsp;<em>Durante la pandemia de COVID-19, en 2020-2022, el gasto p\u00fablico en salud, realizado principalmente a partir de los fondos de los presupuestos de salud de los gobiernos, permiti\u00f3 a los sistemas de salud responder r\u00e1pidamente a la emergencia. Esto refleja la ventaja de, en tiempos de emergencias sanitarias, contar con estos presupuestos para la financiaci\u00f3n de las funciones de salud p\u00fablica, en particular las intervenciones de salud p\u00fablica dirigidas a la poblaci\u00f3n, frente a otros planes de financiaci\u00f3n de la salud. La financiaci\u00f3n de los gobiernos permiti\u00f3 proteger a m\u00e1s personas y salvar m\u00e1s vidas.<\/em><\/p>\n\n\n\n<p>Sin embargo. la pr\u00e9dica por paquetes m\u00ednimos costo\/efectivos y por los seguros p\u00fablicos que financien al sector privado no decrece en el mundo de la CUS. Una pr\u00e9dica que parece haber alcanzado en estos d\u00edas a la Provincia de Jujuy, una provincia laboratorio de pol\u00edticas p\u00fablicas reaccionarias que tiene un ojo en lograr el benepl\u00e1cito del gobierno nacional y especialmente desde la asunci\u00f3n de Evo Morales parece tener el otro ojo alineado con los intereses de la embajada para controlar la frontera con Bolivia. &nbsp;<\/p>\n\n\n\n<p><em>\u201cEn su recuperaci\u00f3n de la pandemia, los pa\u00edses se enfrentan a una situaci\u00f3n complicada: los gobiernos tienen que tomar decisiones dif\u00edciles para fortalecer la resiliencia de los sistemas de salud frente a futuras amenazas, y responder al mismo tiempo a las necesidades de atenci\u00f3n m\u00e9dica de sus poblaciones en un entorno econ\u00f3mico problem\u00e1tico\u201d.<\/em><\/p>\n\n\n\n<p><strong><em>Colaborador sistem\u00e1tico Rodolfo Kaufmann:&nbsp;<\/em><\/strong>El sentido de estos reportes desde sus inicios fue el impulsar un debate abierto que ayude a enriquecer la militancia por el derecho a la salud en perspectiva internacional. Expreso en consecuencia mi agradecimiento y reconocimiento a los colaboradores de esta tarea que espero que devenga m\u00e1s y m\u00e1s \u201cpolif\u00f3nica\u201d.<\/p>\n\n\n\n<p><strong><em>Brasil en un espejo invertido<\/em><\/strong><\/p>\n\n\n\n<p><em>El relato de MR en el n\u00famero 40 plantea, en esta oportunidad, la necesidad de reflexionar acerca de la experiencia sanitaria y el desarrollo del SUS y pienso que nos invita a mirarnos en un espejo invertido para pensar en nuestras propias experiencias. Dos paises con determinaciones sociales similares, tocados en el alma y marcados distintivamente, uno m\u00e1s por la esclavitud y el otro por los genocidios, buscan interrogarse acerca de sus capacidades y limitaciones en salud, sus logros y derrotas, los conflictos, certezas, y trayectorias. Menciona: \u201cCambios constitucionales, conferencias Sanitarias han sido significativas, pero, rescata \u201cla cantidad de dispositivos le ha permitido al SUS construir una ciudadan\u00eda en salud que no existe en ning\u00fan otro sector del estado ni de la sociedad brasilera\u201d. Diversidades, redes y v\u00ednculos han hecho frente a cristalizaciones y hedonismos acad\u00e9micas, como tambi\u00e9n a los embates de la mercantilizaci\u00f3n biom\u00e9dica. Humanizaci\u00f3n, racialidad y etnicidad, son puntos destacados que refutan modelos, categor\u00edas y jerarqu\u00edas universalistas orientan la b\u00fasqueda para asumir lo negado y oculto en la propia cultura. Recuperar el pasado en el aqu\u00ed y ahora es piedra angular para apuntar hacia un horizonte en espera.&nbsp;<\/em><\/p>\n\n\n\n<p><strong><em>Mangione, fen\u00f3meno extraordinario o normalidad yankee&nbsp;<\/em><em>?; Noticias testimoniales<\/em><\/strong><\/p>\n\n\n\n<p><em>\u201cLos reclusos de la Instituci\u00f3n Correccional Estatal de Huntingdon en Pensilvania, donde se encuentra detenido Mangione, lo defendieron durante una transmisi\u00f3n en vivo de Banfield de NewsNation el mi\u00e9rcoles. Se pod\u00eda escuchar a los reclusos gritar \u00abLiberen a Luigi\u00bb y \u00abLas condiciones de Luigi son una l\u00e1stima\u00bb a Alex Caprariello de NewsNation, que estaba de pie fuera de la prisi\u00f3n. Tambi\u00e9n gritaron que Mangione no tiene televisi\u00f3n en su celda, en respuesta a una pregunta de la presentadora del programa, Ashleigh Banfield. \u201c<a href=\"https:\/\/www-newsweek-com.translate.goog\/free-luigi-mangione-fellow-prison-inmates-defend-him-2000229?_x_tr_sl=en&amp;_x_tr_tl=es&amp;_x_tr_hl=es-419&amp;_x_tr_pto=wapp\" target=\"_blank\" rel=\"noreferrer noopener\">Liberen a Luigi\u201d: los compa\u00f1eros de prisi\u00f3n de Mangione lo defienden<\/a>\u201d.<\/em><\/p>\n\n\n\n<p><em>\u201cUn McDonald\u2019s de Altoona est\u00e1 recibiendo cr\u00edticas en l\u00ednea despu\u00e9s de que un empleado llam\u00f3 al 911, lo que llev\u00f3 al arresto de Luigi Mangione, el sospechoso del asesinato del director ejecutivo de United Healthcare, Brian Thompson\u201d.<\/em><\/p>\n\n\n\n<p><em>Tampa hoy.\u00a0<\/em><a href=\"https:\/\/www.wfla.com\/tampa-hoy\/nacional\/mcdonalds-de-altoona-recibe-criticas-negativas-tras-arresto-de-luigi-mangione\/\" target=\"_blank\" rel=\"noreferrer noopener\"><em>https:\/\/www.wfla.com\/tampa-hoy\/nacional\/mcdonalds-de-altoona-recibe-criticas-negativas-tras-arresto-de-luigi-mangione\/<\/em><\/a><\/p>\n\n\n\n<p><em>\u201cUn grupo de j\u00f3venes se congrego en Washington Square Park para competir en un concurso de imitadores del hombre buscado por el asesinato del alto ejecutivo. La obsesi\u00f3n de algunos con el sospechoso del asesinato, se ha apoderado de las redes sociales desde el 4 de diciembre, en parte por la ira latente que existe en EE.UU. contra las aseguradoras de salud privadas\u201d. La oscura fascinaci\u00f3n que despierta el acusado del asesinato del director de la mayor aseguradora sanitaria de EE.UU. <a href=\"https:\/\/www.bbc.com\/mundo\/articles\/c8j9ge348e2o\" target=\"_blank\" rel=\"noreferrer noopener\">BBC News Mundo.<\/a><\/em><\/p>\n\n\n\n<p><em>No es una cuesti\u00f3n de conciencia en este momento, sino claramente juegos de poder en juego. Evidentemente, soy el primero en enfrentarlo con una honestidad tan brutal\u201d. (P\u00e1rrafo final de la nota escrita a mano por Luigi Mangione). <a href=\"https:\/\/www-kenklippenstein-com.translate.goog\/p\/luigis-manifesto?_x_tr_sl=en&amp;_x_tr_tl=es&amp;_x_tr_hl=es-419&amp;_x_tr_pto=wapp&amp;_x_tr_hist=true\" target=\"_blank\" rel=\"noreferrer noopener\">El Manifiesto de Luigi. Ken Klippenstein<\/a><\/em><\/p>\n\n\n\n<p><strong><em>\u00bfEl asesinato de United Healthcare presagia una nueva era de violencia pol\u00edtica?<\/em><\/strong><\/p>\n\n\n\n<p><em>La reacci\u00f3n de alegr\u00eda ante el asesinato de un director ejecutivo apunta a un aumento de la radicalizaci\u00f3n. Muchas historias comentan la heroizaci\u00f3n popular instant\u00e1nea del asesino en las redes sociales posterior a las noticias de sus acciones. Innumerables publicaciones que alababan su crimen o, al menos, se negaban deliberadamente a condenarlo.\u00a0<a href=\"https:\/\/www-truthdig-com.translate.goog\/articles\/does-the-united-healthcare-assassination-auger-a-new-age-of-political-violence\/?_x_tr_sl=en&amp;_x_tr_tl=es&amp;_x_tr_hl=es-419&amp;_x_tr_pto=wapp\" target=\"_blank\" rel=\"noreferrer noopener\">Truthdig<\/a><\/em><\/p>\n\n\n\n<p><em><a href=\"https:\/\/www.telemundo.com\/noticias\/noticias-telemundo\/estados-unidos\/carteles-de-se-busca-y-amenazas-contra-otros-ceos-tras-el-arresto-de-l-rcna183907\" target=\"_blank\" rel=\"noreferrer noopener\">Carteles de \u201cSe busca\u201d y amenazas contra otros CEOs tras el arresto de Luigi Mangione<\/a>. El asesinato del director ejecutivo de UnitedHealthcare, Brian Thompson, ha suscitado amenazas contra trabajadores y directivos del sector de la salud, as\u00ed como polic\u00edas implicados en el caso.<\/em><\/p>\n\n\n\n<p><em>Brian nunca se conformaba con el statu quo, por eso impuls\u00f3 a crear equipos enfocados en ayudar a las personas m\u00e1s enfermas a navegar por el sistema de salud. Sabemos que el sistema de salud en Estados Unidos no funciona tan bien como deber\u00eda y comprendemos la frustraci\u00f3n de la gente. Nadie dise\u00f1ar\u00eda un sistema como el que tenemos. Y nadie lo dise\u00f1\u00f3. Es algo creado con parches y retazos que se ha ido confeccionando as\u00ed por d\u00e9cadas. Estamos dispuestos a colaborar con proveedores de asistencia de salud, empresarios, pacientes, empresas farmac\u00e9uticas, gobiernos para encontrar maneras de ofrecer una asistencia de alta calidad y reducir costos. El sistema de salud es defectuoso. Arregl\u00e9moslo. Andrew Witty, director ejecutivo del UnitedHealth Group, la empresa matriz de UnitedHealthcare.\u00a0<a href=\"https:\/\/www.nytimes.com\/es\/2024\/12\/14\/espanol\/opinion\/unitedhealth-luigi-mangione-brian-thompson.html?campaign_id=42&amp;emc=edit_bn_20241217&amp;instance_id=142425&amp;nl=el-times&amp;regi_id=75900916&amp;segment_id=185925&amp;user_id=d2ad96709239f4a3ca6ce5be28985e02\" target=\"_blank\" rel=\"noreferrer noopener\">The New York Times<\/a><\/em><\/p>\n\n\n\n<p>La movilizaci\u00f3n por el caso de Luigi Mangione resulta impactante especialmente por el desconcierto que ha producido. Mangione, santo popular o bandido social? \u00bfMatar a un CEO\u00b4s o funcionario, es opci\u00f3n de posibilidad? Claramente ha sido una acci\u00f3n ilegal, que evidenci\u00f3 la forma legal en que corporaciones y gobiernos matan con reglas, pero sin l\u00edmites. Luego de cientos de elogios y amenazas en las redes sociales, ahora \u201cel asesinato es descripto como acto de terrorismo\u201d por parte de los fiscales. Corporaciones preocupadas y pedidos de protecci\u00f3n de l\u00edderes empresariales demanda que el establishment pol\u00edtico salga a escena buscando restablecer el orden demandando un castigo ejemplificador que normalice y discipline socialmente. El pla\u00f1idero obituario de Andrew Witty parece explicitar que tener origen en una familia humilde te vacuna para evitar ser un gerente que aplica legalmente pr\u00e1cticas opresivas que monetizar la condici\u00f3n humana. \u201cPiel negra mascaras blancas\u201d, Fanon en el siglo XXI.<a href=\"https:\/\/revistasoberaniasanitaria.com.ar\/reporte-de-salud-internacional-42\/\"><\/a><\/p>\n\n\n\n<p><\/p>\n","protected":false},"excerpt":{"rendered":"<p>Por Mario Rovere.\u00a0Publicado en Revista Soberan\u00eda Sanitaria El fantasma nuclear no desaparece; Alzheimer en la casa blanca Los pronunciamientos de los organismos internacionales y los premios nobel de la paz no pararan una guerra pero [&hellip;]<\/p>\n","protected":false},"author":2,"featured_media":2534,"comment_status":"closed","ping_status":"open","sticky":false,"template":"","format":"standard","meta":{"footnotes":""},"categories":[123],"tags":[],"class_list":["post-2923","post","type-post","status-publish","format-standard","has-post-thumbnail","hentry","category-salud-internacional"],"_links":{"self":[{"href":"https:\/\/campusff.ms.gba.gov.ar\/comunidaddea-ff\/wp-json\/wp\/v2\/posts\/2923","targetHints":{"allow":["GET"]}}],"collection":[{"href":"https:\/\/campusff.ms.gba.gov.ar\/comunidaddea-ff\/wp-json\/wp\/v2\/posts"}],"about":[{"href":"https:\/\/campusff.ms.gba.gov.ar\/comunidaddea-ff\/wp-json\/wp\/v2\/types\/post"}],"author":[{"embeddable":true,"href":"https:\/\/campusff.ms.gba.gov.ar\/comunidaddea-ff\/wp-json\/wp\/v2\/users\/2"}],"replies":[{"embeddable":true,"href":"https:\/\/campusff.ms.gba.gov.ar\/comunidaddea-ff\/wp-json\/wp\/v2\/comments?post=2923"}],"version-history":[{"count":1,"href":"https:\/\/campusff.ms.gba.gov.ar\/comunidaddea-ff\/wp-json\/wp\/v2\/posts\/2923\/revisions"}],"predecessor-version":[{"id":2924,"href":"https:\/\/campusff.ms.gba.gov.ar\/comunidaddea-ff\/wp-json\/wp\/v2\/posts\/2923\/revisions\/2924"}],"wp:featuredmedia":[{"embeddable":true,"href":"https:\/\/campusff.ms.gba.gov.ar\/comunidaddea-ff\/wp-json\/wp\/v2\/media\/2534"}],"wp:attachment":[{"href":"https:\/\/campusff.ms.gba.gov.ar\/comunidaddea-ff\/wp-json\/wp\/v2\/media?parent=2923"}],"wp:term":[{"taxonomy":"category","embeddable":true,"href":"https:\/\/campusff.ms.gba.gov.ar\/comunidaddea-ff\/wp-json\/wp\/v2\/categories?post=2923"},{"taxonomy":"post_tag","embeddable":true,"href":"https:\/\/campusff.ms.gba.gov.ar\/comunidaddea-ff\/wp-json\/wp\/v2\/tags?post=2923"}],"curies":[{"name":"wp","href":"https:\/\/api.w.org\/{rel}","templated":true}]}}