{"id":2921,"date":"2024-12-17T12:08:04","date_gmt":"2024-12-17T15:08:04","guid":{"rendered":"https:\/\/campusff.ms.gba.gov.ar\/comunidaddea-ff\/?p=2921"},"modified":"2025-02-20T12:12:29","modified_gmt":"2025-02-20T15:12:29","slug":"reporte-de-salud-internacional-40","status":"publish","type":"post","link":"https:\/\/campusff.ms.gba.gov.ar\/comunidaddea-ff\/2024\/12\/17\/reporte-de-salud-internacional-40\/","title":{"rendered":"Reporte de salud internacional #40"},"content":{"rendered":"\n<p><em>Por Mario Rovere.\u00a0<\/em><a href=\"https:\/\/revistasoberaniasanitaria.com.ar\/reporte-de-salud-internacional-40\/\" target=\"_blank\" rel=\"noreferrer noopener\">Publicado en Revista Soberan\u00eda Sanitaria<\/a><\/p>\n\n\n\n<p><em><strong>Conferencia Nacional de Gesti\u00f3n del Trabajo y Educaci\u00f3n en Salud: Un nuevo hito para el SUS<\/strong><\/em><\/p>\n\n\n\n<p>El Sistema \u00danico de Salud de Brasil (SUS) es una laboriosa construcci\u00f3n pol\u00edtico sanitaria que llegar\u00e1 pronto a las cuatro d\u00e9cadas. Creado luego de la recuperaci\u00f3n democr\u00e1tica y construido a partir de los121 enunciados de la nueva Constituci\u00f3n (1988) el SUS es consecuencia de una Reforma Sanitaria de fuerte inspiraci\u00f3n-pol\u00edtico- t\u00e9cnica y se constituye a partir de una profunda confianza en obtener sustentabilidad en el tiempo en base a dispositivos m\u00faltiples de democracia participativa de los trabajadores de salud y de la propia poblaci\u00f3n.<\/p>\n\n\n\n<p>Dos a\u00f1os antes la 8va Conferencia Nacional de Salud hab\u00eda reunido cinco mil representantes de todos los segmentos de la sociedad civil. En esos d\u00edas se discutieron entre otros puntos un nuevo modelo de salud. El informe final indicaba las directrices para la construcci\u00f3n de un sistema universal, Innumerables \u201cConferencias\u201d generales y tem\u00e1ticas se han organizado hasta el presente sustentadas en mecanismos de delegaci\u00f3n desde el nivel municipal hasta el nacional y entre ellas las conferencias de \u201crecursos humanos\u201d un nombre que hace 20 a\u00f1os fue reemplazado por el de \u201cGesti\u00f3n del Trabajo y Educaci\u00f3n en Salud\u201d y que se encuentra presente en la estructura del Ministerio de Salud con rango de Secretar\u00eda de Estado (SEGETS).<\/p>\n\n\n\n<p><em>La Cuarta Conferencia Nacional de Gesti\u00f3n del Trabajo y Educaci\u00f3n en Salud<\/em>&nbsp;ocurrida en Brasilia entre el 10 y el 12 de diciembre pasado, representa un nuevo hito que se basa en el reconocimiento a los millones de trabajadores de salud que \u201chacen que el SUS acontezca\u201d. Una consigna que lejos de descansar en un sistema pensado apenas como una \u201cestructura\u201d enfatiza el car\u00e1cter perform\u00e1tico y militante que sostiene y recrea el sistema de salud en la vida cotidiana.<\/p>\n\n\n\n<p><em>\u201cMas de 10 mil personas de todo o Brasil, participaron de las 27 conferencias estaduales y distritales previas al evento nacional&nbsp; un movimiento iniciado el 10 de junio en Mato Grosso, y finalizado el&nbsp; 27 de septiembre en Roraima.\u201d<\/em><\/p>\n\n\n\n<p>Viviendo el evento como un \u201ccorresponsal privilegiado\u201d por haber acompa\u00f1ado el desarrollo del SUS desde sus or\u00edgenes me impresiona el crecimiento y el devenir de esta compleja construcci\u00f3n y me permito compartir una reflexi\u00f3n m\u00e1s general inspirada en mi presencia en esta Conferencia.<\/p>\n\n\n\n<p><em>La categor\u00eda hegeliana de \u00abespacio singular\u00bb me ayuda a pensar en la cantidad de dispositivos que le ha permitido al SUS construir una ciudadan\u00eda en salud que no existe en ning\u00fan otro sector del estado ni de la sociedad brasilera. Cambios constitucionales, Conferencias Sanitarias (desde la 8va hasta la 17ava), \u00e9nfasis en \u201crecursos humanos\u201d como sujeto (hoy \u00abgesti\u00f3n del trabajo y educaci\u00f3n en salud\u00bb) llevado a rango de viceministerio),&nbsp; \u00abmunicipalizaci\u00f3n pactuada\u00bb, la paciente construcci\u00f3n de la CONASS y de la CONASEMS, que re\u00fanen a los Secretarios de estados (provincias) y municipios de todo el pa\u00eds. Los Consejos municipales y estaduales de salud, el Consejo Nacional de Salud, todos ellos con reglada participaci\u00f3n paritaria de delegados de los trabajadores y de la ciudadan\u00eda, &nbsp;el rol de las Fundaciones estatales como la FIOCRUZ, programa de Atenci\u00f3n B\u00e1sica en todo el pa\u00eds son hitos que, entre otros dispositivos, han constituido un \u00abestado dentro del estado\u00bb que el PT no invent\u00f3 pero que Lula supo aprovechar (no as\u00ed Dilma); la red nacional de Escuelas de Gobierno en Salud .&nbsp;<\/em><\/p>\n\n\n\n<p><em>Desde el privilegio de haber podido&nbsp; participar en las primeras reuniones \u00abconspirativas\u201d del Centro Brasilero de Estudios Sanitarios CEBES como un think tank de la reforma all\u00e1 por 1986 hasta esta \u00faltima semana haber escuchado \u00abel SUS ha dejado de ser un dise\u00f1o de salubristas\u00bb pasaron 38 a\u00f1os de acompa\u00f1ar a una construcci\u00f3n que resisti\u00f3 a Collor de Melo y a Bolsonaro y que le dio voz y derecho de ciudadan\u00eda a millones de brasileros considerados \u00abminor\u00edas\u00bb excluidas o desechables por las derechas, por el neoliberalismo&nbsp; y por el capitalismo productivista.<\/em><\/p>\n\n\n\n<p>Un comentario final y un agradecimiento por una experiencia tan intensa y cercana aun, que no se deja resumir. \u201cel 75 % de la fuerza laboral en Salud de Brasil somos mujeres\u201d enunciado m\u00e1s fuerte aun cuando se escucha expresado tanto por la ministra como por la secretaria del \u00e1rea y un agradecimiento especial a Nisia Trinidad,&nbsp; a Isabela Pintos, a todo el equipo de la SEGETS y a mis hist\u00f3ricos amigos Francisco Campos y Tania Celeste Nunes por esta oportunidad.<\/p>\n\n\n\n<p><strong><em>\u00bfUn mensaje encriptado en el apellido del nuevo embajador de Trump en Argentina?<\/em><\/strong><\/p>\n\n\n\n<p>Dada su intensa afinidad con el vocabulario escat\u00f3l\u00f3gico, no le debe haber pasado por alto al presidente de la Naci\u00f3n las resonancias, \u201cel significante\u201d, de la designaci\u00f3n de Peter Lamelas para entrever como pueden ser durante el gobierno de Trump las nuevas relaciones carnales de su gobierno con Estados Unidos.<\/p>\n\n\n\n<p><em>\u201cDe ni\u00f1o, Peter y su familia huyeron de la Cuba comunista y emigraron LEGALMENTE a EE.UU., para comenzar de la nada y alcanzar el sue\u00f1o americano\u201d escribi\u00f3 el presidente electo.<\/em><\/p>\n\n\n\n<p><em>Lamelas es un empresario de los servicios de salud, fundador de la compa\u00f1\u00eda de atenci\u00f3n de urgencias m\u00e9dicas MD Now Urgent Care, que luego fue vendida a HCA Healthcare en 2022. \u201cEs un honor haber sido nominado por el presidente Trump como embajador de Estados Unidos en Argentina. Espero con ansias la confirmaci\u00f3n del Senado. \u00a1Dios bendiga a Estados Unidos!\u201d, respondi\u00f3 el futuro embajador luego de la designaci\u00f3n.<\/em><\/p>\n\n\n\n<p>\u00bfTendr\u00e1 que ver esta designaci\u00f3n con la aparentemente contradictoria hostilidad del gobierno nacional con las prepagas?. La denuncia de cartelizaci\u00f3n -justo esta semana- contra siete compa\u00f1\u00edas de medicina prepaga&nbsp;&nbsp; Galeno, Hospital Brit\u00e1nico, Hospital Alem\u00e1n, Medif\u00e9, Swiss Medical, Omint, OSDE as\u00ed parece confirmarlo.<\/p>\n\n\n\n<p>Quiz\u00e1s como ocurri\u00f3 en M\u00e9xico, en Colombia o en Brasil el gobierno de Milei ya est\u00e1 abriendo las puertas para un cambio de mano en el control de la medicina privada en la Argentina por el momento m\u00e1s cercano a inversionistas y financistas europeos y locales.<\/p>\n\n\n\n<p><em>Se puede acceder a la nota completa a trav\u00e9s del\u00a0<a href=\"https:\/\/cnnespanol.cnn.com\/2024\/12\/12\/argentina\/peter-lamelas-embajador-trump-argentina-orix\" target=\"_blank\" rel=\"noreferrer noopener\">enlace<\/a><\/em><\/p>\n\n\n\n<p><strong><em>Geopol\u00edtica din\u00e1mica: \u00bfse balcaniza el territorio de la actual Siria?<\/em><\/strong><\/p>\n\n\n\n<p>Zelensky celebra la ca\u00edda del r\u00e9gimen sirio como si fuera un triunfo propio y se expresa generoso ofreciendo ayuda humanitaria del programa \u201cgranos de Ucrania\u201d para prevenir una potencial hambruna en Siria demostrando una y otra vez el principio del \u201ctodo tiene que ver con todo\u201d. Siria -como hemos expresado en&nbsp; nuestro anterior Reporte- ya estaba balcanizada.<\/p>\n\n\n\n<p>Un reciente art\u00edculo de Tiempo Argentino lo describe en pocas palabras:<em>&nbsp;Para quienes perciben un acuerdo no escrito entre los yihadistas que tomaron el poder en Damasco el domingo pasado y los servicios de Estados Unidos, Israel y Turqu\u00eda, los propios l\u00edderes hacen y dicen lo suficiente como para confirmar cualquier sospecha. El m\u00e1s reciente fue Ab\u00fa Mohamed al Jolani, el l\u00edder de Hayat Tahrir al Sham (HTS), quien asegur\u00f3 ayer que \u00aba\u00f1os de esta guerra no nos permiten entrar en nuevos conflictos\u201d como ser\u00eda uno contra el estado israel\u00ed, mientras que en un encuentro del partido oficialista Justicia y el Desarrollo (AKP), el presidente Recep Tayyip Erdogan dijo que \u201clas ciudades que llamamos Alepo, Idlib, Damasco y Raqqa volver\u00e1n a ser provincias nuestras como Gaziantep, Hatay y Urfa\u201d. Israel, por su lado, arras\u00f3 las instalaciones militares sirias hasta Damasco y sus tropas estaban a pocos kil\u00f3metros de la milenaria capital siria en un operativo destinado, seg\u00fan el ministerio de Defensa de ese pa\u00eds, a evitar las consecuencias de una posible anarqu\u00eda.<\/em><\/p>\n\n\n\n<p>La paradoja es que el \u201chombre fuerte\u201d en quien se deposita las esperanzas de occidente es el mismo:&nbsp;<em>\u201cpor el que todav\u00eda en la p\u00e1gina web de la DNI de Estados Unidos se brinda una recompensa de 100 millones de d\u00f3lares por quien brinde datos sobre su paradero. All\u00ed lo buscan como Muhammad al-Jawlani, Al Golani o Al Jolani.<\/em><\/p>\n\n\n\n<p><em>Se puede acceder a la nota completa a trav\u00e9s del\u00a0<a href=\"https:\/\/www.tiempoar.com.ar\/mundo\/el-nuevo-hombre-fuerte-de-siria-tira-centros-a-israel-iran-y-rusia\/\" target=\"_blank\" rel=\"noreferrer noopener\">enlace<\/a><\/em><\/p>\n\n\n\n<p><strong><em>Congo la enfermedad desconocida podr\u00eda no ser tan desconocida<\/em><\/strong><\/p>\n\n\n\n<p>La epidemia de origen desconocida podr\u00eda ser en realidad un brote de malaria por los primeros resultados serol\u00f3gicos, sin embargo la alta prevalencia de esta enfermedad en la regi\u00f3n podr\u00eda significar tambi\u00e9n que el paludismo sea una comorbilidad en el brote y otro agente resulte responsable. La alerta no ha terminado pero la noticia que circul\u00f3 las \u00faltimas semanas ayuda a reflexionar sobre la capacidad diagn\u00f3stica y resolutiva de las diferentes regiones de nuestro planeta en donde la velocidad de los cambios e innovaciones cient\u00edficas viajan a distintas velocidades y a poner nuevamente en foco la realidad de la Malaria cuando ya estamos por alcanzar el primer cuarto del siglo XXI. El brote est\u00e1 centrado en ni\u00f1os de la localidad de Panzi provincia de Kwango a 700 km y a dos d\u00edas de viaje por tierra de la Capital Kinshasa.<\/p>\n\n\n\n<p>Como en otros logros de la salud internacional en el siglo se repite el patr\u00f3n \u201cveinte a\u00f1os de progresividad y cinco de retroceso\u201d, atribuidas a la combinaci\u00f3n de cambio clim\u00e1tico y pandemia &nbsp;(las muertes registradas por paludismo se redujeron de 864.000 en el 2001 a 576.000 en el 2019 pero treparon a 631.000 en el 2020 y desde all\u00ed vuelven a descender lentamente a 608.000 en 2022 y a 597.000 en el 2023. La escasa visibilidad de este flagelo no es independiente que m\u00e1s del 90 % de las muertes ocurren en \u00c1frica y de ellas un 31% en Nigeria y un 12 % en la Rep\u00fablica del Congo. 29 pa\u00edses acumulan la totalidad de los casos en el mundo. Argentina contin\u00faa -por el momento- certificada como libre de casos.<\/p>\n\n\n\n<p><em>Se puede acceder a la nota completa a trav\u00e9s del\u00a0<a href=\"https:\/\/www.who.int\/publications\/i\/item\/9789240086173\" target=\"_blank\" rel=\"noreferrer noopener\">enlace<\/a><\/em><\/p>\n\n\n\n<p><strong><em>Contribuci\u00f3n de Bel\u00e9n Herrero: \u201cpiquete de premios nobel contra un antivacunas\u201d<\/em><\/strong><\/p>\n\n\n\n<p><em>M\u00e1s de 75 premios Nobel han firmado una carta en la que instan al Senado a no confirmar a Robert F. Kennedy Jr, el candidato elegido por el presidente electo Donald J. Trump para dirigir el Departamento de Salud y Servicios Humanos y un conocido antivacunas. La carta, a la que ha tenido acceso el diario The New York Times, es la primera de la que se tiene constancia en que un grupo de galardonados cierran filas contra una elecci\u00f3n del Gabinete, seg\u00fan Richard Roberts, ganador del Nobel de Fisiolog\u00eda y Medicina en 1993, que particip\u00f3 en la redacci\u00f3n de la misiva. El laureado club de investigadores y acad\u00e9micos no suele pronunciarse p\u00fablicamente en cuestiones pol\u00edticas, subray\u00f3 Roberts, y menos a\u00fan, de consuno.<\/em><\/p>\n\n\n\n<p><em>El principal argumento que esgrimen los Nobel es que, bajo la direcci\u00f3n de Kennedy, la salud p\u00fablica estar\u00eda en riesgo. En palabras de Roberts, la confirmaci\u00f3n de Kennedy, un cr\u00edtico ac\u00e9rrimo de la medicina convencional, pero tambi\u00e9n de las Big Pharma (las grandes multinacionales farmac\u00e9uticas), es una amenaza que los premios Nobel no pueden ignorar. Kennedy se ha mostrado repetidamente contrario a los cient\u00edficos y a los organismos cuya supervisi\u00f3n recae en el Departamento de Salud. \u201cEstos ataques pol\u00edticos a la ciencia son muy perjudiciales. Hay que levantarse y protegerla\u201d, ha declarado Roberts<\/em>.<\/p>\n\n\n\n<p><em>Se puede acceder a la nota completa a trav\u00e9s del\u00a0<a href=\"https:\/\/elpais.com\/internacional\/2024-12-09\/mas-de-75-premios-nobel-piden-al-senado-de-estados-unidos-que-no-confirme-a-robert-kennedy-como-secretario-de-salud.html\" target=\"_blank\" rel=\"noreferrer noopener\">enlace<\/a><\/em><\/p>\n\n\n\n<h4 class=\"wp-block-heading\" id=\"contribucion-de-rodolfo-kaufmann-justicia-por-mano-propia\"><strong><em>Contribuci\u00f3n de Rodolfo Kaufmann: \u00bfJusticia por mano propia?<\/em><\/strong><\/h4>\n\n\n\n<p>\u201cLa gente est\u00e1 disgustada, muy enojada con los sistemas de salud y ejemplos de otras latitudes (Un gerente (CEO) de la aseguradora United Health Care fue asesinado en el centro de Nueva York). United Healthcare brinda cobertura para m\u00e1s de 49 millones de estadounidenses y gener\u00f3 m\u00e1s de $281 mil millones en ingresos en 2023. M\u00e9dicos, pacientes y legisladores han planteado en los \u00faltimos a\u00f1os que las aseguradoras est\u00e1n interfiriendo cada vez con la atenci\u00f3n de rutina, causando retrasos que pueden afectar la recuperaci\u00f3n e incluso la vida del paciente\u201d.<\/p>\n\n\n\n<p>\u201cEn EEUU las compa\u00f1\u00edas de seguros de salud est\u00e1n insuficientemente reguladas y sus directores ejecutivos maximizan las ganancias y bonificaciones mientras las p\u00f3lizas de seguro est\u00e1n llenas de deducibles, copagos, exenciones y exclusiones en letra peque\u00f1a que generan malestar en los consumidores y los m\u00e9dicos. Los pacientes o los empleadores pagan las primas de seguro por adelantado con garant\u00edas anunciadas\u201d.<\/p>\n\n\n\n<p><em>\u201cActualmente conocemos parcialmente cu\u00e1l es la opini\u00f3n que poseen los\/las argentinas con respecto a la medicina prepaga, una encuesta rigurosa ser\u00eda necesaria. Sabemos que la informaci\u00f3n circula por distintos medios muy r\u00e1pidamente y las manifestaciones e impulsos violentos que contribuyen a modelar conductas llegan a much\u00edsimas personas que residen en regiones tan distantes de Nueva York como los\/las que habitamos australmente Am\u00e9rica.&nbsp; En consecuencia, en un mundo fragilizado e incierto, con el discurso enfervorizado de batallas culturales con el que la m\u00e1quina de guerra imperial no se propone reformas sino destrucciones, \u00a1!!atenti!! y cuidado con quienes portan mochilas y&nbsp;<\/em><em>manifiesto escritos a mano criticando a las empresas de asistencia m\u00e9dica privada\u201d!<\/em><\/p>\n\n\n\n<p>Words on ammo in CEO shooting echo common phrase on insurer tactics: Delay, deny, defend.\u00a0<a href=\"https:\/\/apnews.com\/article\/unitedhealthcare-ceo-shooting-delay-deny-defend-depose-ee73ceb19f361835c654f04a3b88c50c\" target=\"_blank\" rel=\"noreferrer noopener\">https:\/\/apnews.com\/article\/unitedhealthcare-ceo-shooting-delay-deny-defend-depose-ee73ceb19f361835c654f04a3b88c50c<\/a><\/p>\n\n\n\n<p>La \u201cviolencia silenciosa\u201d de la codicia y el poder corporativos. Ralph Nader. 10-12-2024.\u00a0<a href=\"https:\/\/www.counterpunch.org\/2024\/12\/10\/the-silent-violence-of-corporate-greed-and-power\/\" target=\"_blank\" rel=\"noreferrer noopener\">https:\/\/www.counterpunch.org\/2024\/12\/10\/the-silent-violence-of-corporate-greed-and-power\/<\/a><\/p>\n\n\n\n<h4 class=\"wp-block-heading\" id=\"argentina-y-la-amenaza-de-destruir-el-mercosur\"><strong><em>Argentina y la amenaza de destruir el Mercosur<\/em><\/strong><\/h4>\n\n\n\n<p>Vivimos en un presente contingente e impredecible sufriendo las consecuencias de m\u00faltiples conflictos macropol\u00edticos, China-Estados Unidos, Rusia-Ucrania, Medio Oriente, Europa y el Indo-Pac\u00edfico, con guerras gestionadas tecnol\u00f3gicamente pujando por un reordenamiento econ\u00f3mico y geopol\u00edtico. En este mazo de cartas est\u00e1n las im\u00e1genes de mesianismos diversos, monarqu\u00edas din\u00e1sticas y capitalismos acu\u00f1ados en diferentes matrices culturales. Desde un suelo colonial contemplamos las metr\u00f3polis imperiales y seg\u00fan autores el acuerdo Mercosur-Uni\u00f3n Europea \u201ccongelar\u00eda las asimetr\u00edas comerciales entre ambos bloques, haciendo m\u00e1s dif\u00edcil cambiar el hecho de que el Mercosur exporta fundamentalmente productos con bajo valor agregado, como carne, soja o jugo de naranja\u201d. Las empresas c\u00e1rnicas brasile\u00f1as son financiadas por entidades bancarias como el Banco Santander, que entre 2014 y 2019 fue la segunda entidad bancaria europea que m\u00e1s financi\u00f3 a frigor\u00edficos directamente vinculadas con la deforestaci\u00f3n en la selva amaz\u00f3nica agravando la tala de bosques y las tierras de las comunidades originarias. Al mismo tiempo, se intensificar\u00eda el uso intensivo de aguas, tierras y agroqu\u00edmicos en los monocultivos de soja, as\u00ed como la utilizaci\u00f3n de hormonas y antibi\u00f3ticos en macrogranjas y feedlot con implicaciones severas para la salud de cuerpos y territorios. El proceso de destrucci\u00f3n econ\u00f3mico-social en el \u00faltimo a\u00f1o en Argentina es de gran magnitud, de concretarse el acuerdo bilateral u otros, como plantea Milei, ser\u00eda el pa\u00eds m\u00e1s perjudicado por el impacto que tendr\u00e1 en la industria automotriz y de autopartes y consecuentemente agravar\u00eda mucho m\u00e1s el desempleo. Cl\u00e1usulas para disminuir los controles aduaneros y en las compras p\u00fablicas y de servicios, obligar\u00eda a los Estados a tratar de igual a igual con las empresas de los pa\u00edses firmantes, con consecuencias fatales para las pymes locales de nuestro pais.<\/p>\n\n\n\n<p>El Acuerdo entre el Mercosur y la Uni\u00f3n Europea. <a href=\"https:\/\/www.clacso.org\/wp-content\/uploads\/2020\/05\/Informe_Mercosur_UE_2020.pdf\" target=\"_blank\" rel=\"noreferrer noopener\">Estudio integral de sus cl\u00e1usulas y efectos por Luciana Ghiotto y Javier Echaide Febrero de 2020. CLACSO<\/a>.<\/p>\n\n\n\n<p><em>Desde el Norte Global, la orientaci\u00f3n es clara, \u201c<a href=\"https:\/\/www.csis.org\/analysis\/ending-strategic-vacuum-us-strategy-china-latin-america\" target=\"_blank\" rel=\"noreferrer noopener\">Poner fin al vac\u00edo estrat\u00e9gico de Estados Unidos frente a China en Am\u00e9rica Latina<\/a>\u201d en pocas palabras,\u00a0 \u2026..Estados Unidos ya no puede permitirse el lujo de descuidar estrat\u00e9gicamente su propio vecindario compartido, \u2026.durante demasiado tiempo, China ha logrado promover sus objetivos geopol\u00edticos en un vac\u00edo casi estrat\u00e9gico.<\/em><\/p>\n\n\n\n<p>CSIS-Center for Strategic and International Studies.<\/p>\n\n\n\n<p><em>Pensar los complejos lazos entre la Salud Internacional y la Salud Nacional es fundamental para considerar las diferentes perspectivas que vinculan la macropol\u00edtica con la micropol\u00edtica del trabajo cotidiano en salud. Ser\u00eda adecuado debatir acerca de los actualizados mecanismos de la colonialidad del poder, del saber y del ser en Am\u00e9rica Latina para comprender los modos de control social y organizar otras l\u00f3gicas vinculares basadas en una \u00e9tica relacional irreverente y subversiva de los valores.<\/em><a href=\"https:\/\/revistasoberaniasanitaria.com.ar\/reporte-de-salud-internacional-41\/\"><\/a><\/p>\n","protected":false},"excerpt":{"rendered":"<p>Por Mario Rovere.\u00a0Publicado en Revista Soberan\u00eda Sanitaria Conferencia Nacional de Gesti\u00f3n del Trabajo y Educaci\u00f3n en Salud: Un nuevo hito para el SUS El Sistema \u00danico de Salud de Brasil (SUS) es una laboriosa construcci\u00f3n [&hellip;]<\/p>\n","protected":false},"author":2,"featured_media":2534,"comment_status":"closed","ping_status":"open","sticky":false,"template":"","format":"standard","meta":{"footnotes":""},"categories":[123],"tags":[],"class_list":["post-2921","post","type-post","status-publish","format-standard","has-post-thumbnail","hentry","category-salud-internacional"],"_links":{"self":[{"href":"https:\/\/campusff.ms.gba.gov.ar\/comunidaddea-ff\/wp-json\/wp\/v2\/posts\/2921","targetHints":{"allow":["GET"]}}],"collection":[{"href":"https:\/\/campusff.ms.gba.gov.ar\/comunidaddea-ff\/wp-json\/wp\/v2\/posts"}],"about":[{"href":"https:\/\/campusff.ms.gba.gov.ar\/comunidaddea-ff\/wp-json\/wp\/v2\/types\/post"}],"author":[{"embeddable":true,"href":"https:\/\/campusff.ms.gba.gov.ar\/comunidaddea-ff\/wp-json\/wp\/v2\/users\/2"}],"replies":[{"embeddable":true,"href":"https:\/\/campusff.ms.gba.gov.ar\/comunidaddea-ff\/wp-json\/wp\/v2\/comments?post=2921"}],"version-history":[{"count":1,"href":"https:\/\/campusff.ms.gba.gov.ar\/comunidaddea-ff\/wp-json\/wp\/v2\/posts\/2921\/revisions"}],"predecessor-version":[{"id":2922,"href":"https:\/\/campusff.ms.gba.gov.ar\/comunidaddea-ff\/wp-json\/wp\/v2\/posts\/2921\/revisions\/2922"}],"wp:featuredmedia":[{"embeddable":true,"href":"https:\/\/campusff.ms.gba.gov.ar\/comunidaddea-ff\/wp-json\/wp\/v2\/media\/2534"}],"wp:attachment":[{"href":"https:\/\/campusff.ms.gba.gov.ar\/comunidaddea-ff\/wp-json\/wp\/v2\/media?parent=2921"}],"wp:term":[{"taxonomy":"category","embeddable":true,"href":"https:\/\/campusff.ms.gba.gov.ar\/comunidaddea-ff\/wp-json\/wp\/v2\/categories?post=2921"},{"taxonomy":"post_tag","embeddable":true,"href":"https:\/\/campusff.ms.gba.gov.ar\/comunidaddea-ff\/wp-json\/wp\/v2\/tags?post=2921"}],"curies":[{"name":"wp","href":"https:\/\/api.w.org\/{rel}","templated":true}]}}