{"id":2915,"date":"2024-11-26T11:59:26","date_gmt":"2024-11-26T14:59:26","guid":{"rendered":"https:\/\/campusff.ms.gba.gov.ar\/comunidaddea-ff\/?p=2915"},"modified":"2025-02-20T12:03:01","modified_gmt":"2025-02-20T15:03:01","slug":"reporte-de-salud-internacional-37","status":"publish","type":"post","link":"https:\/\/campusff.ms.gba.gov.ar\/comunidaddea-ff\/2024\/11\/26\/reporte-de-salud-internacional-37\/","title":{"rendered":"Reporte de salud internacional #37"},"content":{"rendered":"\n<p><em>Por Mario Rovere.\u00a0<\/em><a href=\"https:\/\/revistasoberaniasanitaria.com.ar\/reporte-de-salud-internacional-37\/\" target=\"_blank\" rel=\"noreferrer noopener\">Publicado en Revista Soberan\u00eda Sanitaria<\/a><\/p>\n\n\n\n<p><em><strong>La semana que estuvimos en peligro<\/strong><\/em><\/p>\n\n\n\n<p>En la arena internacional los ritmos son discontinuos pero una ley no escrita dice que el que est\u00e1 ganando no tiene apuro y el que esta perdiendo acelera. Algo as\u00ed parece haber sucedido con la coalici\u00f3n del \u201coccidente libre\u201d cuya labilidad parece ahora sobre todo consecuencia de sus propios errores.<\/p>\n\n\n\n<p>Hay que retrotraerse a la crisis de los misiles (Cuba 1962) para encontrar otro momento de posguerra en la que el mundo estuvo tan cerca de una hecatombe nuclear. Estados Unidos junto con Ucrania prepararon una suerte de Dia D b\u00e9lico y comunicacional asociado a los mil d\u00edas de la guerra. Los peri\u00f3dicos norteamericanos colocaron en tapa, es decir no ocultan y m\u00e1s bien se ufanan que, son sus propios misiles los que atacaron territorio ruso. Al otro d\u00eda los diarios brit\u00e1nicos anuncian que ahora son misiles brit\u00e1nicos los que penetraron \u201cprofundamente\u201d en territorio ruso. Rusia escala con un nuevo misil hipers\u00f3nico en territorio ucraniano, la televisi\u00f3n rusa expone mapas de las ciudades y de las capitales europeas que pueden ser alcanzadas por estos misiles que declaran \u201cno pueden ser interceptados\u201d y reitera que ha redefinido su piso de alerta para el uso \u201cdefensivo\u201d armas nucleares. Como una se\u00f1al de la gravedad del momento se anunci\u00f3 esta semana que el m\u00edtico \u201ctel\u00e9fono rojo\u201d entre Washington y Mosc\u00fa activo desde 1963 hab\u00eda dejado de funcionar.<\/p>\n\n\n\n<p>AL final de la semana la efervescencia parec\u00eda bajar. Zelensky declaraba su expectativa de que Donald Trump tenga un plan efectivo para terminar la guerra en el 2025 y se mostraba dispuesto a conversar con \u00e9l, incluso antes que asuma, Mientras tanto la historia brinda un nuevo giro narrativo. Seg\u00fan el peri\u00f3dico \u201cThe Independent\u201d, el turbio suceso de un segundo intento de asesinato de Trump en un campo de golf de Florida que en su momento se anunci\u00f3 como una operaci\u00f3n de Ir\u00e1n, se devel\u00f3 que tendr\u00eda que ver m\u00e1s bien con todo lo contrario. El sujeto detenido reclutaba mercenarios para pelear en Ucrania y lo mas ins\u00f3lito es que \u201cla mano de obra desocupada\u201d proced\u00eda de contingentes de afganos que en su momento Gran Breta\u00f1a entren\u00f3 y que dejo abandonados cuando los talibanes regresaron al poder.<\/p>\n\n\n\n<p><em><a href=\"https:\/\/www.independent.co.uk\/news\/uk\/home-news\/donald-trump-assassin-ukraine-afghan-commandos-b2652462.html\" target=\"_blank\" rel=\"noreferrer noopener\">El hombre acusado del intento de asesinato de Donald Trump <\/a>aparentemente estaba enviando mensajes a comandos afganos entrenados por los brit\u00e1nicos sobre el reclutamiento para la guerra de Ucrania apenas tres d\u00edas antes de ser arrestado en un campo de golf de Florida. Ryan Wesley Routh fue arrestado el 15 de septiembre despu\u00e9s de presuntamente apuntar con un poderoso rifle de asalto estilo AK-47 a trav\u00e9s de los arbustos en el Trump National Golf Club en West Palm Beach.<\/em><\/p>\n\n\n\n<p>La escena internacional sufri\u00f3 otro giro inesperado; como sucedi\u00f3 con Putin en febrero del 2023, &nbsp;la Corte Penal Internacional (CPI) solicit\u00f3 la detenci\u00f3n de Netanyahu y su estado mayor por cr\u00edmenes de guerra. La orden de detenci\u00f3n del primer ministro israel\u00ed es porque se le acusa de usar el hambre como arma de guerra en Gaza y de dirigir ataques contra civiles en el territorio\u201d. Tambi\u00e9n se solicit\u00f3 el arresto del ex ministro de Defensa, Yoav Gallant<em>.<\/em><em>&nbsp;<\/em><em>La acusaci\u00f3n oficial los califica como \u00abresponsables penalmente como coautores de los cr\u00edmenes de guerra de uso del hambre como m\u00e9todo de guerra y los cr\u00edmenes de lesa humanidad de asesinato, persecuci\u00f3n y otros actos inhumanos\u00bb.<\/em><\/p>\n\n\n\n<p>Apelado por Israel La Corte con sede en La Haya aclar\u00f3&nbsp;<em>\u201cNo es necesario que Israel acepte la jurisdicci\u00f3n de la Corte, ya que esta puede ejercer su jurisdicci\u00f3n sobre la base de la jurisdicci\u00f3n territorial de Palestina\u201d.&nbsp;<\/em>No hab\u00eda ocurrido nunca que la CPI condenara a un l\u00edder de un pa\u00eds, parte del bloque internacional occidental, fallo que naturalmente Netanyahu calific\u00f3 de \u201cantisemita\u201d. Otro acusado, l\u00edder de Ham\u00e1s al parecer recientemente fue incluido en una lista de fallecidos por parte del ej\u00e9rcito israel\u00ed.<\/p>\n\n\n\n<p>Aunque Estados Unidos e Israel no reconocen jurisdicci\u00f3n a este tribunal lo real es que cuatro importantes gobiernos; el de Francia, de Gran Breta\u00f1a, de Canad\u00e1 y el de Italia ya declararon que de pisar su territorio quedar\u00edan detenidos<\/p>\n\n\n\n<p><em>El alto representante de la Uni\u00f3n Europea (UE) para Asuntos Exteriores y Pol\u00edtica de Seguridad, Josep Borrell, declar\u00f3 en una rueda de prensa que la orden de arresto de la CPI debe ser \u00abrespetada y aplicada\u00bb\u2026. Tambi\u00e9n expres\u00f3 su postura en la red social X, donde afirm\u00f3 que \u00abtoma nota\u00bb de la decisi\u00f3n de la Corte y que \u00abestas decisiones son vinculantes para todos los Estados que asignaron el Estatuto de Roma\u201d<\/em>. Este estatuto que Argentina ratific\u00f3 en 1.999 est\u00e1 vigente en 124 pa\u00edses; lo que incluye a todos los Estados Miembros de la Uni\u00f3n Europea. Israel, Rusia y Estados Unidos firmaron el tratado, pero a la fecha no fue ratificado por sus congresos.<\/p>\n\n\n\n<p><em>Se puede acceder a la nota completa a trav\u00e9s del\u00a0<a href=\"https:\/\/www.bbc.com\/mundo\/articles\/czr7x2mz01xo\" target=\"_blank\" rel=\"noreferrer noopener\">enlace<\/a><\/em><\/p>\n\n\n\n<p><em><strong>Cumbre clim\u00e1tica COP 29, salvada a \u00faltimo momento y con sabor a poco<\/strong><\/em><\/p>\n\n\n\n<p>En las t\u00e9cnicas de negociaci\u00f3n se reconoce que lo m\u00e1s sencillo de dirimir es cuando la discrepancia se monetiza.: Los 7 pa\u00edses ricos ofrecieron 250 millones de d\u00f3lares, los 77 pa\u00edses no ricos dijeron \u201ces una broma, no menos de 500\u201d y finalmente se lleg\u00f3 un acuerdo por 300.<\/p>\n\n\n\n<p>Parece muy poco serio que esa costosa reuni\u00f3n en Bak\u00fa Azerbaiyan -que incluy\u00f3 algunas escenas de tensi\u00f3n con el representante de Estados Unidos\u201d llegue a este resultado, pero queda el dudoso consuelo que tambi\u00e9n pudo haber llegado a ning\u00fan resultado.<\/p>\n\n\n\n<p>El ex vicepresidente estadounidense Al Gore, declar\u00f3 al final de la Conferencia;<\/p>\n\n\n\n<p><em>\u201cSi bien el acuerdo alcanzado en la COP29 evita un fracaso inmediato, est\u00e1 lejos de ser un \u00e9xito. En cuestiones clave como la financiaci\u00f3n clim\u00e1tica y la transici\u00f3n hacia el abandono de los combustibles f\u00f3siles, esto es, una vez m\u00e1s, el m\u00ednimo indispensable.<\/em><\/p>\n\n\n\n<p><em>No podemos seguir dependiendo de medidas a medias de \u00faltimo momento. Los l\u00edderes de hoy eluden su responsabilidad centr\u00e1ndose en objetivos a largo plazo y ambiciosos que se extienden mucho m\u00e1s all\u00e1 de sus propios mandatos. Para afrontar el desaf\u00edo de nuestro tiempo, necesitamos acciones reales a escala de meses y a\u00f1os, no de d\u00e9cadas y cuartos de siglo.<\/em><\/p>\n\n\n\n<p><em>Esta experiencia en Bak\u00fa pone de relieve fallas m\u00e1s profundas en el proceso de la COP, incluida la enorme influencia de los intereses de los combustibles f\u00f3siles que han obstaculizado este proceso desde su inicio. El Reino de Arabia Saudita ha sido particularmente obstructivo. Poner en grave riesgo el futuro de la humanidad para ganar m\u00e1s dinero es un comportamiento verdaderamente vergonzoso. Reformar este proceso para que los contaminadores no tengan un control efectivo debe ser una prioridad.<\/em><\/p>\n\n\n\n<p><em>En definitiva, tras la COP29 debemos transformar la decepci\u00f3n en determinaci\u00f3n. Podemos resolver la crisis clim\u00e1tica. Que lo hagamos a tiempo para cumplir los objetivos del Acuerdo de Par\u00eds depender\u00e1 de lo que venga despu\u00e9s\u201d.<\/em><\/p>\n\n\n\n<p><em>Se puede acceder a la nota completa a trav\u00e9s del\u00a0<a href=\"https:\/\/www.theguardian.com\/environment\/live\/2024\/nov\/23\/cop29-talks-go-into-overtime-as-countries-wrangle-over-finance-deal-live-coverage\" target=\"_blank\" rel=\"noreferrer noopener\">enlace<\/a><\/em><\/p>\n\n\n\n<p><em><strong>El emporio Farmac\u00e9utico hoy<\/strong><\/em><\/p>\n\n\n\n<p>Reinaldo Guimaraes vicepresidente de la Asociaci\u00f3n Brasilera de Salud Colectiva (ABRASCO) actualiza una mirada sobre el holding farmac\u00e9utico mundial en un art\u00edculo imperdible. Est\u00e1 organizado en tres atractivos t\u00edtulos:&nbsp;<em>Las rela\u00e7iones primordiales entre la Farma norte-americana, sus guerras y el Estado. La Big Pharma norte americana es hegem\u00f3nica en el mundo y La Big Pharma y la financierizaci\u00f3n:: un verdadero rizoma empresarial<\/em><\/p>\n\n\n\n<p>Algunos p\u00e1rrafos<em>: Resulta muy impactante el peso de la hegemon\u00eda mundial de la&nbsp;Big Pharma&nbsp;de los Estados Unidos). En el a\u00f1o 2023, el mercado mundial de medicamentos alcanz\u00f3 cerca de 1,5 trillones de de d\u00f3lares. En ese mercado, en 2021, 6 de entre las 10 primera eran estadunidenses. Dentro de los sectores que hacen lobby&nbsp;en el Congreso y en el gobierno de los EUA, la&nbsp;Big Pharma&nbsp;es, de lejos, la que m\u00e1s incide. invirtiendo solo en el a\u00f1o 2023 378,6 millones de d\u00f3lares,<\/em><\/p>\n\n\n\n<p><em>LA hegemon\u00eda de la&nbsp;Big Pharma&nbsp;no es solo productiva y comercial, es tambi\u00e9n pol\u00edtica. Esto qued\u00f3 expuesto con la regulaci\u00f3n global de la Propriedad Intelectual (PI) ocurrida en 1994 con la firma del acuerdo TRIPS&nbsp;(Agreement on Trade-Related Aspects of Intellectual Property Rights). Los TRIPS marcan reglas draconianas, previendo, inclusive que el incumplimiento de sus dispositivos solo puede ser arbitrados por la Organizaci\u00f3n Mundial de Comercio.<\/em><\/p>\n\n\n\n<p><em>El papel de las farmac\u00e9uticas durante la pandemia de COVID, y el actuar de la OMC contra la concesi\u00f3n de um&nbsp;waiver&nbsp;(un perd\u00f3n) en las patentes de las vacunas para el Covid propuesto&nbsp;<\/em>[en el peor momento de la Pandemia]<em>&nbsp;por India y \u00c1frica del Sur, confirma esa hegemon\u00eda.<\/em><\/p>\n\n\n\n<p><em>Estos apuntes sobre el desarrollo de las Big Pharma con el protagonismo de EE.UU. deben entenderse como un caso particular de un modo de relaci\u00f3n entre naciones que dio lugar a la unipolaridad geopol\u00edtica, la globalizaci\u00f3n y el neoliberalismo. Fue esta situaci\u00f3n la que sobredetermin\u00f3 tanto la financiarizaci\u00f3n de las empresas farmac\u00e9uticas como la instituci\u00f3n de un est\u00e1ndar global armonizado de propiedad intelectual, que han sido los dos principales pilares organizativos, pol\u00edticos e ideol\u00f3gicos de la forma actual de funcionamiento de las grandes farmac\u00e9uticas.<\/em><\/p>\n\n\n\n<p><em>Se puede acceder a la nota completa a trav\u00e9s del\u00a0<a href=\"https:\/\/outraspalavras.net\/outrasaude\/a-big-pharma-uma-invencao-norte-americana\/\" target=\"_blank\" rel=\"noreferrer noopener\">enlace<\/a><\/em><\/p>\n\n\n\n<p><em><strong>Presentando a la UNU: Descolonizar la Salud Global incluye tambi\u00e9n como se investiga<\/strong><\/em><\/p>\n\n\n\n<p><em>Seg\u00fan la Organizaci\u00f3n Mundial de la Salud (OMS), en 2020, de los 37 000 millones de d\u00f3lares gastados en todo el mundo en \u00abinvestigaci\u00f3n biom\u00e9dica\u00bb, el 98,7 % se destin\u00f3 a pa\u00edses de ingresos altos.<\/em><\/p>\n\n\n\n<p>Un provocativo art\u00edculo publicado en el PLOS Global Public health este a\u00f1o \u201cDescolonizando la investigaci\u00f3n sanitaria global: cambiando el poder para generar un cambio transformador\u201d sirve tambi\u00e9n para presentar al Instituto Internacional de Salud Global que forma parte de la Universidad de las Naciones Unidas UNU. Con sede en Kuala Lumpur Malasia de donde provienen los autores del art\u00edculo.<\/p>\n\n\n\n<p>Las preguntas centrales del art\u00edculo: \u00bfQui\u00e9n lidera?, \u00bfQui\u00e9n la controla?; \u00bfQui\u00e9n se beneficia?; con el orden actual de la investigaci\u00f3n en salud global deviene un art\u00edculo de alto valor did\u00e1ctico inspirado en los movimientos de descolonizaci\u00f3n material y cultural que caracteriza un momento hist\u00f3rico de alt\u00edsima concentraci\u00f3n de poder.<\/p>\n\n\n\n<p>El art\u00edculo explora tambi\u00e9n caminos proponiendo directrices recientes que pretenden descolonizar la investigaci\u00f3n en salud global y desaf\u00edos tales como \u201ccambiar el equilibrio de poder en la investigaci\u00f3n sanitaria mundial a futuro\u201d<\/p>\n\n\n\n<p><em>Se puede acceder a la nota completa a trav\u00e9s del\u00a0<a href=\"https:\/\/journals.plos.org\/globalpublichealth\/article?id=10.1371\/journal.pgph.0003141#sec002\" target=\"_blank\" rel=\"noreferrer noopener\">enlace<\/a><\/em><\/p>\n\n\n\n<p><em><strong>Mesa de cierre acad\u00e9mico de la Diplomatura en Salud Internacional<\/strong><\/em><\/p>\n\n\n\n<p>El 21 de noviembre en la sede de la Escuela de Gobierno en Salud \u201cFloreal ferrara\u201d tuvo lugar la mesa redonda \u201cSalud en tiempos de crisis: transformar desaf\u00edos globales en respuestas locales\u201d; un panel de expertos para dialogar y explorar acerca de las oportunidades de acci\u00f3n y colaboraci\u00f3n para construir sistemas de salud m\u00e1s equitativos y comprometidos por el bienestar de las comunidades.<\/p>\n\n\n\n<p>Coordinada la mesa por la directora de la Diplomatura Bel\u00e9n Herrero, los panelistas que, son colaboradores habituales del Diplomado y de este reporte, recorrieron diversos aspectos de la Salud Internacional hoy. Isabel Dur\u00e9 (ex Directora Nacional de Talento Humano) ofreci\u00f3 una mirada cuali y cuantitativa sobre el fen\u00f3meno de la migraci\u00f3n internacional de los profesionales de salud, Victor Penchaszadeh (UNTREF y Asesor de Abuelas de Plaza de Mayo) comparti\u00f3 su extensa experiencia en el mundo de la investigaci\u00f3n en salud, Graciela Uriburu (Ex OPS y PMA) ofreci\u00f3 un mapeo actualizado de las estrategias corporativas de la comercializaci\u00f3n mundial de \u201csuced\u00e1neos de la leche materna\u201d, Adri\u00e1n Diaz (Pediatras contra el Hambre, ex OPS) se refiri\u00f3 a avances y retrocesos en la soberan\u00eda alimentaria y actualiz\u00f3 los aportes sobre la corporaci\u00f3n industrial de &nbsp;alimentos ultraprocesados, Leonel Tesler (UNPAZ y Fundaci\u00f3n Soberan\u00eda Sanitaria) volvi\u00f3 su mirada sobre la formaci\u00f3n de grado y la participaci\u00f3n creciente de estudiantes extranjeros en las universidades del pa\u00eds. &nbsp;&nbsp;<\/p>\n\n\n\n<p>Para la organizaci\u00f3n de este panel de cierre Bel\u00e9n Herrero nos propon\u00eda:&nbsp;<em>En un contexto mundial caracterizado por crisis de diversa \u00edndole \u2014pandemias, guerras, desigualdad econ\u00f3mica, conflictos sociales y cambio clim\u00e1tico\u2014 la salud y los derechos humanos en Am\u00e9rica Latina enfrentan desaf\u00edos cr\u00edticos. Estas crisis globales han puesto en entredicho la salud como derecho humano fundamental, revelando profundas desigualdades y brechas estructurales en los sistemas de salud y en la protecci\u00f3n de los derechos b\u00e1sicos.<\/em><\/p>\n\n\n\n<p><em>Am\u00e9rica Latina tiene una rica trayectoria en salud p\u00fablica y colectiva y ha sido un referente en la creaci\u00f3n de pol\u00edticas y estrategias inclusivas para defender el derecho a la salud. Hoy, el rol de los gobiernos locales y subnacionales es crucial en la implementaci\u00f3n de pol\u00edticas sanitarias, mientras que las comunidades desempe\u00f1an un papel clave en la defensa de este derecho ante las amenazas que se presentan.<\/em><\/p>\n\n\n\n<p><em>Este evento se propone como un espacio para reflexionar sobre los desaf\u00edos actuales de la salud y los derechos humanos en Am\u00e9rica Latina, abordando el v\u00ednculo entre lo global y lo local. La jornada abordar\u00e1 la necesidad de fortalecer pol\u00edticas p\u00fablicas inclusivas y justas para garantizar la salud como un derecho fundamental.<\/em><\/p>\n\n\n\n<p><em><strong>11 Encuentro Nacional de Salud y 3er Encuentro Nacional de Estudiantes; Rosario 22 y 23 de noviembre<\/strong><\/em><\/p>\n\n\n\n<p>Con la participaci\u00f3n de mas de diez mil trabajadores, estudiantes, profesionales, dirigentes gremiales, docentes universitarios se realiz\u00f3 en la Facultad de Psicolog\u00eda de la Universidad Nacional de Rosario un encuentro que por su dimensi\u00f3n y continuidad comienza a tener resonancias internacionales.<\/p>\n\n\n\n<p>Sustentado en un plexo de pre-encuentros realizados en diversas provincias y con una fuerte presencia de los equipos del Ministerio de Salud de la Provincia de Buenos Aires cont\u00f3 nuevamente, -como ya ocurriera en el a\u00f1o 2016 en el tercer Encuentro en la Universidad de Lan\u00fas- con la presencia de la ex Presidenta de la Naci\u00f3n Cristina Fern\u00e1ndez de Kirchner quien junto al Ministro de Salud de la Provincia de Buenos Aires Nicol\u00e1s Kreplak presidi\u00f3 el acto central del Encuentro.<\/p>\n\n\n\n<p>Su presentaci\u00f3n recorri\u00f3 logros e hitos fundamentales de la salud con una perspectiva de fortalecer lo p\u00fablico de sus dos gestiones de gobierno, pero de cara al futuro en la reiterada expectativa de constituir un Sistema Nacional Integrado de Salud.<\/p>\n\n\n\n<p>Fue en los momentos m\u00e1s confrontativos de su exposici\u00f3n en donde se col\u00f3 lo internacional,<\/p>\n\n\n\n<p><em>En su desaf\u00edo al Presidente agreg\u00f3 que \u00abdesregulan a favor de poquitos muy poderosos. A ver Milei, ya que sos tan guapo, desregul\u00e1 los medicamentos para que podamos tener gen\u00e9ricos importados para bajar el costo en los presupuestos sanitarios. A ver si te anim\u00e1s\u00bb. Revel\u00f3 que cuando termin\u00f3 su gobierno el impacto de los medicamentos en el presupuesto sanitario era del 15 al 20%, incluyendo las 19 vacunas obligatorias y la entrega gratuita de los remedios contra el HIV. Hoy ese impacto es del 40\u2033. Agreg\u00f3 que hace pocos d\u00edas recibi\u00f3 en el Instituto Patria al embajador de la India para hablar del tema, de modo que la ANMAT o el Ministerio de Salud podr\u00eda articular con los laboratorios extranjeros validados por las agencias regulatorias de Estados Unidos, Europa y Asia.<\/em><\/p>\n\n\n\n<p><em>Se puede acceder a la nota completa a trav\u00e9s del\u00a0<a href=\"https:\/\/www.elcohetealaluna.com\/lo-primero-es-la-salud\/\" target=\"_blank\" rel=\"noreferrer noopener\">enlace<\/a><\/em><a href=\"https:\/\/revistasoberaniasanitaria.com.ar\/reporte-de-salud-internacional-38\/\"><\/a><\/p>\n","protected":false},"excerpt":{"rendered":"<p>Por Mario Rovere.\u00a0Publicado en Revista Soberan\u00eda Sanitaria La semana que estuvimos en peligro En la arena internacional los ritmos son discontinuos pero una ley no escrita dice que el que est\u00e1 ganando no tiene apuro [&hellip;]<\/p>\n","protected":false},"author":2,"featured_media":2534,"comment_status":"closed","ping_status":"open","sticky":false,"template":"","format":"standard","meta":{"footnotes":""},"categories":[123],"tags":[],"class_list":["post-2915","post","type-post","status-publish","format-standard","has-post-thumbnail","hentry","category-salud-internacional"],"_links":{"self":[{"href":"https:\/\/campusff.ms.gba.gov.ar\/comunidaddea-ff\/wp-json\/wp\/v2\/posts\/2915","targetHints":{"allow":["GET"]}}],"collection":[{"href":"https:\/\/campusff.ms.gba.gov.ar\/comunidaddea-ff\/wp-json\/wp\/v2\/posts"}],"about":[{"href":"https:\/\/campusff.ms.gba.gov.ar\/comunidaddea-ff\/wp-json\/wp\/v2\/types\/post"}],"author":[{"embeddable":true,"href":"https:\/\/campusff.ms.gba.gov.ar\/comunidaddea-ff\/wp-json\/wp\/v2\/users\/2"}],"replies":[{"embeddable":true,"href":"https:\/\/campusff.ms.gba.gov.ar\/comunidaddea-ff\/wp-json\/wp\/v2\/comments?post=2915"}],"version-history":[{"count":1,"href":"https:\/\/campusff.ms.gba.gov.ar\/comunidaddea-ff\/wp-json\/wp\/v2\/posts\/2915\/revisions"}],"predecessor-version":[{"id":2916,"href":"https:\/\/campusff.ms.gba.gov.ar\/comunidaddea-ff\/wp-json\/wp\/v2\/posts\/2915\/revisions\/2916"}],"wp:featuredmedia":[{"embeddable":true,"href":"https:\/\/campusff.ms.gba.gov.ar\/comunidaddea-ff\/wp-json\/wp\/v2\/media\/2534"}],"wp:attachment":[{"href":"https:\/\/campusff.ms.gba.gov.ar\/comunidaddea-ff\/wp-json\/wp\/v2\/media?parent=2915"}],"wp:term":[{"taxonomy":"category","embeddable":true,"href":"https:\/\/campusff.ms.gba.gov.ar\/comunidaddea-ff\/wp-json\/wp\/v2\/categories?post=2915"},{"taxonomy":"post_tag","embeddable":true,"href":"https:\/\/campusff.ms.gba.gov.ar\/comunidaddea-ff\/wp-json\/wp\/v2\/tags?post=2915"}],"curies":[{"name":"wp","href":"https:\/\/api.w.org\/{rel}","templated":true}]}}