{"id":2913,"date":"2024-11-19T11:56:31","date_gmt":"2024-11-19T14:56:31","guid":{"rendered":"https:\/\/campusff.ms.gba.gov.ar\/comunidaddea-ff\/?p=2913"},"modified":"2025-02-20T11:59:21","modified_gmt":"2025-02-20T14:59:21","slug":"reporte-de-salud-internacional-36","status":"publish","type":"post","link":"https:\/\/campusff.ms.gba.gov.ar\/comunidaddea-ff\/2024\/11\/19\/reporte-de-salud-internacional-36\/","title":{"rendered":"Reporte de salud internacional #36"},"content":{"rendered":"\n<p><em>Por Mario Rovere.\u00a0<\/em><a href=\"https:\/\/revistasoberaniasanitaria.com.ar\/reporte-de-salud-internacional-36\/\" target=\"_blank\" rel=\"noreferrer noopener\">Publicado en Revista Soberan\u00eda Sanitaria<\/a><\/p>\n\n\n\n<p><em><strong>Las fichas se mueven con velocidad; el mundo \u201cpor venir\u201d puede ser diferente, no necesariamente mejor<\/strong><\/em><\/p>\n\n\n\n<p>Mientras Clar\u00edn y La Naci\u00f3n ningunean la llegada del presidente Macr\u00f3n que arrib\u00f3 a la Argentina con una agenda que incluye un homenaje a las monjas francesas v\u00edctimas de la dictadura militar, empresarial y eclesi\u00e1stica, la fotos editadas de Milei con un Trump irreconocible y el discurso bruscamente interrumpido &nbsp;en la residencia de Mar a Lago son disimulados para resaltar el \u00e9xito de la misi\u00f3n, que incluye una abierta convocatoria a debilitar a la ONU, en claves copiadas de las que protagonizaron Ronald Reagan y Margaret Thatcher contra la UNESCO.<\/p>\n\n\n\n<p>Mientras tanto la OMS organiza un pabell\u00f3n propio en la Cumbre de cambio clim\u00e1tico COP 29 que contin\u00faa su derrotero en la ciudad de Bak\u00fa, Azerbaijan entre el 11 y el 22 de noviembre&nbsp;<em>La OMS, en colaboraci\u00f3n con Wellcome Trust y la comunidad sanitaria, organiza el Pabell\u00f3n de la Salud en la Conferencia de las Naciones Unidas sobre el Clima COP29\u2026 El Pabell\u00f3n de la Salud reunir\u00e1 a la comunidad sanitaria mundial y a las principales partes interesadas de diversos sectores para garantizar que la salud y la equidad ocupen un lugar central en las negociaciones sobre el clima. Ofrecer\u00e1 un rico programa de eventos de dos semanas en el que se mostrar\u00e1n pruebas, iniciativas y soluciones para maximizar los beneficios para la salud que supone abordar el cambio clim\u00e1tico en todas las regiones, sectores y comunidades.<\/em><\/p>\n\n\n\n<p>Del otro lado del Rio de la Plata habr\u00e1 que esperar hasta el 24 de noviembre cuando Uruguay ir\u00e1 a su segunda vuelta electoral con la f\u00f3rmula Yamand\u00fa Orsi \u2013 Carolina Cosse como favoritos enfrentando a la coalici\u00f3n de todas las derechas. Aunque la mayor\u00eda de las encuestas muestran a la f\u00f3rmula del Frente Amplio entre dos y cuatro puntos encima esta diferencia se encuentra dentro de los errores estad\u00edsticos de este tipo de muestreo.&nbsp;<\/p>\n\n\n\n<p>Por su parte Lima ha sido el escenario de una enorme cumbre de car\u00e1cter econ\u00f3mico de los 21 pa\u00edses que comparten costa en el oc\u00e9ano pac\u00edfico conocida como APEC por sus siglas en ingl\u00e9s. La presencia de lideres mundiales culmin\u00f3 con el anuncio de una reuni\u00f3n cerrada entre Joe Biden y Xi Jiping. Corea del Sur en el 2025 y China en el 2026 ser\u00e1n sedes de este enorme tratado comercial. Dif\u00edcil imaginar que la elecci\u00f3n de la sede para esta cumbre no haya tenido que ver con el financiamiento de capitales chinos para la construcci\u00f3n de un gigantesco puerto comercial en la localidad de Chancay, en la costa peruana. &nbsp;<\/p>\n\n\n\n<p>El panorama en Bolivia contin\u00faa agrav\u00e1ndose con la existencia de numerosos l\u00edderes campesinos hoy presos pol\u00edticos y un permanente ataque f\u00edsico y judicial sobre la figura de Evo Morales. La corresponsal del programa \u201cLa Pizarra\u201d Gabriela Monta\u00f1o se\u00f1ala desde La Paz que \u201cno se trata apenas de una pelea de liderazgos. El presidente Arce lidera una nueva oleada de privatizaciones y califica de \u201cerrores\u201d algunas nacionalizaciones de los gobiernos anteriores del MAS en los que \u00e9l mismo particip\u00f3.&nbsp; &nbsp;<\/p>\n\n\n\n<p>Insistimos con el an\u00e1lisis de la situaci\u00f3n interna de Estados Unidos por su capacidad de remodelar el mundo de las relaciones internacionales. En ese sentido la BBC public\u00f3 un reportaje al influyente analista de pol\u00edtica internacional; Jacob Heilbrunn Editor de la revista \u201cThe National Interest\u201d quien se\u00f1alaba: espero<em>&nbsp;\u201cuna revisi\u00f3n dr\u00e1stica de los \u00faltimos 70 a\u00f1os de pol\u00edtica exterior estadounidense, que desde la Segunda Guerra Mundial se ha basado en el libre comercio y en las alianzas en Asia y Europa. Trump se adhiere a una mentalidad anterior a la Segunda Guerra Mundial. Cree que Estados Unidos puede funcionar como una fortaleza que no necesita alianzas con pa\u00edses democr\u00e1ticos y que el libre comercio internacional es perjudicial para la econom\u00eda estadounidense.<\/em><\/p>\n\n\n\n<p><em>\u201c\u2026ser\u00e1 una presidencia \u201crevolucionaria\u201d (\u00bf?) , tanto en pol\u00edtica interior como exterior. Pasar\u00e1 a la historia como uno de los presidentes m\u00e1s influyentes, porque va a derribar el orden internacional que ha existido durante los \u00faltimos 70 o 75 a\u00f1os. Cree que EE.UU. est\u00e1 siendo enga\u00f1ado, y ha hecho expl\u00edcito que prefiere trabajar con autocracias antes que con democracias. La retirada de la OTAN comenzar\u00eda por el abandono de Ucrania. Forzar\u00eda una negociaci\u00f3n de paz cortando el suministro de armamento a Ucrania. Obligar\u00eda a Ucrania a llegar a alg\u00fan tipo de acuerdo con Rusia. B\u00e1sicamente entregar\u00eda Ucrania a Rusia, y \u00e9se ser\u00eda el comienzo del proceso\u201d.<\/em><\/p>\n\n\n\n<p><em>Se puede acceder a la nota completa a trav\u00e9s del\u00a0<a href=\"https:\/\/www.bbc.com\/mundo\/articles\/cy78vn7d8lro?at_link_id=7AA1E7FA-95ED-11EF-B69C-F6829C3CA463&amp;at_link_type=web_link&amp;at_bbc_team=editorial&amp;at_link_origin=BBC_News_Mundo&amp;at_ptr_name=facebook_page&amp;at_campaign=Social_Flow&amp;at_format=image&amp;at_campaign_type=owned&amp;at_medium=social&amp;fbclid=IwZXh0bgNhZW0CMTAAAR2a08_C9gk-0oVqWme2daQUY3SsrmtO-kHes0hhMM_PDsB_zwrvJU2cnuY_aem_Iqqdmn9KetkV-i9d1wf5rA\" target=\"_blank\" rel=\"noreferrer noopener\">enlace<\/a><\/em><\/p>\n\n\n\n<p><strong><em>\u00bfUn Kennedy acompa\u00f1ando en salud a Donald Trump?<\/em><\/strong><\/p>\n\n\n\n<p>El senador Edward Kennedy acompa\u00f1\u00f3 por mas de 30 a\u00f1os a los presidentes dem\u00f3cratas desde la Conferencia de Alma Ata representando a Jimmy Carter, acompa\u00f1ando las reformas lideradas por Hilary Clinton hasta los primeros documentos del Obama Care.<\/p>\n\n\n\n<p>&nbsp;&nbsp;Su sobrino, el hijo de Robert Kennedy, \u201cdesilusionado del partido dem\u00f3crata\u201d es una de las controversiales designaciones de Trump. Como abogado ambientalista se subi\u00f3, -con el caracter\u00edstico entusiasmo del clan- a diversas causas con las que es f\u00e1cil empatizar como la protecci\u00f3n de las cuencas fluviales de la contaminaci\u00f3n industrial o la lucha contra alimentos ultraprocesados; aunque sus art\u00edculos vinculando autismo con fluoraci\u00f3n del agua y con vacunas se demostraron flojitos de papeles lo que le vali\u00f3 el mote de \u201cantivacunas\u201d.<\/p>\n\n\n\n<p>La alerta a nivel nacional e internacional parece m\u00e1s que justificada, aunque los intereses del complejo m\u00e9dico industrial y del complejo alimentario internacional podr\u00edan estar jugando su propio juego en desgastarlo precozmente. France 24 inform\u00f3 que despu\u00e9s de que Trump lo nombr\u00f3 para estar al frente de la salud, las acciones de los principales fabricantes de vacunas registraron ca\u00eddas significativas al cierre del jueves 14 de noviembre. Moderna Inc. retrocedi\u00f3 un 5,6%, Pfizer Inc. un 2,6%, y Novavax Inc. sufri\u00f3 una ca\u00edda del 7% al cierre del mercado.<\/p>\n\n\n\n<p>Una reiterada frase de su pr\u00e9dica:\u201d No creo que haya que ser demasiado inteligente para decir que tenemos una crisis de enfermedades cr\u00f3nicas en este pa\u00eds que comienza en la infancia con dietas terribles\u201d, le est\u00e1n generando ataques tambi\u00e9n de la industria de alimentos ultra-procesados.<\/p>\n\n\n\n<p><em>Se puede acceder a la nota completa a trav\u00e9s del\u00a0<a href=\"https:\/\/www.metroworldnews.com\/noticias\/2024\/11\/15\/las-teorias-y-frases-mas-polemicas-de-robert-kennedy-jr\/\">enl<\/a><a href=\"https:\/\/www.metroworldnews.com\/noticias\/2024\/11\/15\/las-teorias-y-frases-mas-polemicas-de-robert-kennedy-jr\/\" target=\"_blank\" rel=\"noreferrer noopener\">a<\/a><a href=\"https:\/\/www.metroworldnews.com\/noticias\/2024\/11\/15\/las-teorias-y-frases-mas-polemicas-de-robert-kennedy-jr\/\">ce<\/a><\/em><\/p>\n\n\n\n<p><strong><em>Filariasis; la eliminaci\u00f3n de una enfermedad es siempre una gran noticia;<\/em><\/strong><\/p>\n\n\n\n<p>En el a\u00f1o 1994 tuve la oportunidad de conocer el instituto de investigaci\u00f3n especializado de la Fiocruz en enfermedades tropicales: el \u201cRen\u00e9 Rachou\u201d, en la ciudad de Belo Horizonte y percibir la seriedad con la que Brasil encaraba la lucha contra las enfermedades vectoriales, inadecuadamente denominadas como \u201ctropicales\u201d.<\/p>\n\n\n\n<p>Eliminada la circulaci\u00f3n de casos nuevos en 2017 esta semana qued\u00f3 certificada la eliminaci\u00f3n de esta enfermedad conocida por sus manifestaciones cl\u00ednicas en los linf\u00e1ticos de los miembros inferiores como \u201celefantiasis\u201d.<\/p>\n\n\n\n<p>Esta parasitosis ha llegado a ser en el mundo la segunda causa de discapacidad y consiste fundamentalmente en la transmisi\u00f3n por un mosquito del g\u00e9nero Culex, de las larvas de un par\u00e1sito que coloniza los linf\u00e1ticos produciendo en los miembros inferiores un intenso edema linf\u00e1tico conocido como elefantiasis.<\/p>\n\n\n\n<p>La gesta hasta su eliminaci\u00f3n certificada por la OPS en todo Brasil puede estimular otras erradicaciones posibles entre enfermedades vectoriales como las de la enfermedad de Chagas, o la Leishmaniasis entre las que circulan por nuestro pa\u00eds.<\/p>\n\n\n\n<p><em>Se puede acceder al video a trav\u00e9s del\u00a0<a href=\"https:\/\/www.youtube.com\/watch?v=P2brI8kB5W0\" target=\"_blank\" rel=\"noreferrer noopener\">enlace<\/a><\/em><\/p>\n\n\n\n<p><strong><em>PMAE; garantizar el acceso universal a especialistas en todo el Brasil<\/em><\/strong><\/p>\n\n\n\n<p>Se vive un momento trascendental del SUS en Brasil, que se estira y cruje con la expectativa de una nueva marca identitaria. El sistema \u00fanico m\u00e1s grande del mundo aspira a garantizar no solo la cobertura del \u201cMais Medicos\u201d sino ahora el acceso a especialistas en tiempos reducidos, solo que en un pa\u00eds de tama\u00f1o continental con grandes problemas de distribuci\u00f3n territorial de su fuerza laboral generalista y m\u00e1s a\u00fan de la especializada.<\/p>\n\n\n\n<p><em>Con uno de los mayores presupuestos de la \u201cEsplanada dos Ministerios\u201d, la ministra de Salud, N\u00edsia Trindade, ha hecho equilibrio entre la presi\u00f3n para presentar resultados en el departamento y el descontento de los empleados de salud. El presidente Luiz In\u00e1cio Lula da Silva le pidi\u00f3 que avanzara con un programa que se convirti\u00f3 en la esperanza del PT de dejar una huella en el \u00e1rea durante su actual mandato. Por otro lado, enfrenta cr\u00edticas de funcionarios que piden la salida de su cargo tras los cambios en la red de hospitales federales de R\u00edo de Janeiro.<\/em><\/p>\n\n\n\n<p><em>Lanzado en abril, el Programa M\u00e1s Acceso a Especialistas (PMAE), que tiene como objetivo ampliar la oferta de consultas, ex\u00e1menes y cirug\u00edas en la red p\u00fablica, se ha convertido en una de las prioridades del gobierno. Sin embargo, siete meses despu\u00e9s del anuncio, a\u00fan no ha llegado a todo el pa\u00eds.<\/em><\/p>\n\n\n\n<p><em>Se puede acceder a la nota a trav\u00e9s del\u00a0<a href=\"https:\/\/oglobo.globo.com\/saude\/noticia\/2024\/11\/11\/ministra-nisia-trindade-enfrenta-cobranca-por-nova-marca-e-insatisfacao-de-servidores.ghtml\" target=\"_blank\" rel=\"noreferrer noopener\">enlace<\/a><\/em><\/p>\n\n\n\n<h3 class=\"wp-block-heading\" id=\"aportes-de-nuestros-colaboradores-i-adrian-diaz-sobre-cesareas-inne-cesareas\"><strong><em>Aportes de nuestros colaboradores I: Adri\u00e1n Diaz sobre Ces\u00e1reas inne ces\u00e1reas<\/em><\/strong><\/h3>\n\n\n\n<p>En relaci\u00f3n con las ces\u00e1reas, los datos mencionados sobre M\u00e9xico no son muy diferentes a los de Argentina y otros pa\u00edses de la Regi\u00f3n, todos los cuales se encuentran muy por encima del 10% -15% aceptable para este tipo de procedimientos m\u00e9dicos\u00a0<a href=\"https:\/\/revistasoberaniasanitaria.com.ar\/reporte-de-salud-internacional-36\/#_ftn1\" target=\"_blank\" rel=\"noreferrer noopener\">[1]<\/a>.<\/p>\n\n\n\n<p>Sin duda estamos frente a un fen\u00f3meno epid\u00e9mico que poco tiene que ver con un incremento de las causas reales que justifican este procedimiento, sino que obedece m\u00e1s a la l\u00f3gica del mercado. Prueba de ello es que al analizar con m\u00e1s detalle los promedios nacionales se observa en establecimientos privados de salud de nuestra Regi\u00f3n la proporci\u00f3n de ces\u00e1reas puede rondar el 90% o m\u00e1s.<\/p>\n\n\n\n<p>Adem\u00e1s de estar asociada con m\u00e1s complicaciones para la madre y el reci\u00e9n nacido, las ces\u00e1reas innecesarias elevan considerablemente los costes de atenci\u00f3n debido al aumento de d\u00edas de internaci\u00f3n y mayor uso de medicamentos, insumos m\u00e9dicos y estudios complementarios. Asimismo, al decir del Minsitro Sturzenegger \u00a0\u201cpara cada necesidad hay un mercado\u201d, Nestl\u00e9 ofrece suced\u00e1neos de leche materna para reci\u00e9n nacidos por ces\u00e1rea\u2026!!!\u00a0<a href=\"https:\/\/revistasoberaniasanitaria.com.ar\/reporte-de-salud-internacional-36\/#_ftn2\" target=\"_blank\" rel=\"noreferrer noopener\">[2]<\/a>.<\/p>\n\n\n\n<p>En Argentina, en 2004 se promulg\u00f3 Ley N\u00b0 25.929 sobre el Parto Humanizado, reglamentada reci\u00e9n en el 2015 , cuyo Art\u00edculo 2, inciso (d) establece que toda mujer tiene derecho \u201cAl parto natural, respetuoso de los tiempos biol\u00f3gico y psicol\u00f3gico, evitando pr\u00e1cticas invasivas y suministro de medicaci\u00f3n que no est\u00e9n justificados por el estado de salud de la parturienta o de la persona por nacer\u201d.<\/p>\n\n\n\n<p>Las estad\u00edsticas actuales, ac\u00e1 y en otros pa\u00edses de la Regi\u00f3n estar\u00edan mostrando que estamos perdiendo esta batalla\u2026<\/p>\n\n\n\n<h3 class=\"wp-block-heading\" id=\"aportes-de-nuestros-colaboradores-ii-rodolfo-kaufmann-respecto-al-articulo-trump-health-science-and-the-next-4-years-un-editorial-del-lancet-enviado-por-graciela-uriburu-a\"><strong><em>Aportes de nuestros colaboradores II:<\/em><em>&nbsp;Rodolfo Kaufmann respecto al art\u00edculo&nbsp; \u201cTrump, health, science, and the next 4 years\u201d un Editorial del Lancet enviado por Graciela Uriburu a \u201cnuestra redacci\u00f3n<\/em>.<\/strong><\/h3>\n\n\n\n<p>El experto en derecho de la salud global Lawrence Gostin de la Universidad de Georgetown, que ha trabajado en salud p\u00fablica durante m\u00e1s de 40 a\u00f1os comenta que la elecci\u00f3n en EEUU fue \u201cel d\u00eda m\u00e1s oscuro para la salud p\u00fablica y la ciencia en mi vida\u201d. Conf\u00eda en que habr\u00e1 l\u00edmites a los poderes de Trump. Tambi\u00e9n comenta que el presidente no tiene poder para prohibir una vacuna ni para prohibir la fluoraci\u00f3n del agua ya que la salud p\u00fablica en Estados Unidos es, por excelencia, un poder estatal y no ser\u00e1 una tarea f\u00e1cil tratar de desarraigarlos de ra\u00edz. \u201cEspera y reza\u201d (\u00a1\u00a1\u00a1as\u00ed se transcribe!!!)\u00a0 para que agencias como la FDA, los CDC y los NIH (en particular los NIH por las normas de tratamiento) sostengan el est\u00e1ndar de oro nacional e incluso mundial para las recomendaciones cient\u00edficas. Confiamos en que basar\u00e1n sus \u201cdecisiones en la ciencia\u201d<a href=\"https:\/\/revistasoberaniasanitaria.com.ar\/reporte-de-salud-internacional-36\/#_ftn3\" target=\"_blank\" rel=\"noreferrer noopener\">[3]<\/a>.<\/p>\n\n\n\n<p>El art\u00edculo que aporta Graciela Uriburu tambi\u00e9n plantea acerca de que \u201cla comunidad sanitaria mundial debe afrontar ahora la perspectiva de un liderazgo estadounidense debilitado o retirado. Y contin\u00faa\u2026Es un momento para que haya m\u00e1s ciencia, no menos y para que se defienda y promueva el valor de la ciencia. Generar evidencia, corregir la desinformaci\u00f3n, crear responsabilidad y participar. Evitar la peor\u00a0<a href=\"https:\/\/www.science.org\/content\/article\/how-much-power-do-trump-and-kennedy-have-reshape-health-agencies\" target=\"_blank\" rel=\"noreferrer noopener\">politizaci\u00f3n de la ciencia<\/a>. Por lo tanto, \u00bfexiste una politizaci\u00f3n buena y otra mala? \u2013 Reiteradamente se menciona: \u201cCiencia y la evidencia\u201d.<\/p>\n\n\n\n<p>En otro segmento se plantea que: \u201cse requiere mayor cooperaci\u00f3n para abordar los problemas globales y ante la defecci\u00f3n de EEUU, el Reino Unido \u00abdar\u00e1 un paso adelante y liderar\u00e1\u00bb en la COP29. (\u00a1una alternancia que la econom\u00eda brit\u00e1nica y los acontecimientos del NHS no parece posible y menos tranquilizador!). \u00bfPero a que ciencia se refiere? \u00bfCu\u00e1ntas ciencias existen? \u00bfO ciencia es un tipo de comprensi\u00f3n, sentido y acci\u00f3n con car\u00e1cter sistem\u00e1tico?<\/p>\n\n\n\n<p>Particularmente no pienso que el eje de conflicto se establezca entre ciencia \u2013 no ciencia. Quiz\u00e1s deber\u00edamos ampliar la densidad de an\u00e1lisis y entrar al lado oscuro del mito para reconocer que existe una crisis mundial multidimensional de un capitalismo que cruje, pero cuyas dimensiones estructurales contin\u00faan siendo las mismas.<\/p>\n\n\n\n<p>Pienso que no aclara centrarse en las tensiones entre m\u00e1s o menos ciencias en salud cuando existen m\u00faltiples guerras, genocidios, recolonizaciones y la militarizaci\u00f3n del mundo se sostiene por medio de tecnolog\u00edas estatales y privadas.<\/p>\n\n\n\n<p>Existen disputas en la relaci\u00f3n entre capital financiero-trabajo, en el Norte Global y en el Sur Global. \u00bfExiste homogeneidad acerca de quienes conducen, orientan y planifican? \u00a1No, y las forma de zanjarlas es recurriendo, la barbarie! Explotaci\u00f3n, degradaci\u00f3n y violencia, creciente asimetr\u00edas y desigualdades en las condiciones de vida de las mayor\u00edas mientras observamos at\u00f3nitos el reordenamiento del vasallaje nacional.<\/p>\n\n\n\n<p>El gobierno nacional encara complacido ser el ariete de la fragmentaci\u00f3n de las relaciones nacionales e internacionales por una nueva divisi\u00f3n del mundo en esferas de influencia. La fascinaci\u00f3n colonial resuena en las palabras de los heraldos que pregonan la disoluci\u00f3n autoritaria de un modo de organizar y gestionar la salud y sus instituciones. Tarde o temprano, siempre se abandona la condici\u00f3n de fantasma errante en un bald\u00edo. Intriga conocer cu\u00e1l ser\u00e1 la nueva materialidad.<\/p>\n\n\n\n<p><a href=\"https:\/\/revistasoberaniasanitaria.com.ar\/reporte-de-salud-internacional-36\/#_ftnref1\">[1]<\/a>\u00a0<a href=\"https:\/\/www.who.int\/es\/publications\/i\/item\/WHO-RHR-15.02\" target=\"_blank\" rel=\"noreferrer noopener\">https:\/\/www.who.int\/es\/publications\/i\/item\/WHO-RHR-15.02<\/a><\/p>\n\n\n\n<p><a href=\"https:\/\/revistasoberaniasanitaria.com.ar\/reporte-de-salud-internacional-36\/#_ftnref2\">[2]<\/a>\u00a0<a href=\"https:\/\/latam.nestlenutrition-institute.org\/noticias\/article\/2020\/07\/20\/bebes-por-cesarea-efecto-de-las-formulas-con-lactobacilos\" target=\"_blank\" rel=\"noreferrer noopener\">https:\/\/latam.nestlenutrition-institute.org\/noticias\/article\/2020\/07\/20\/bebes-por-cesarea-efecto-de-las-formulas-con-lactobacilos<\/a><\/p>\n\n\n\n<p><a href=\"https:\/\/revistasoberaniasanitaria.com.ar\/reporte-de-salud-internacional-36\/#_ftnref3\">[3]<\/a>\u00a0<a href=\"https:\/\/www.science.org\/content\/article\/how-much-power-do-trump-and-kennedy-have-reshape-health-agencies\" target=\"_blank\" rel=\"noreferrer noopener\">https:\/\/www.science.org\/content\/article\/how-much-power-do-trump-and-kennedy-have-reshape-health-agencies<\/a><\/p>\n","protected":false},"excerpt":{"rendered":"<p>Por Mario Rovere.\u00a0Publicado en Revista Soberan\u00eda Sanitaria Las fichas se mueven con velocidad; el mundo \u201cpor venir\u201d puede ser diferente, no necesariamente mejor Mientras Clar\u00edn y La Naci\u00f3n ningunean la llegada del presidente Macr\u00f3n que [&hellip;]<\/p>\n","protected":false},"author":2,"featured_media":2534,"comment_status":"closed","ping_status":"open","sticky":false,"template":"","format":"standard","meta":{"footnotes":""},"categories":[123],"tags":[],"class_list":["post-2913","post","type-post","status-publish","format-standard","has-post-thumbnail","hentry","category-salud-internacional"],"_links":{"self":[{"href":"https:\/\/campusff.ms.gba.gov.ar\/comunidaddea-ff\/wp-json\/wp\/v2\/posts\/2913","targetHints":{"allow":["GET"]}}],"collection":[{"href":"https:\/\/campusff.ms.gba.gov.ar\/comunidaddea-ff\/wp-json\/wp\/v2\/posts"}],"about":[{"href":"https:\/\/campusff.ms.gba.gov.ar\/comunidaddea-ff\/wp-json\/wp\/v2\/types\/post"}],"author":[{"embeddable":true,"href":"https:\/\/campusff.ms.gba.gov.ar\/comunidaddea-ff\/wp-json\/wp\/v2\/users\/2"}],"replies":[{"embeddable":true,"href":"https:\/\/campusff.ms.gba.gov.ar\/comunidaddea-ff\/wp-json\/wp\/v2\/comments?post=2913"}],"version-history":[{"count":1,"href":"https:\/\/campusff.ms.gba.gov.ar\/comunidaddea-ff\/wp-json\/wp\/v2\/posts\/2913\/revisions"}],"predecessor-version":[{"id":2914,"href":"https:\/\/campusff.ms.gba.gov.ar\/comunidaddea-ff\/wp-json\/wp\/v2\/posts\/2913\/revisions\/2914"}],"wp:featuredmedia":[{"embeddable":true,"href":"https:\/\/campusff.ms.gba.gov.ar\/comunidaddea-ff\/wp-json\/wp\/v2\/media\/2534"}],"wp:attachment":[{"href":"https:\/\/campusff.ms.gba.gov.ar\/comunidaddea-ff\/wp-json\/wp\/v2\/media?parent=2913"}],"wp:term":[{"taxonomy":"category","embeddable":true,"href":"https:\/\/campusff.ms.gba.gov.ar\/comunidaddea-ff\/wp-json\/wp\/v2\/categories?post=2913"},{"taxonomy":"post_tag","embeddable":true,"href":"https:\/\/campusff.ms.gba.gov.ar\/comunidaddea-ff\/wp-json\/wp\/v2\/tags?post=2913"}],"curies":[{"name":"wp","href":"https:\/\/api.w.org\/{rel}","templated":true}]}}