{"id":2910,"date":"2024-11-12T11:53:18","date_gmt":"2024-11-12T14:53:18","guid":{"rendered":"https:\/\/campusff.ms.gba.gov.ar\/comunidaddea-ff\/?p=2910"},"modified":"2025-02-20T11:55:21","modified_gmt":"2025-02-20T14:55:21","slug":"reporte-de-salud-internacional-35","status":"publish","type":"post","link":"https:\/\/campusff.ms.gba.gov.ar\/comunidaddea-ff\/2024\/11\/12\/reporte-de-salud-internacional-35\/","title":{"rendered":"Reporte de salud internacional #35"},"content":{"rendered":"\n<p><em>Por Mario Rovere.\u00a0<\/em><a href=\"https:\/\/revistasoberaniasanitaria.com.ar\/reporte-de-salud-internacional-35\/\" target=\"_blank\" rel=\"noreferrer noopener\">Publicado en Revista Soberan\u00eda Sanitaria<\/a><\/p>\n\n\n\n<p><strong><em>El Mundo Donald Trump 2.0. ya ha comenzado<\/em><\/strong><\/p>\n\n\n\n<p>Escuch\u00e9 hace poco que el gobierno federal de los Estados Unidos tiene m\u00e1s poder para reconfigurar el mundo que gobernabilidad sobre su propio pa\u00eds y as\u00ed parece ser por las reacciones a horas de su triunfo.<\/p>\n\n\n\n<p>Putin lo felicita y dice estar listo para dialogar, Xi Jinping extiende su congratulaci\u00f3n, y conf\u00eda en una mayor apertura comercial (a\u00fan), Macr\u00f3n invita a la Uni\u00f3n Europea a atrincherarse frente a un posible desenganche geopol\u00edtico con EE.UU., la violencia racial y religiosa se desencadena en Holanda y abre un inesperado frente para Netanyahu que ya le pide un plan al Mossad para prevenir el antisemitismo en el futbol, y aunque no se sabe por qu\u00e9 ni para qu\u00e9, el viernes de esta semana el FBI encontr\u00f3 indicios de un complot de Ir\u00e1n que lo quer\u00eda matar en plena campa\u00f1a electoral \u201co despu\u00e9s aunque perdiera\u201d.<\/p>\n\n\n\n<p>Es un dato de la realidad: ya Donald Trump, a partir de sus declaraciones y del recuerdo aun fresco de su anterior mandato, ha comenzado a redise\u00f1ar el mundo a su medida a pesar de los dos meses que lo separan del comienzo de su segundo mandato. &nbsp;<\/p>\n\n\n\n<p><em>\u00abNo voy a empezar guerras,\u00a0voy a frenarlas\u00bb, afirm\u00f3 el expresidente y candidato republicano a las\u00a0<\/em><a href=\"https:\/\/www.rtve.es\/noticias\/elecciones-estados-unidos\" target=\"_blank\" rel=\"noreferrer noopener\"><em>elecciones presidenciales celebradas el 5 de noviembre<\/em><\/a><em>\u00a0en Estados Unidos, Donald Trump, en su\u00a0<\/em><a href=\"https:\/\/www.rtve.es\/play\/videos\/la-hora-de-la-1\/trump-celebra-su-victoria-seguidores-mirad-hemos-hecho\/16318232\/\" target=\"_blank\" rel=\"noreferrer noopener\"><em>discurso en la noche electoral<\/em><\/a><em>, cuando todav\u00eda\u00a0no se hab\u00eda hecho oficial su victoria.\u00a0<\/em><\/p>\n\n\n\n<p><em>El magnate neoyorquino ya hab\u00eda hecho esta promesa durante su campa\u00f1a, comprometi\u00e9ndose a&nbsp;lograr la paz tanto en Ucrania como en Oriente Pr\u00f3ximo,&nbsp;aunque sin detallar c\u00f3mo. \u00abDurante mi administraci\u00f3n tuvimos paz en Oriente Pr\u00f3ximo y muy pronto&nbsp;volveremos a tener paz\u00bb, record\u00f3 a trav\u00e9s de su cuenta en la red social X.<\/em><\/p>\n\n\n\n<p><em>Se puede acceder a la nota completa a trav\u00e9s del\u00a0<a href=\"https:\/\/www.rtve.es\/noticias\/20241109\/trump-presidente-impredecible-con-prisa-acabar-guerras-oriente-proximo\/16322890.shtml\" target=\"_blank\" rel=\"noreferrer noopener\">enlace<\/a><\/em><\/p>\n\n\n\n<p><strong><em>La Salud del personal de Salud;<\/em><em>&nbsp;tambi\u00e9n v\u00edctimas de la violencia dom\u00e9stica<\/em><\/strong><\/p>\n\n\n\n<p>Nada menos que el NHS se suma a una campa\u00f1a del diario \u201cThe Independent\u201d contra la violencia dom\u00e9stica sufrida tambi\u00e9n por el propio personal de salud en Gran Breta\u00f1a. En una forma ingeniosa se promueven donaciones para construir \u201cladrillo a ladrillo\u201d casas de refugio contra la violencia dom\u00e9stica.<\/p>\n\n\n\n<p><em>La directora del\u00a0<\/em><a href=\"https:\/\/www.independent.co.uk\/news\/uk\/home-news\/domestic-abuse-victim-address-leak-data-breach-refuge-b2613260.html\" target=\"_blank\" rel=\"noreferrer noopener\"><em>NHS destac\u00f3 la impactante prevalencia del abuso dom\u00e9stico que enfrenta el personal sanitario<\/em><\/a><em>\u00a0en el Reino Unido al tiempo que critic\u00f3 el \u201ccomportamiento aborrecible en toda la sociedad\u201d. Amanda Pritchard, directora ejecutiva del servicio de salud (el mayor empleador de Gran Breta\u00f1a)\u00a0<\/em><a href=\"https:\/\/www.independent.co.uk\/voices\/nhs-domestic-abuse-refuge-independent-me-too-b2643677.html\" target=\"_blank\" rel=\"noreferrer noopener\"><em>dijo que el movimiento #MeToo hab\u00eda ayudado a arrojar luz sobre el abuso dentro del sistema de atenci\u00f3n,<\/em><\/a><em>\u00a0pero que todav\u00eda hab\u00eda m\u00e1s por hacer. Las \u00faltimas cifras muestran que m\u00e1s de 50.000 empleados del NHS revelaron haber sufrido abuso dom\u00e9stico en el transcurso del \u00faltimo a\u00f1o.\u00a0<\/em>\u201dCasualmente\u201d 88 % de \u201cellos\u201d son mujeres.<\/p>\n\n\n\n<p><em>Se puede acceder a la nota completa a trav\u00e9s del\u00a0<a href=\"https:\/\/www.independent.co.uk\/news\/health\/brick-by-brick-nhs-staff-amanda-pritchard-b2643732.html\" target=\"_blank\" rel=\"noreferrer noopener\">enlace<\/a><\/em><\/p>\n\n\n\n<p><strong><em>\u201cNecesidad urgente de nuevas vacunas\u201d;&nbsp;<\/em><em>La OMS se cura en salud<\/em><\/strong><\/p>\n\n\n\n<p><em>En un nuevo estudio publicado hoy en\u00a0<\/em><a href=\"https:\/\/www.thelancet.com\/journals\/ebiom\/article\/PIIS2352-3964(24)00460-2\/fulltext\" target=\"_blank\" rel=\"noreferrer noopener\"><em>eBioMedicine<\/em><\/a><em>,\u00a0la Organizaci\u00f3n Mundial de la Salud (OMS) enumera 17 pat\u00f3genos que causan enfermedades regularmente a nivel comunitario y los clasifica como prioritarios para el desarrollo de nuevas vacunas. Se trata de la primera iniciativa mundial que prioriza sistem\u00e1ticamente los pat\u00f3genos end\u00e9micos bas\u00e1ndose en criterios como la carga regional de morbimortalidad, el riesgo de resistencia a los antimicrobianos y el impacto socioecon\u00f3mico.<\/em><\/p>\n\n\n\n<ol class=\"wp-block-list\">\n<li>En fase de promover la investigaci\u00f3n para obtener vacunas:\u00a0<em>Estreptococo del grupo B, Virus de la hepatitis C., VIH-1 y Klebsiella pneumoniae.\u00a0<\/em>II. En fase \u201cseguir desarrollando vacunas\u201d:\u00a0<em>Citomegalovirus, Virus de la gripe (vacuna de protecci\u00f3n amplia), Especies de\u00a0Leishmania, Salmonella\u00a0no tifoidea, Norovirus, Plasmodium falciparum\u00a0(paludismo), Especies de\u00a0Shigella, Staphylococcus aureus.\u00a0<\/em>III. En Fase Pat\u00f3genos para los que hay vacunas en v\u00edas de autorizaci\u00f3n farmac\u00e9utica, recomendaci\u00f3n normativa o introducci\u00f3n:\u00a0<em>Virus del dengue, Estreptococo del grupo B, Escherichia coli\u00a0pat\u00f3gena extraintestinal, Mycobacterium tuberculosis, Virus respiratorio sincicial.<\/em><\/li>\n<\/ol>\n\n\n\n<p><em>Se puede acceder a la nota completa a trav\u00e9s del\u00a0<a href=\"https:\/\/www.who.int\/es\/news\/item\/05-11-2024-who-study-lists-top-endemic-pathogens-for-which-new-vaccines-are-urgently-needed\" target=\"_blank\" rel=\"noreferrer noopener\">enlace<\/a><\/em><\/p>\n\n\n\n<p><strong><em>Fiebre hemorr\u00e1gica de Marburgo<\/em><em>; un filovirus pariente cercano del Virus del \u00c9bola<\/em><\/strong><\/p>\n\n\n\n<p>La Organizaci\u00f3n Mundial de la Salud (OMS) ha informado sobre un brote de la enfermedad del virus de Marburgo (MVD), una enfermedad infecciosa aguda causada por el virus de Marburgo, en Ruanda.<br><br><em>Hasta el 31 de octubre, ha habido 66 casos confirmados y 15 muertes, y el primer caso se identific\u00f3 el 27 de septiembre, seg\u00fan el CDC chino. La MVD, anteriormente conocida como fiebre hemorr\u00e1gica de Marburgo, es una enfermedad grave, a menudo mortal en humanos, dijo la OMS. Es una enfermedad infecciosa aguda causada por el virus de Marburgo, que es principalmente end\u00e9mica en ciertas partes de \u00c1frica. El Rousettus aegyptiacus, un murci\u00e9lago frug\u00edvoro de la familia Pteropodidae, se considera el hu\u00e9sped natural del virus de Marburgo. El virus de Marburgo se transmite a las personas a trav\u00e9s de los murci\u00e9lagos frug\u00edvoros y se propaga entre los humanos a trav\u00e9s de la transmisi\u00f3n de persona a persona<\/em><\/p>\n\n\n\n<p><em>Se puede acceder a la nota completa a trav\u00e9s del\u00a0<a href=\"https:\/\/www.globaltimes.cn\/page\/202411\/1322618.shtml\" target=\"_blank\" rel=\"noreferrer noopener\">enlace<\/a><\/em><\/p>\n\n\n\n<p><strong><em>Epidemia de Ces\u00e1reas en el mundo<\/em><em>; En M\u00e9xico<\/em>,&nbsp;<em>superan el 56 % de los nacimientos a nivel nacional<\/em><\/strong><\/p>\n\n\n\n<p>\u201c<em>La primera vez que a Marlene Mercado Chan le practicaron una&nbsp;<strong>ces\u00e1rea<\/strong>, su hijo a\u00fan no estaba listo para nacer, no se hab\u00eda ni encajado en el canal de parto, pero el m\u00e9dico asegur\u00f3 que hab\u00eda que sacarlo ya. En su segundo<strong>&nbsp;embarazo<\/strong>, le dijeron que no hab\u00eda otra opci\u00f3n debido a la ces\u00e1rea previa. En el tercero, utilizaron las dos ces\u00e1reas anteriores como justificaci\u00f3n. No fue hasta su cuarto embarazo que pudo tener un parto natural\u201d<\/em>.<\/p>\n\n\n\n<p>No solo la OMS, la FIGO el a\u00f1o pasado se ha pronunciado con un extenso y documentado informe. En efecto el Comit\u00e9 de Nacimiento y Hemorragias Post Parto de la Federaci\u00f3n Internacional de Ginecolog\u00eda y Obstetricia (FIGO) declaraba en el cap\u00edtulo \u201cConclusi\u00f3n\u201d:&nbsp;<em>\u201cEs necesaria una mejor relaci\u00f3n y soporte con las madres para reducir la incidencia y sus consecuentes perjuicios sanitarios y financieros. La planificaci\u00f3n del parto debe ser discutida durante las visitas de control porque la mayor\u00eda de las mujeres ya han hecho su decisi\u00f3n previamente incluso antes de quedar embarazadas. Cuando no hay evidencia cl\u00ednica en contrario el parto vaginal debe ser recomendado y cada caso de Ces\u00e1rea debe ser adecuadamente gestionado dependiendo de la situaci\u00f3n cl\u00ednica. La consejer\u00eda de las mujeres que la solicitan y de sus parejas es clave para reducir la tasa de Ces\u00e1reas. Gu\u00edas y recomendaciones sobre el manejo de ces\u00e1reas deben ser producidas en cada pa\u00eds para asegurar el est\u00e1ndar m\u00e1s alto posible de salud y bienestar para las mujeres y tambi\u00e9n para ayudar a las instituciones a brindar servicios con seguridad\u201d.<\/em><\/p>\n\n\n\n<p>El documento se sustenta en un metaan\u00e1lisis que muestra: para el reci\u00e9n nacido diferencias significativas en distress respiratorios, mayor riesgo de fracaso de la lactancia materna, y a futuro mayor incidencia de asma y riesgo de obesidad. Para la madre mayor incidencia de histerectom\u00edas, de accidentes anest\u00e9sicos, de falla renal, de paro card\u00edaco, de tromboembolismo e infecci\u00f3n puerperal.<\/p>\n\n\n\n<p><em>Se puede acceder a la nota completa a trav\u00e9s del\u00a0<a href=\"https:\/\/obgyn.onlinelibrary.wiley.com\/doi\/full\/10.1002\/ijgo.15118\" target=\"_blank\" rel=\"noreferrer noopener\">enlace<\/a><\/em><\/p>\n\n\n\n<h3 class=\"wp-block-heading\" id=\"homenaje-a-mario-testa-un-imprescindible-de-la-salud-colectiva\"><strong><em>Homenaje a Mario Testa; un Imprescindible de la Salud Colectiva<\/em><\/strong><\/h3>\n\n\n\n<p>Por V\u00edctor Penchaszadeh, M\u00e9dico, especialista en pediatr\u00eda, salud p\u00fablica, gen\u00e9tica<br>m\u00e9dica y bio\u00e9tica. Director del posgrado de especializaci\u00f3n en Gen\u00e9tica, Derechos Humanos y Sociedad, Universidad Nacional de Tres de Febrero (UNTREF) -publicado por AASAP-<\/p>\n\n\n\n<p><em>La Medicina Social y la Salud Colectiva Latinoamericana est\u00e1n de luto por la muerte de Mario Testa en su casa, a los 99 a\u00f1os, el 5 de noviembre de 2024 en la Ciudad de Buenos Aires.<\/em><\/p>\n\n\n\n<p><em>En lo personal, habiendo sido muy amigo de Mario Testa por varias d\u00e9cadas y habiendo transitado juntos por circunstancias pol\u00edticas dif\u00edciles, que incluyeron el exilio en Venezuela durante la dictadura c\u00edvico-militar-eclesi\u00e1stica, su partida, aunque predecible, no deja de generarme profunda tristeza. En los \u00faltimos meses, luego de la muerte de Asia Selvin, su compa\u00f1era de vida, la salud de Mario y sus ganas de seguir con vida se deterioraron progresivamente.&nbsp; Sus hijos Pablo y Alejandro se alternaron amorosamente en su atenci\u00f3n y cuidado en la casa familiar.<\/em><\/p>\n\n\n\n<p><em>Pensador absolutamente original y militante incansable del derecho a la salud, la \u00e9tica en la salud y la justicia social, Mario Testa desarroll\u00f3 por d\u00e9cadas una actividad incansable a lo largo y lo ancho de Am\u00e9rica Latina, educando y formando generaciones de estudiantes y trabajadores de la salud en universidades, colegios e institutos de investigaci\u00f3n, especialmente en Brasil, donde su trabajo y ense\u00f1anzas contribuyeron fuertemente a la creaci\u00f3n y desarrollo del Sistema \u00danico de Salud (SUS). Fue, adem\u00e1s, uno de los fundadores de la Asociaci\u00f3n Latinoamericana de Medicina Social (ALAMES).<\/em><\/p>\n\n\n\n<p><em>Cuando en 1973 fue nombrado decano interventor de la Facultad de Medicina de la Universidad de Buenos, una de sus primeras medidas fue la creaci\u00f3n del Instituto de Medicina del Trabajo, para enfatizar que el derecho a la salud deb\u00eda incluir a los trabajadores. En esa gesti\u00f3n, recuerdo que, en una presentaci\u00f3n suya en el aula magna de la Facultad repleta de estudiantes, donde se debat\u00edan distintas posiciones sobre el ingreso a la universidad, dijo taxativamente \u201cel \u00fanico argumento que no aceptar\u00e9, es que el ingreso libre es imposible de implementar\u201d.<\/em><\/p>\n\n\n\n<p><em>A las agudezas de sus an\u00e1lisis cr\u00edticos sobre la salud, evidentes en los textos ic\u00f3nicos \u201cPensar en Salud\u201d, \u201cPensamiento Estrat\u00e9gico y L\u00f3gica de Programaci\u00f3n\u201d y \u201cSaber en Salud\u201d, se le sum\u00f3 una claridad pol\u00edtica meridiana al demostrar las relaciones entre poder y pol\u00edticas en la planificaci\u00f3n estrat\u00e9gica de la salud colectiva. Su honestidad intelectual y profundidad de an\u00e1lisis lo llev\u00f3 a hacer una autocr\u00edtica de algunas posturas del Modelo de Planificaci\u00f3n de CENDES-OPS, ideado por \u00e9l mismo en 1965. Su principal autocr\u00edtica fue que el modelo, que, si bien ten\u00eda muchas herramientas t\u00e9cnicas novedosas, se hab\u00eda olvidado de las personas. En sus palabras \u201cHemos olvidado un aspecto importante en el campo de la planificaci\u00f3n, que es el sujeto. No puede haber planificaci\u00f3n estrat\u00e9gica sin considerar la subjetividad de las personas\u201d. Estos argumentos llevaron a una reformulaci\u00f3n del concepto e implementaci\u00f3n de la planificaci\u00f3n estrat\u00e9gica en salud, particularmente en Brasil.<\/em><\/p>\n\n\n\n<p><em>Al Mario Testa intelectual org\u00e1nico al servicio del derecho a la salud y la justicia social, se le suman su exquisita sensibilidad, su generosidad, su humildad y su capacidad de liderazgo. Siempre estaba disponible para ense\u00f1ar con amor y afecto. Su apego a la gente com\u00fan, su rechazo a los halagos y su desd\u00e9n por el poder, lo transform\u00f3 en un referente imprescindible para muchas generaciones de estudiantes y trabajadores de salud en Am\u00e9rica Latina.<\/em><\/p>\n\n\n\n<p><em>Receptor de innumerables distinciones, en 1996 recibi\u00f3 el doctorado honoris causa por la Universidad Federal de Bah\u00eda, Brasil, y en 2018 fue distinguido como \u201cCiudadano Ilustre de la Ciudad de Buenos Aires\u201d por la Asamblea Legislativa de la Ciudad. En esa oportunidad, al recibir la distinci\u00f3n dijo: \u201cla acepto en nombre de todos aquellos que son ciudadanos ilustres de este pa\u00eds, que los hay y son muchos\u201d.<\/em><\/p>\n\n\n\n<p><em>Como escribi\u00f3 el m\u00e9dico social colombiano Sa\u00fal Franco, otro imprescindible de la salud colectiva: \u201cMuy triste por la muerte de Mario Testa. Maestro, L\u00edder, Pensador y Amigo. Paz para \u00c9l. En su memoria seguiremos PENSANDO Y ACTUANDO EN SALUD.<\/em><\/p>\n\n\n\n<p><em>Y yo agrego, para finalizar: Mario, te recordaremos siempre por tu compromiso y valent\u00eda intelectual, siempre del lado del pueblo y lejos de los poderosos.<\/em><\/p>\n\n\n\n<p><strong><em>Comentarios sobre el reporte de un viaje a China de Rodolfo Kaufmann<\/em><\/strong><\/p>\n\n\n\n<p><em>&nbsp;<\/em>&nbsp;<em>Me ha resultado particularmente interesante de la lectura del Reporte de Salud Internacional N\u00b034 las impresiones de Nicolas Kreplak con respecto de su viaje a China. Plantea un relato cronol\u00f3gico, geogr\u00e1fico y conceptual que comienza con el impacto emocional que le produce visibilizar estructuras urbanas que remiten indudablemente a un juego significativo de comparaciones con latitudes locales (Es una ciudad absolutamente del futuro, totalmente verde, con amplios parques y sin ruidos). Reitera el protagonismo de las tecnolog\u00edas digitales y de los sistemas de control integral e inteligente en todos los aspectos de la vida y particularmente menciona que pudieron observarlo aplicado en dos hospitales (Shenzhen y Beijing), que generan una gran producci\u00f3n diaria de estudios complementarios realizado con la asesor\u00eda de IA para la toma de decisiones y con la asistencia de supercomputadoras.<\/em><\/p>\n\n\n\n<p><em>Plantea que la inversi\u00f3n en I+D y que el 55% de sus trabajadores est\u00e1n en el \u00e1rea de I+D que nos plantea la condici\u00f3n de borramiento de&nbsp;<\/em><em>l\u00edmites precisos entre el dentro y el afuera o entre sociedad y sistema de salud, una frontera m\u00f3vil y din\u00e1mica desarrollada por redes inform\u00e1ticas laxas que combinan control y vigilancia y menciona, \u201cla sensaci\u00f3n absoluta de seguridad y de vigilancia tambi\u00e9n\u201d pero aqu\u00ed me detengo en el juego de comparaciones, \u00bfcu\u00e1les ser\u00edan entonces las diferencia con la que se implementa el control y la vigilancia cuando se difunden y exportan con el sesgo paranoico en occidente?<\/em><\/p>\n\n\n\n<p><em>En las entrevistas con autoridades chinas recupera el planteo acerca de las dificultades de integraci\u00f3n de los cuidados y la b\u00fasqueda de utilizaci\u00f3n de niveles comunitarios de atenci\u00f3n en lugar de los hospitales, todo ello justificado por el costo de las consultas en primer nivel en comparaci\u00f3n con el hospital. Tambi\u00e9n aqu\u00ed comienzan a quedarme algunas dudas acerca de los procesos de articulaci\u00f3n entre las relaciones econ\u00f3micas, pol\u00edticas, hist\u00f3ricas y culturales que se establecen actualmente en China y el occidente europeo-anglo norteamericano (me refiero a las modalidades entre desarrollos del capitalismo siglo XXI). Es que, el control y la seguridad parecen atributos de gubernamentalidad con proyecciones similares, pero las articulaciones entre saber-poder, subjetividades y valores morales no son los id\u00e9nticos.<\/em><\/p>\n\n\n\n<p><em>Por otra parte, la trascendencia en China acerca de la vivencia y memoria de imperio y colonia fueron construidos de maneras diferentes (\u2026un pueblo que trabaja much\u00edsimo y se relaciona con su historia y cultura). Releo acerca de un gobierno eficiente que se piensa como responsable por m\u00faltiples etnias, pero considerando a un solo pueblo en la salida de la pobreza.<\/em><\/p>\n\n\n\n<p><em>Interesante cuando comenta \u2026No hay rastros de la discusi\u00f3n pol\u00edtica, simplemente que el gobierno tiene que hacer que el pueblo viva mejor\u2026 la discusi\u00f3n es econ\u00f3mica, comercial y poco m\u00e1s. Muchas veces en desmedro de libertades individuales, pero con resultados absolutamente sorprendentes). Todo este relato me interpela acerca de las relaciones entre pol\u00edtica y vida, as\u00ed como nuestras concepciones acerca de libertades, derechos e igualdades montadas en una matriz de ciudadan\u00eda universal europeizada. Y\u2026 fuertemente impregnada por una subjetividad neoliberal basada en ser empresario de s\u00ed mismo buscando crear una cultura que niegue las m\u00faltiples disputas y conflictos clim\u00e1ticos, \u00e9tnicos, de g\u00e9nero, raciales y de clase social. \u00bfPodremos constituir una lucha por vivir en comunidad?<\/em><\/p>\n\n\n\n<p><strong><em>\u00bfUn Kennedy terraplanista en un Gobierno Republicano?<\/em><em>&nbsp;Colaboraci\u00f3n de Adri\u00e1n Diaz<\/em><\/strong><\/p>\n\n\n\n<p>La salud mundial y norteamericana a\u00fan recuerda la incansable labor del Senador Edward \u201cTed\u201d Kennedy desde Alma Ata hasta sus aportes por m\u00e1s de treinta a\u00f1os a las Reformas de los Gobiernos de Clinton y por pocos meses hasta su fallecimiento del de Obama. Ahora otro Kennedy ( Robert Jr,) fue anunciado como colaborador para revitalizar los institutos de salud por parte del presidente electo. &nbsp;<em>\u201cen los \u00faltimos a\u00f1os Kennedy se ha convertido en una figura pol\u00e9mica por sus controvertidas opiniones sobre la seguridad de las vacunas. Ha afirmado que existen riesgos de salud relacionados con las vacunas que no se han discutido adecuadamente en el \u00e1mbito p\u00fablico. Incluso lleg\u00f3 a afirmar que las vacunas pedi\u00e1tricas estaban relacionadas con el autismo en ni\u00f1os\u201d.<\/em><\/p>\n\n\n\n<p>Donald Trump le ha encargado<em>: \u201c<strong>limpiar la corrupci\u00f3n en las agencias gubernamentales de salud, devolver a esas agencias su rica tradici\u00f3n de ciencia basada en evidencia y est\u00e1ndares de excelencia y hacer que EE. UU. vuelva a ser saludable, poniendo fin a la epidemia de enfermedades cr\u00f3nicas\u201d.\u00a0<\/strong><\/em><strong>\u00bfSer\u00e1?<\/strong><a href=\"https:\/\/revistasoberaniasanitaria.com.ar\/reporte-de-salud-internacional-36\/\"><\/a><\/p>\n","protected":false},"excerpt":{"rendered":"<p>Por Mario Rovere.\u00a0Publicado en Revista Soberan\u00eda Sanitaria El Mundo Donald Trump 2.0. ya ha comenzado Escuch\u00e9 hace poco que el gobierno federal de los Estados Unidos tiene m\u00e1s poder para reconfigurar el mundo que gobernabilidad [&hellip;]<\/p>\n","protected":false},"author":2,"featured_media":2534,"comment_status":"closed","ping_status":"open","sticky":false,"template":"","format":"standard","meta":{"footnotes":""},"categories":[123],"tags":[],"class_list":["post-2910","post","type-post","status-publish","format-standard","has-post-thumbnail","hentry","category-salud-internacional"],"_links":{"self":[{"href":"https:\/\/campusff.ms.gba.gov.ar\/comunidaddea-ff\/wp-json\/wp\/v2\/posts\/2910","targetHints":{"allow":["GET"]}}],"collection":[{"href":"https:\/\/campusff.ms.gba.gov.ar\/comunidaddea-ff\/wp-json\/wp\/v2\/posts"}],"about":[{"href":"https:\/\/campusff.ms.gba.gov.ar\/comunidaddea-ff\/wp-json\/wp\/v2\/types\/post"}],"author":[{"embeddable":true,"href":"https:\/\/campusff.ms.gba.gov.ar\/comunidaddea-ff\/wp-json\/wp\/v2\/users\/2"}],"replies":[{"embeddable":true,"href":"https:\/\/campusff.ms.gba.gov.ar\/comunidaddea-ff\/wp-json\/wp\/v2\/comments?post=2910"}],"version-history":[{"count":1,"href":"https:\/\/campusff.ms.gba.gov.ar\/comunidaddea-ff\/wp-json\/wp\/v2\/posts\/2910\/revisions"}],"predecessor-version":[{"id":2911,"href":"https:\/\/campusff.ms.gba.gov.ar\/comunidaddea-ff\/wp-json\/wp\/v2\/posts\/2910\/revisions\/2911"}],"wp:featuredmedia":[{"embeddable":true,"href":"https:\/\/campusff.ms.gba.gov.ar\/comunidaddea-ff\/wp-json\/wp\/v2\/media\/2534"}],"wp:attachment":[{"href":"https:\/\/campusff.ms.gba.gov.ar\/comunidaddea-ff\/wp-json\/wp\/v2\/media?parent=2910"}],"wp:term":[{"taxonomy":"category","embeddable":true,"href":"https:\/\/campusff.ms.gba.gov.ar\/comunidaddea-ff\/wp-json\/wp\/v2\/categories?post=2910"},{"taxonomy":"post_tag","embeddable":true,"href":"https:\/\/campusff.ms.gba.gov.ar\/comunidaddea-ff\/wp-json\/wp\/v2\/tags?post=2910"}],"curies":[{"name":"wp","href":"https:\/\/api.w.org\/{rel}","templated":true}]}}