{"id":2906,"date":"2024-10-29T11:47:57","date_gmt":"2024-10-29T14:47:57","guid":{"rendered":"https:\/\/campusff.ms.gba.gov.ar\/comunidaddea-ff\/?p=2906"},"modified":"2025-02-20T11:53:15","modified_gmt":"2025-02-20T14:53:15","slug":"reporte-de-salud-internacional-33","status":"publish","type":"post","link":"https:\/\/campusff.ms.gba.gov.ar\/comunidaddea-ff\/2024\/10\/29\/reporte-de-salud-internacional-33\/","title":{"rendered":"Reporte de salud internacional #33"},"content":{"rendered":"\n<p><em>Por Mario Rovere.\u00a0<\/em><a href=\"https:\/\/revistasoberaniasanitaria.com.ar\/reporte-de-salud-internacional-33\/\" target=\"_blank\" rel=\"noreferrer noopener\">Publicado en Revista Soberan\u00eda Sanitaria<\/a><\/p>\n\n\n\n<p><strong><em>Misiles sobre Ir\u00e1n:<\/em><em>&nbsp;\u00bfEstados Unidos busca una desescalada o una escalada controlada?<\/em><\/strong><\/p>\n\n\n\n<p><em>&nbsp;<\/em>Hasta el 5 de noviembre los aliados en los tres grandes conflictos, en Ucrania, en Medio Oriente y en Sud\u00e1n, medir\u00e1n sus acciones para no incidir, o para incidir en el sentido m\u00e1s beneficioso posible en los resultados electorales de Estados Unidos, as\u00ed como Europa y el resto del mundo (especialmente el mundo de los negocios) aguantar\u00e1n la respiraci\u00f3n, tanto por la paridad de las encuestas como por lo enmara\u00f1ado del propio sistema electoral de esa superpotencia que puede llevar a resultados paradojales, tales como ganar perdiendo.<\/p>\n\n\n\n<p>Mientras Donald Trump alardea que resuelve esto en un d\u00eda, Kamala Harris pide colaboraci\u00f3n apelando a una \u201cdesescalada\u201d el presidente israel\u00ed Isaac Herzog agradece el \u201capoyo abierto y encubierto\u201d de Estados Unidos y Netanyahu se siente obligado a declarar \u201cUS Does not tell us what to do\u201d (EE. UU. no nos dice que hacer).<\/p>\n\n\n\n<p>Seg\u00fan la BBC los pa\u00edses \u00e1rabes m\u00e1s moderados Emiratos \u00c1rabes, Qatar, Arabia Saudita y Egipto se han visto obligados a pronunciarse contra una escalada que amenaza la regi\u00f3n.<\/p>\n\n\n\n<p>Esta semana en la p\u00e1gina del ACNUR se expresaba una nueva alarma humanitaria; \u201c<em>La escalada del conflicto y la intensificaci\u00f3n de los ataques a\u00e9reos israel\u00edes en el L\u00edbano est\u00e1n teniendo un efecto cada vez m\u00e1s devastador entre los civiles del pa\u00eds, empujando a m\u00e1s personas a huir a Siria\u201d.<\/em><\/p>\n\n\n\n<p>Cada d\u00eda hay m\u00e1s personas desplazadas en el L\u00edbano. El lunes se orden\u00f3 la evacuaci\u00f3n de 20 aldeas del sur del pa\u00eds; una cuarta parte del pa\u00eds se encuentra ahora bajo \u00f3rdenes militares israel\u00edes de evacuaci\u00f3n. Atendiendo a las \u00f3rdenes, muchas familias huyen a espacios p\u00fablicos abiertos, desesperadas por escapar de las bombas, pero con dificultades para encontrar refugio. El Gobierno del L\u00edbano estima que 1,2 millones de personas han sido desplazadas. La crisis sigue extendi\u00e9ndose a Siria. Los refugiados sirios, que antes buscaban seguridad en el L\u00edbano, vuelven a huir para salvar la vida. Hasta el 12 de octubre, m\u00e1s de 283.000 personas hab\u00edan cruzado el pa\u00eds desde el L\u00edbano; el 70% eran sirios y el resto libaneses y unos pocos ciudadanos de otros pa\u00edses. ACNUR est\u00e1 presente en cinco pasos fronterizos junto con otras agencias de la ONU<\/p>\n\n\n\n<p><em>Se puede acceder a la nota completa a trav\u00e9s del\u00a0<a href=\"https:\/\/www.unhcr.org\/news\/briefing-notes\/unhcr-lebanon-crisis-deepens-israeli-airstrikes-intensify\" target=\"_blank\" rel=\"noreferrer noopener\">enlace<\/a><\/em><\/p>\n\n\n\n<p><strong><em>Una nueva oportunidad para el frente amplio en Uruguay<\/em><\/strong><\/p>\n\n\n\n<p>Cuando lean este Reporte ya sabr\u00e1n el resultado de las elecciones presidenciales y parlamentarias de este domingo. Se eligen presidente y vicepresidente de la Rep\u00fablica, 30 miembros de la C\u00e1mara de Senadores (quien obtenga 16 bancas tendr\u00e1 la mayor\u00eda absoluta) y 99 miembros de la C\u00e1mara de Representantes (50 bancas necesarias para la mayor\u00eda absoluta).<\/p>\n\n\n\n<p>En caso de que ninguno de los partidos alcance la mayor\u00eda absoluta de votos emitidos (el 50% + 1 de los votos), la elecci\u00f3n tendr\u00e1 que definirse en una segunda vuelta o balotaje entre los dos candidatos m\u00e1s votados, que ser\u00e1 el domingo 24 de noviembre de 2024.<\/p>\n\n\n\n<p><strong><em>Obesidad, Alzeihmer y ahora una<\/em><em>&nbsp;vacuna para la sobredosis:<\/em><em>&nbsp;\u00bfes un disparo a ciegas?<\/em><\/strong><\/p>\n\n\n\n<p><em>&nbsp;<\/em>\u201cNo te cura la adicci\u00f3n, pero impide que te mate\u201d. Los intentos&nbsp; de prevenir la epidemia de sobredosis de opioides que arrasa en Estados Unidos con una vacuna no hab\u00edan tenido resultados hasta ahora. Un n\u00famero de vacunas han sido testeadas y todas sobre la misma estrategia b\u00e1sica: Estimular el sistema inmune para proteger contra la capacidad de los opioides de inundar el cerebro y con ello inhibir el sistema respiratorio.<\/p>\n\n\n\n<p><strong>&nbsp;<\/strong>\u00bfComo funciona?: porciones de la mol\u00e9cula de fentanilo est\u00e1n ligadas a prote\u00ednas que el cuerpo reconoce y son capaces de desencadenar una respuesta inmunitaria. El primer anticuerpo monoclonal se est\u00e1 sometiendo a estudios en humanos, sobre la base de un estudio previo publicado en Nature Communications que demostr\u00f3 que los monos tratados con el monoclonal sobreviv\u00edan a una dosis letal de fentanilo.<\/p>\n\n\n\n<p>Es como un \u201cdisparo a la luna\u201d (Moon Shot) pero es lo que el pa\u00eds ahora mismo est\u00e1 necesitando; se\u00f1al\u00f3 Rhan, co-fundador de Ovax, que est\u00e1 desarrollando la vacuna.<\/p>\n\n\n\n<p><em>Se puede acceder a la nota completa a trav\u00e9s del\u00a0<a href=\"https:\/\/www.bloomberg.com\/news\/features\/2024-10-16\/fentanyl-vaccine-could-help-solve-opioid-drug-deaths-overdoses?embedded-checkout=true&amp;leadSource=uverify%20wall\" target=\"_blank\" rel=\"noreferrer noopener\">enlace<\/a><\/em><\/p>\n\n\n\n<p><strong><em>Cuidados paliativos<\/em><em>&nbsp;tambi\u00e9n en pacientes card\u00edacos<\/em><\/strong><\/p>\n\n\n\n<p><em>&nbsp;<\/em>La insuficiencia card\u00edaca es un problema de salud global importante y en aumento, que afecta a millones de personas en todo el mundo.&nbsp;A pesar de los avances en las terapias m\u00e9dicas, una gran proporci\u00f3n de pacientes con insuficiencia card\u00edaca siguen luchando con s\u00edntomas molestos que afectan sustancialmente su calidad de vida, similares a los s\u00edntomas en pacientes con c\u00e1ncer.&nbsp;En respuesta, la aplicaci\u00f3n de cuidados paliativos, tradicionalmente asociados con el manejo de enfermedades malignas terminales, ahora se est\u00e1 explorando como una estrategia prometedora y complementaria para aquellos que la padecen.<\/p>\n\n\n\n<p><em>\u201cLos cuidados paliativos brindan un enfoque integral y multidisciplinario que aborda no solo los s\u00edntomas f\u00edsicos, sino tambi\u00e9n las dimensiones psicosociales, emocionales y espirituales de la atenci\u00f3n al paciente.&nbsp;Debido a que los s\u00edntomas prevalecen incluso en etapas no terminales de la insuficiencia card\u00edaca, los cuidados paliativos est\u00e1n ampliando su alcance para abarcar a los pacientes en etapas m\u00e1s tempranas de su enfermedad.&nbsp;Esta integraci\u00f3n temprana de los cuidados paliativos (EIPC) tiene el potencial de aliviar los s\u00edntomas, mejorar la calidad de vida relacionada con la salud y, en \u00faltima instancia, mejorar los resultados generales del paciente\u201d.<\/em><\/p>\n\n\n\n<p><em>Se puede acceder a la nota completa a trav\u00e9s del\u00a0<a href=\"https:\/\/www.thelancet.com\/journals\/lanhl\/article\/PIIS2666-7568(24)00163-6\/fulltext?dgcid=raven_jbs_etoc_email\" target=\"_blank\" rel=\"noreferrer noopener\">enlace<\/a><\/em><\/p>\n\n\n\n<p><em>&nbsp;<\/em><strong><em>El \u2018streaming\u2019 sanitario<\/em><em>&nbsp;ya est\u00e1 aqu\u00ed<\/em><\/strong><\/p>\n\n\n\n<p>Los creadores de Spotify buscan revolucionar los chequeos m\u00e9dicos para lo cual han creado una empresa que busca combinar tecnolog\u00edas de punta en el diagn\u00f3stico con inteligencia artificial ofreciendo resultados inmediatos y estrategias de mejoras de rendimiento. En la p\u00e1gina de la empresa utilizan la simple estrategia de comparar; \u201csi le haces un servicio peri\u00f3dico de mantenimiento a tu autom\u00f3vil, porque no a tu cuerpo\u201d. Adem\u00e1s del negocio y de la oleada de estudios complementarios que va a desencadenar no parece importar el impacto sobre la salud mental de vivir contando las pulsaciones de tu coraz\u00f3n.<\/p>\n\n\n\n<p><em>Se puede acceder a la nota completa a trav\u00e9s del\u00a0<a href=\"https:\/\/www.nekohealth.com\/se\/en\" target=\"_blank\" rel=\"noreferrer noopener\">enlace<\/a><\/em><\/p>\n\n\n\n<h3 class=\"wp-block-heading\" id=\"aportes-de-nuestros-colaboradores-y-colaboradorasafortunadamente-son-muchas-las-contribuciones-y-nos-disculpamos-por-no-poder-incluirlos-a-todos-en-un-solo-reporte\"><em>Aportes de nuestros colaboradores y colaboradoras;(afortunadamente son muchas las contribuciones y nos disculpamos por no poder incluirlos a todos en un solo Reporte)<\/em><\/h3>\n\n\n\n<p><strong><em>Luz Mary Casta\u00f1o sobre el Reporte 31.<\/em><\/strong><\/p>\n\n\n\n<p>Como bien se ha evidenciado en los diversos reportes internacionales, \u201ctodo tiene que ver con todo\u201d. En esa l\u00ednea narrativa, y al analizar con ojo ciudadano las diversas coyunturas por la que atraviesan los gobiernos progresistas en nuestra regi\u00f3n, y teniendo en cuenta el contexto global. Me es inevitable conectar con las semejanzas, las divergencias y las potencialidades para seguir articulando la esperanza y transitando la utop\u00eda en la Regi\u00f3n. Particularmente en los dos pa\u00edses que habitan en lo profundo de mi coraz\u00f3n.<\/p>\n\n\n\n<p>La denuncia internacional del presidente Petro ante un posible golpe de estado blando que se gesta en el pa\u00eds ha tenido algunos ecos en el \u00e1mbito internacional. Sin embargo, los respaldos p\u00fablicos se encuentran en periodo de \u201can\u00e1lisis\u201d, a excepci\u00f3n de la&nbsp;<em>l\u00ednea progresista&nbsp;<\/em>regional encabezada por M\u00e9xico con su reciente presidenta posicionada Claudia Sheinbaum Pardo y el presidente de Brasil Luis Ignacio Lula, quienes respaldan p\u00fablicamente no s\u00f3lo al presidente Petro, sino adem\u00e1s hacen un llamado por el respeto a la democracia.<\/p>\n\n\n\n<p><em>Similitudes, diferencias e intersecciones entre Colombia y Argentina. Devenires entre el aqu\u00ed y el all\u00e1.<\/em>&nbsp;Parte de la poblaci\u00f3n colombiana (aqu\u00ed y all\u00e1), a\u00fan nos encontramos esperanzados con la&nbsp;<em>\u201cColombia Humana\u201d<\/em>. Acompa\u00f1ando y apoyando la gesti\u00f3n en diversas l\u00edneas de acci\u00f3n, y en alerta ante el reagrupamiento de la oposici\u00f3n en la ultraderecha. Alineada estrat\u00e9gicamente y ostentadora del poder real en el pa\u00eds, que enfila sus estrategias de todo tipo, ante los \u201cdesatinos\u201d presidenciales, para hacerse nuevamente del gobierno en 2026.<\/p>\n\n\n\n<p>He aqu\u00ed una de las similitudes con la Argentina del 2023. Un presagio del posible futuro (de vuelta al pasado) con el que nos podemos encontrar en dos a\u00f1os en Colombia, si el estado en su conjunto (gobierno y sociedad organizada) no toma conciencia del peligro que nos acecha.<\/p>\n\n\n\n<p>Uno de los grandes desaf\u00edos que tiene el gobierno de la&nbsp;<em>\u201cColombia Humana\u201d,<\/em>&nbsp;en los dos a\u00f1os restantes de su mandato, es el de no defraudar a sus electores por contiendas individualistas y en exceso \u201ccombativas\u201d. A\u00fan est\u00e1n pendientes de aprobaci\u00f3n en el congreso reformas trascendentales para la poblaci\u00f3n, una de ellas es la Reforma a la Salud que ha tenido idas y vueltas en raz\u00f3n que ataca al coraz\u00f3n mercantilista de las Entidades Promotoras de la Salud (EPS). Hist\u00f3ricas beneficiadas con la Ley 100 de 1993. Otra de las leyes a\u00fan en debate es la Reforma Laboral que propone en s\u00edntesis que los colombianos trabajadores vuelvan a tener los derechos que fueron sustra\u00eddos por el primer gobierno de \u00c1lvaro Uribe, principal opositor al gobierno del pacto hist\u00f3rico y en particular el principal contendiente de Petro. En este sentido, se est\u00e1n escuchando varias voces acreditadas al interior del pa\u00eds y fuera de \u00e9l, d\u00f3nde alertan al presidente sobre la necesidad de \u201crecalcular\u201d las estrategias y priorizar las\u201d batallas\u201d de ahora en m\u00e1s. La editorial del domingo 13 de octubre del peri\u00f3dico el Espectador le hace algunas sugerencias al presidente y lo invita a \u201csacar el acuerdo nacional\u201d indispensable para llevar a buen puerto las reformas estructurales para el pa\u00eds.<\/p>\n\n\n\n<p><em>Mar\u00eda Natalia Pujol, Integrante del equipo docente de la Diplomatura en Salud Internacional-sobre el Reporte de Salud Internacional n\u00famero 32<\/em><\/p>\n\n\n\n<p>Un comentario acerca de la noticia \u201cArgentina se pronuncia como el \u00fanico pa\u00eds del G20 que se niega a firmar un documento sobre igualdad de g\u00e9nero\u201d. Entiendo que se traduce, una vez m\u00e1s, como la pretensi\u00f3n de desechar el profundo impacto que ha generado y genera la heteronormatividad en todas las esferas de la constituci\u00f3n y desarrollo de nuestras sociedades y, consecuentemente, la posibilidad de crear a trav\u00e9s del marco de todas las pol\u00edticas recursos y dispositivos de abordaje al respecto. Este accionar es coherente con el posicionamiento del gobierno de Javier Milei el cual, en el transcurso de lo que va de su gesti\u00f3n, ya tiene contados antecedentes-por ejemplo, al propiciar el cierre tanto del Ministerio de la Mujer como del INADI, entre otras tantas manifestaciones-. Dicho proceder, \u00bfes pasible de ser interpretado como la materializaci\u00f3n de un acto de violencia en s\u00ed mismo en t\u00e9rminos de inclusi\u00f3n, igualdad y equidad? \u00bfPodemos considerar a la negaci\u00f3n de la violencia como un mecanismo que refuerza exponencialmente sus efectos? Las coordenadas de la coyuntura que atravesamos parecieran orientar en cierta direcci\u00f3n: hoy m\u00e1s que nunca la transversalizaci\u00f3n de la perspectiva de g\u00e9nero se impone como una necesidad en t\u00e9rminos de compromiso militante, lucha y resistencia.<\/p>\n\n\n\n<p><em>Se puede acceder a la nota completa a trav\u00e9s del\u00a0<a href=\"https:\/\/www.elespectador.com\/opinion\/columnistas\/el-espectador\/editorial-en-video-y-si-le-apostamos-a-sacar-el-acuerdo-nacional\/\" target=\"_blank\" rel=\"noreferrer noopener\">enlace<\/a><\/em><\/p>\n\n\n\n<p><em>Rodolfo Kaufmann; sobre Reporte de Salud Internacional 32<\/em><\/p>\n\n\n\n<p>Deseo comentar que la lectura de los Reportes Semanales resulta un aporte significativo de informaci\u00f3n y reflexi\u00f3n generador de interrogantes sobre las relaciones que dificultan caracterizar las complejas variables que vinculan las necesidades y problemas globales con los de nuestro momento local argentino.\u00a0 Record\u00e9 el texto \u201cPensar en Salud\u201d (Mario Testa. Pensar en Salud. OPS, 1990.\u00a0<a href=\"https:\/\/iris.paho.org\/handle\/10665.2\/18738\" target=\"_blank\" rel=\"noreferrer noopener\">https:\/\/iris.paho.org\/handle\/10665.2\/18738<\/a>) que comienza el primer cap\u00edtulo con el t\u00edtulo de AUTOCRITICA. En p\u00e1gina 8 escribe;\u00a0<em>Autocriticarse es asumir conscientemente una responsabilidad hist\u00f3rica, es reconocer que en el pasado cometimos errores sobre los que es imposible volver a corregirlos, porque han producido su inevitable impronta sobre la historia actual. Si no podemos corregir los que hicimos \u00bfde qu\u00e9 vale volver la vista hacia atr\u00e1s?\u00a0<\/em>Por otra parte, casi al finalizar en el documento hace referencia a\u00a0<em>\u201cmomentos de vac\u00edo y resistencias\u201d.<\/em><\/p>\n\n\n\n<p>Los acontecimientos se van desarrollando vertiginosamente y la capacidad de planificar en salud ha mutado hacia una pr\u00e1ctica similar como m\u00e1quina de guerra donde la visi\u00f3n y misi\u00f3n es destruir comunidades y miles de vidas. Conocer acerca de la guerra de Ucrania y su condici\u00f3n proxy de conflicto Rusia-OTAN, el exterminio de Gaza y la tentaci\u00f3n de extenderlo a todo Medio Oriente y el arco del Pacifico, nos conduce indefectiblemente a nuestro pa\u00eds. Milei y su goce por embarcarnos en un mercenariado del Sur Global \u00fatil a cualquier guerra imperial (Cipayo: soldado ind\u00edgena al servicio de una potencia colonial). \u00bfEsta situaci\u00f3n demandar\u00eda eventualmente profesionales y equipos de salud ante un conflicto de conquista? La suma de genuflexiones ante una generala-embajadora del Comando Sur que manifiesta el inter\u00e9s de la metr\u00f3poli por los recursos y el v\u00ednculo con pa\u00edses extracontinentales \u00bfde qu\u00e9 manera despertar un esp\u00edritu movilizador compartiendo pensamiento e ideas en salud con otros enfoques creativos culturales y organizativos?<\/p>\n\n\n\n<p>Toda palabra es un acto y un peligro. El abandono de los objetivos del Desarrollo Sostenible seg\u00fan las directivas de Milei, posee el mismo valor trascendente en el plano discursivo como bombardear a las fuerzas de paz desplegada por la ONU en L\u00edbano. Efectivamente, no hay dudas, su relato es un&nbsp;<em>\u201catentado contra la soberan\u00eda de los estados naci\u00f3n y violenta el derecho a la vida, a la libertad y a la propiedad de las personas\u201d.&nbsp;<\/em>Aun la Carta de las Naciones Unidas y los organismos de Derecho Internacionales resultan un rescoldo tibio para evitar una devastaci\u00f3n planetaria que para algunos mostrar\u00e1 vencedores.&nbsp; Si no, de que otra manera la&nbsp;<em>salud en Estados Unidos puede ser percibida como \u201cuna cuesti\u00f3n de seguridad\u201d<\/em>&nbsp;y demande \u201c<em>reforzar la prevenci\u00f3n, la preparaci\u00f3n y la respuesta a las amenazas contra la&nbsp;<strong>seguridad sanitaria<\/strong>\u201d (Estrategia implementada en EE. UU. durante la d\u00e9cada de 1950, con la construcci\u00f3n de bunkers antiat\u00f3micos y campa\u00f1as publicitarias amenazantes y atemorizantes a la poblaci\u00f3n generada por las agencias de espionaje<\/em>).<\/p>\n\n\n\n<p><em>Un momento de peligro hist\u00f3rico:\u00a0Faltan\u00a090 segundos para la medianoche. Declaraci\u00f3n del Reloj del Juicio Final de 2024<\/em>.\u00a0<em>Bolet\u00edn de los cient\u00edficos at\u00f3micos\u00a0<\/em><a href=\"https:\/\/web.archive.org\/web\/20230201023937\/https:\/thebulletin.org\/about-us\/science-and-security-board\/\" target=\"_blank\" rel=\"noreferrer noopener\">de la Junta de Ciencia y Seguridad<\/a>. 23 de enero de 2024.<\/p>\n\n\n\n<p><em>Se puede acceder a la nota completa a trav\u00e9s del\u00a0<a href=\"https:\/\/thebulletin.org\/doomsday-clock\/current-time\/\" target=\"_blank\" rel=\"noreferrer noopener\">enlace<\/a><\/em><a href=\"https:\/\/revistasoberaniasanitaria.com.ar\/reporte-de-salud-internacional-34\/\"><\/a><\/p>\n","protected":false},"excerpt":{"rendered":"<p>Por Mario Rovere.\u00a0Publicado en Revista Soberan\u00eda Sanitaria Misiles sobre Ir\u00e1n:&nbsp;\u00bfEstados Unidos busca una desescalada o una escalada controlada? &nbsp;Hasta el 5 de noviembre los aliados en los tres grandes conflictos, en Ucrania, en Medio Oriente [&hellip;]<\/p>\n","protected":false},"author":2,"featured_media":2534,"comment_status":"closed","ping_status":"open","sticky":false,"template":"","format":"standard","meta":{"footnotes":""},"categories":[123],"tags":[],"class_list":["post-2906","post","type-post","status-publish","format-standard","has-post-thumbnail","hentry","category-salud-internacional"],"_links":{"self":[{"href":"https:\/\/campusff.ms.gba.gov.ar\/comunidaddea-ff\/wp-json\/wp\/v2\/posts\/2906","targetHints":{"allow":["GET"]}}],"collection":[{"href":"https:\/\/campusff.ms.gba.gov.ar\/comunidaddea-ff\/wp-json\/wp\/v2\/posts"}],"about":[{"href":"https:\/\/campusff.ms.gba.gov.ar\/comunidaddea-ff\/wp-json\/wp\/v2\/types\/post"}],"author":[{"embeddable":true,"href":"https:\/\/campusff.ms.gba.gov.ar\/comunidaddea-ff\/wp-json\/wp\/v2\/users\/2"}],"replies":[{"embeddable":true,"href":"https:\/\/campusff.ms.gba.gov.ar\/comunidaddea-ff\/wp-json\/wp\/v2\/comments?post=2906"}],"version-history":[{"count":1,"href":"https:\/\/campusff.ms.gba.gov.ar\/comunidaddea-ff\/wp-json\/wp\/v2\/posts\/2906\/revisions"}],"predecessor-version":[{"id":2907,"href":"https:\/\/campusff.ms.gba.gov.ar\/comunidaddea-ff\/wp-json\/wp\/v2\/posts\/2906\/revisions\/2907"}],"wp:featuredmedia":[{"embeddable":true,"href":"https:\/\/campusff.ms.gba.gov.ar\/comunidaddea-ff\/wp-json\/wp\/v2\/media\/2534"}],"wp:attachment":[{"href":"https:\/\/campusff.ms.gba.gov.ar\/comunidaddea-ff\/wp-json\/wp\/v2\/media?parent=2906"}],"wp:term":[{"taxonomy":"category","embeddable":true,"href":"https:\/\/campusff.ms.gba.gov.ar\/comunidaddea-ff\/wp-json\/wp\/v2\/categories?post=2906"},{"taxonomy":"post_tag","embeddable":true,"href":"https:\/\/campusff.ms.gba.gov.ar\/comunidaddea-ff\/wp-json\/wp\/v2\/tags?post=2906"}],"curies":[{"name":"wp","href":"https:\/\/api.w.org\/{rel}","templated":true}]}}