{"id":2904,"date":"2024-10-22T11:40:10","date_gmt":"2024-10-22T14:40:10","guid":{"rendered":"https:\/\/campusff.ms.gba.gov.ar\/comunidaddea-ff\/?p=2904"},"modified":"2025-02-20T11:47:20","modified_gmt":"2025-02-20T14:47:20","slug":"reporte-de-salud-internacional-32","status":"publish","type":"post","link":"https:\/\/campusff.ms.gba.gov.ar\/comunidaddea-ff\/2024\/10\/22\/reporte-de-salud-internacional-32\/","title":{"rendered":"Reporte de salud internacional #32"},"content":{"rendered":"\n<p><em>Por Mario Rovere.\u00a0<\/em><a href=\"https:\/\/revistasoberaniasanitaria.com.ar\/reporte-de-salud-internacional-32\/\" target=\"_blank\" rel=\"noreferrer noopener\">Publicado en Revista Soberan\u00eda Sanitaria<\/a><\/p>\n\n\n\n<p><strong><em>\u201cNo en mi nombre\u201d;<\/em><em>&nbsp;democracia y relaciones internacionales<\/em><\/strong><\/p>\n\n\n\n<p>Aprovechando una cierta pausa global en el brotar de noticias, -aunque las amenazas de uso de armas nucleares por parte de Israel y de Ucrania se ampl\u00edan y las superpotencias parecen desalentarlo-; la mirada al culminar el mes de octubre se vuelve sobre Argentina y la posici\u00f3n internacional del gobierno de Javier Milei.<\/p>\n\n\n\n<p>En los 10 primeros meses las y los ciudadanos observamos incr\u00e9dulos los pronunciamientos internacionales del presidente de la Naci\u00f3n exacerbados esta semana. Mientras la comandante Laura Richardson nuevamente en Argentina \u201cautoriza\u201d a Milei a viajar a China no puede evitar advertir \u201c<em>El desaf\u00edo global es muy serio.\u00a0Hoy, la democracia est\u00e1 bajo ataque,\u00a0no solo est\u00e1n en juego conflictos, sino que\u00a0hay un intento de cambiar el orden mundial,\u00a0por eso nuestros pa\u00edses deben estar unidos\u201d,<\/em>\u00a0El experimentado exembajador Arg\u00fcello sostiene que en su prolongada trayectoria diplom\u00e1tica nunca vio a Estados Unidos prestar atenci\u00f3n a Argentina ni a Am\u00e9rica Latina excepto cuando China o Rusia exponen vinculaciones con estas tierras. Al mismo tiempo \u00a0el gobierno da pasos osados para no quedar afuera de una tercera guerra mundial a la que ya paladea como un escenario favorable que le preste la gobernabilidad y la legitimidad de la que carece, al menos as\u00ed parece advertir <a href=\"https:\/\/www.tiempoar.com.ar\/ta_article\/argentina-a-la-guerra-por-goteo\/\" target=\"_blank\" rel=\"noreferrer noopener\">Eric Calcagno en Tiempo Argentino <\/a>de este domingo develando el abandono de la causa Malvinas y la poco comprendida alianza con la Rep\u00fablica Checa, un pasaporte para ingresar al conflicto global. \u00a0<\/p>\n\n\n\n<p>Convencido que esta tercera guerra se llevar\u00e1 puesta a la ONU el presidente se concentra en el ataque a las resoluciones vinculantes tomadas por nuestro pa\u00eds en el 2015 que incluyen los 17 Objetivos de Desarrollo Sostenible de la Agenda 2030 de la ONU. Esta agenda abarca metas sociales, econ\u00f3micas y ambientales que buscan cerrar las brechas de g\u00e9nero, erradicar el hambre, promover acciones contra el cambio clim\u00e1tico o procurar la paz.<\/p>\n\n\n\n<p>El 19 de octubre el presidente amenaz\u00f3 por carta a todo el cuerpo diplom\u00e1tico argumentando que \u201c<em>La Agenda 2030, aunque bienintencionada en sus metas, no es otra cosa que un programa de gobierno supranacional de corte socialista que pretende resolver los problemas de la modernidad con soluciones que atentan contra la soberan\u00eda de los estados naci\u00f3n, y violentan el derecho a la vida, a la libertad y a la propiedad de las personas. Los principales organismos internacionales se han sometido a esta agenda que obedece a intereses privilegiados\u201d.<\/em><\/p>\n\n\n\n<p>Al hacerlo no solo violenta la carrera diplom\u00e1tica \u2013\u201c<em>quienes adhieran a la agenda 2030 deben dar un paso al costado\u201d<\/em>\u2013 sino a los otros poderes y jurisdicciones de la rep\u00fablica ya que m\u00e1s de la mitad de las provincias adhirieron a los ODS y el parlamento cuenta con comisiones de monitoreo y seguimiento ya que como el mismo documento de la ONU se\u00f1ala&nbsp;<em>\u201clos parlamentos nacionales desempe\u00f1ar\u00e1n un papel fundamental en el cumplimiento efectivo de nuestros compromisos promulgando legislaci\u00f3n, aprobando presupuestos y garantizando la rendici\u00f3n de cuentas\u201d.<\/em><\/p>\n\n\n\n<p>Una semana antes el 14 de octubre el gobierno nacional se neg\u00f3 a firmar un tibio compromiso del G20 sobre igualdad de g\u00e9nero configurando un nuevo desatino en la pol\u00edtica exterior. &nbsp;&nbsp;<\/p>\n\n\n\n<p>\u00bfQu\u00e9 peligrosa declaraci\u00f3n se dej\u00f3 de firmar?: &nbsp;la<strong>&nbsp;<\/strong>Ministerial de la Mujer del G20&nbsp;\u00ab<em>expresa un esfuerzo colectivo para promover medidas para lograr la&nbsp;<strong>igualdad de g\u00e9nero<\/strong>&nbsp;e impulsar el empoderamiento de todas las mujeres y ni\u00f1as\u00bb, el cual reafirma los compromisos asumidos para promover la igualdad de g\u00e9nero, fomentar el desarrollo liderado por las mujeres, los derechos de todas las mujeres y ni\u00f1as y nuestro compromiso de implementar la Declaraci\u00f3n y Plataforma de Acci\u00f3n de&nbsp;Beijing<\/em><strong>\u00ab.<\/strong><\/p>\n\n\n\n<p>Los documentos finales de la declaraci\u00f3n&nbsp;firmada por 19 miembros proponen \u00ab<em>promover la participaci\u00f3n plena, igualitaria y significativa de las mujeres en la fuerza laboral, cumplir los objetivos establecidos en la&nbsp;Cumbre de Brisbane de 2014&nbsp;y cerrar la brecha salarial de g\u00e9nero; abordar la distribuci\u00f3n desigual del trabajo dom\u00e9stico y de cuidados no remunerado y garantizar la igualdad de acceso al trabajo decente, a empleos de calidad y a la paridad de g\u00e9nero como objetivo para los puestos de alto nivel y liderazgo\u00bb y \u00abgarantizar la igualdad\u00bb.<\/em><\/p>\n\n\n\n<p>Adem\u00e1s, llama a&nbsp;<strong>\u00abponer fin a la misoginia y la violencia de g\u00e9nero\u00bb<\/strong>&nbsp;y advierte que \u00abla violencia sexual y de g\u00e9nero contra mujeres y ni\u00f1as es alarmantemente alta en las esferas p\u00fablica y privada, por lo que reconoce \u00ab<em>la necesidad de invertir y promover pol\u00edticas p\u00fablicas destinadas a prevenir y eliminar todas las formas de violencia de g\u00e9nero<\/em>\u00ab, para ampliar las oportunidades econ\u00f3micas y sociales para las mujeres \u00aby&nbsp;<em>construir sociedades seguras y libres de violencia para todos\u00bb.<\/em><\/p>\n\n\n\n<p><em>Se puede acceder a la nota completa a trav\u00e9s del\u00a0<a href=\"https:\/\/actualidad.rt.com\/actualidad\/526580-argentina-unico-pais-g20-negar-firma-documento-igualdad-genero\" target=\"_blank\" rel=\"noreferrer noopener\">enlace<\/a><\/em><\/p>\n\n\n\n<p><strong><em>Experiencia Covid:&nbsp;<\/em><em>la salud en Estados Unidos se percibe como \u201cuna cuesti\u00f3n de seguridad\u201d<\/em><\/strong><\/p>\n\n\n\n<p><em>El trust para la salud de ese pa\u00eds diagnostica: \u201cLa salud p\u00fablica se encuentra en peligro por varias razones, entre ellas, la escasez de fondos que ha debilitado la infraestructura de salud p\u00fablica y su personal. La desinformaci\u00f3n y la politizaci\u00f3n han contribuido a que la gente desconfi\u00e9 de los consejos y funcionarios de salud p\u00fablica. La capacidad de la salud p\u00fablica para proteger a las comunidades tambi\u00e9n est\u00e1 en peligro debido a pol\u00edticas propuestas o promulgadas que socavan el papel de los funcionarios de salud p\u00fablica o el acceso a la atenci\u00f3n sanitaria preventiva\u201d.<\/em><\/p>\n\n\n\n<p>Frente a ello propone entre otras medidas \u201c<em>reforzar la prevenci\u00f3n, la preparaci\u00f3n y la respuesta a las amenazas contra la&nbsp;<strong>seguridad sanitaria<\/strong>\u201d.<\/em><\/p>\n\n\n\n<p><em>El gobierno debe mantener la coordinaci\u00f3n y el liderazgo en torno a las emergencias de salud p\u00fablica y la biodefensa, y con el Congreso deben renovar el Compromiso Mundial de Seguridad Sanitaria de la naci\u00f3n.<\/em><\/p>\n\n\n\n<p><em>El Congreso debe ampliar la financiaci\u00f3n de la preparaci\u00f3n ante emergencias de salud p\u00fablica para las jurisdicciones estatales, tribales, locales y territoriales.<\/em><\/p>\n\n\n\n<p><em>El Congreso y la Administraci\u00f3n para la Preparaci\u00f3n y Respuesta Estrat\u00e9gica deben reforzar la preparaci\u00f3n para emergencias del sistema de prestaci\u00f3n de asistencia sanitaria.<\/em><\/p>\n\n\n\n<p><em>El Congreso debe apoyar los esfuerzos nacionales de protecci\u00f3n frente a las amenazas de salud relacionadas con el medio ambiente y el clima, incluido el calor extremo.<\/em><\/p>\n\n\n\n<p><em>Se puede acceder a la nota completa a trav\u00e9s del\u00a0<a href=\"https:\/\/www.tfah.org\/article\/el-sistema-de-salud-publica-de-la-nacion-esta-en-un-punto-de-inflexion\/\" target=\"_blank\" rel=\"noreferrer noopener\">enlace<\/a><\/em><\/p>\n\n\n\n<p><strong><em>Gran Breta\u00f1a:&nbsp;<\/em><em>la vacuna contra los desempleados obesos: \u00bfobligatoria?<\/em><\/strong><\/p>\n\n\n\n<p>Desde el invento de las workhouses para disciplinar a los vagos durante el siglo XIX , Inglaterra no dejar\u00e1 nunca de sorprender siempre a la vanguardia en la creaci\u00f3n de dispositivos sociales disciplinadores. Una nueva medida asume que las personas beneficiadas por seguros de desempleo volver\u00edan mas r\u00e1pido al trabajo si se sometieran a la vacuna contra la obesidad.<\/p>\n\n\n\n<p>\u201c<em>Por primera vez a nivel mundial, el secretario de Salud del Reino Unido, Wes Streeting, ha revelado planes para administrar vacunas para bajar de peso a personas desempleadas a las que se les haya diagnosticado obesidad, con el objetivo de que vuelvan a trabajar para ayudar a impulsar la econom\u00eda del Reino Unido\u201d<\/em>.<\/p>\n\n\n\n<p>El lanzamiento de los medicamentos para quemar grasa ser\u00e1 parte de una inversi\u00f3n de 300 millones de d\u00f3lares en el Reino Unido por parte de Lilly, la compa\u00f1\u00eda farmac\u00e9utica m\u00e1s grande del mundo y fabricante del medicamento para bajar de peso Mounjaro.<\/p>\n\n\n\n<p>Como parte de la inversi\u00f3n, Lilly llevar\u00e1 a cabo el primer ensayo en el mundo real sobre el efecto de los medicamentos en los desempleados, la productividad y la dependencia del NHS.<\/p>\n\n\n\n<p><em>Se puede acceder a la nota completa a trav\u00e9s del\u00a0<a href=\"https:\/\/www.euronews.com\/business\/2024\/10\/15\/uk-unveils-new-productivity-plan-fat-busting-jabs-for-jobless-obese\" target=\"_blank\" rel=\"noreferrer noopener\">enlace<\/a><\/em><\/p>\n\n\n\n<h3 class=\"wp-block-heading\" id=\"aportes-de-nuestros-colaboradores\"><strong>Aportes de nuestros colaboradores<\/strong><\/h3>\n\n\n\n<p><strong><em>Rodolfo Kaufmann frente al comentario en el Reporte 31 de la psic\u00f3loga Dra. Jeniffer Pole \u201ccomenta y uno piensa\u2026\u201d:<\/em><\/strong><\/p>\n\n\n\n<p>Diariamente una larga lista de estigmatizaciones promovidas por la derecha vern\u00e1cula y el gobierno nacional busca desvitalizar la educaci\u00f3n p\u00fablica, particularmente la formaci\u00f3n en salud manipulando la informaci\u00f3n y un miedo inconsciente hacia otro. Fundado en la racialidad y la discriminaci\u00f3n por clase, nacionalidad, etnia y todo aquello que consolide un autoritarismo disciplinador. Repitiendo un discurso supuestamente moralizador, de orden y meritocracia&nbsp; refuerzan las pol\u00edticas de austeridad y las brechas educativas.<\/p>\n\n\n\n<p>Aun poco debatimos en la universidad y en las carreras de salud dise\u00f1os educativos impregnados de neoliberalismo, en sus instrumentos, contenidos y competencias, en curr\u00edculos que percibimos distantes en su pertinencia con las necesidades de nuestro pa\u00eds. Durante la pandemia Covid-19 las actividades en los servicios de salud y en las universidades lograron convocar experiencias de coordinaci\u00f3n, colaboraci\u00f3n, conocimientos y una sensibilidad solidaria de los\/las estudiantes acerc\u00e1ndolas\/os a una comprensi\u00f3n de los acontecimientos de salud-enfermedad en los escenarios locales, nacionales e internacionales y sus v\u00ednculos socioecon\u00f3micos y culturales.<\/p>\n\n\n\n<p>Desarrollar salud internacional-global en las carreras de grado en salud es una posibilidad para integrar en la pr\u00e1ctica una comprensi\u00f3n de las principales causas de morbilidad y mortalidad y las variaciones entre poblaciones, los determinantes sociales, ambientales, culturas y econ\u00f3micos, la equidad, el derecho y la justicia social, los sistemas locales e internacional de salud ante las emergencias y finalmente discriminar disparidades y disputas. En estas semanas nuevamente las\/los j\u00f3venes se encuentran buscando alternativas de organizaci\u00f3n con un sentimiento de orgullo por una lucha que se organiza colectivamente y que las\/os profesionales, docentes y directivos en salud deber\u00edamos acompa\u00f1ar exponiendo acerca de la l\u00f3gica que implica el Capital Humano.<\/p>\n\n\n\n<p><strong><em>Otra, pero de hoy 14 de octubre de 2024. De Premio Nobel y cipayismo vern\u00e1culo.<\/em><\/strong><\/p>\n\n\n\n<p><strong>\u00a0<\/strong>Tres profesores, <a href=\"https:\/\/www.theguardian.com\/world\/2024\/oct\/14\/three-us-based-professors-win-nobel-prize-in-economics-daron-acemoglu-simon-johnson-james-robinson-\" target=\"_blank\" rel=\"noreferrer noopener\">dos acad\u00e9micos del Reino Unido y un turco han sido galardonados con el premio Nobel de Econom\u00eda<\/a> por demostrar c\u00f3mo los sistemas pol\u00edticos y econ\u00f3micos introducidos por\u00a0<strong>los colonizadores<\/strong>\u00a0pueden determinar si un pa\u00eds es rico o pobre hoy. Descubrieron que en los pa\u00edses donde el objetivo era explotar a la poblaci\u00f3n ind\u00edgena y extraer recursos para beneficio de los\u00a0<strong>colonizadores<\/strong>, el impacto ha sido perjudicial y ha resultado en sociedades mucho m\u00e1s pobres, dejando a algunos pa\u00edses atrapados en ciclos de bajo crecimiento econ\u00f3mico.<\/p>\n\n\n\n<p>Ninguno de los peri\u00f3dicos de mayor tirada nacional, en sus p\u00e1ginas WEB menciona en la informaci\u00f3n, ni utiliza, el t\u00e9rmino&nbsp;<strong>colonizaci\u00f3n y colonizadores&nbsp;<\/strong>como lo hace el peri\u00f3dico brit\u00e1nico.<\/p>\n\n\n\n<p><strong><em>Francisco Leone, Director del CUCAIBA sobre fallas de seguridad en trasplantes en Brasil &nbsp;<\/em><\/strong><\/p>\n\n\n\n<p>Las autoridades sanitarias califican los contagios de \u201cinadmisibles\u201d y apuntan a un laboratorio privado al que subcontrataron los test sobre la idoneidad de los \u00f3rganos<\/p>\n\n\n\n<p>Seis pacientes (de ocho) que se sometieron a trasplantes en R\u00edo de Janeiro (Brasil) y que recibieron cada uno un \u00f3rgano que les iba salvar la vida o curarlos de una grave enfermedad han descubierto que salieron del quir\u00f3fano\u00a0<a href=\"https:\/\/elpais.com\/salud-y-bienestar\/2023-02-20\/tercer-paciente-en-el-mundo-curado-de-la-infeccion-por-vih-tras-un-trasplante-de-celulas-madre.html\" target=\"_blank\" rel=\"noreferrer noopener\">infectados con el VIH<\/a>\u00a0(el virus de inmunodeficiencia humana). Los pacientes infectados recibieron un ri\u00f1\u00f3n, un h\u00edgado o un coraz\u00f3n donados por dos pacientes distintos, ambos seropositivos, seg\u00fan se ha sabido ahora. Los pacientes no estaban infectados antes de recibir el nuevo \u00f3rgano. Esta es la primera vez que en Brasil, donde se realizan transplantes de \u00f3rganos desde hace 60 a\u00f1os, se detecta un caso como este. Desde comienzo del a\u00f1o 2024 hasta septiembre se realizaron en Brasil alrededor de 7000 trasplantes.<\/p>\n\n\n\n<p><em>Si bien estos hechos generan preocupaci\u00f3n entre la poblaci\u00f3n, es destacable el rol de los controles por parte de los organismos que regulan la actividad desde el Estado de Brasil que permitieron la r\u00e1pida detecci\u00f3n y se adoptaron las medidas pertinentes de control epidemiol\u00f3gico. En Francia en 1985 se registr\u00f3 una contaminaci\u00f3n de sangre para transfusi\u00f3n con HIV que signific\u00f3 por parte del Estado franc\u00e9s la revisi\u00f3n de las normativas vigentes y un sistema de informaci\u00f3n de alta visualizaci\u00f3n por parte de los usuarios que permiten el control cruzado entre Estado y Sociedad (el SINTRA en nuestro pa\u00eds fue desarrollado a partir de las ense\u00f1anzas del modelo franc\u00e9s)<\/em><\/p>\n\n\n\n<p><em>Se puede acceder a la nota completa a trav\u00e9s del\u00a0<a href=\"https:\/\/elpais.com\/america\/2024-10-11\/seis-pacientes-trasplantados-dan-positivo-de-vih-tras-recibir-organos-infectados-en-rio-de-janeiro.html\" target=\"_blank\" rel=\"noreferrer noopener\">enlace<\/a><\/em><a href=\"https:\/\/revistasoberaniasanitaria.com.ar\/reporte-de-salud-internacional-33\/\"><\/a><\/p>\n","protected":false},"excerpt":{"rendered":"<p>Por Mario Rovere.\u00a0Publicado en Revista Soberan\u00eda Sanitaria \u201cNo en mi nombre\u201d;&nbsp;democracia y relaciones internacionales Aprovechando una cierta pausa global en el brotar de noticias, -aunque las amenazas de uso de armas nucleares por parte de [&hellip;]<\/p>\n","protected":false},"author":2,"featured_media":2534,"comment_status":"closed","ping_status":"open","sticky":false,"template":"","format":"standard","meta":{"footnotes":""},"categories":[123],"tags":[],"class_list":["post-2904","post","type-post","status-publish","format-standard","has-post-thumbnail","hentry","category-salud-internacional"],"_links":{"self":[{"href":"https:\/\/campusff.ms.gba.gov.ar\/comunidaddea-ff\/wp-json\/wp\/v2\/posts\/2904","targetHints":{"allow":["GET"]}}],"collection":[{"href":"https:\/\/campusff.ms.gba.gov.ar\/comunidaddea-ff\/wp-json\/wp\/v2\/posts"}],"about":[{"href":"https:\/\/campusff.ms.gba.gov.ar\/comunidaddea-ff\/wp-json\/wp\/v2\/types\/post"}],"author":[{"embeddable":true,"href":"https:\/\/campusff.ms.gba.gov.ar\/comunidaddea-ff\/wp-json\/wp\/v2\/users\/2"}],"replies":[{"embeddable":true,"href":"https:\/\/campusff.ms.gba.gov.ar\/comunidaddea-ff\/wp-json\/wp\/v2\/comments?post=2904"}],"version-history":[{"count":1,"href":"https:\/\/campusff.ms.gba.gov.ar\/comunidaddea-ff\/wp-json\/wp\/v2\/posts\/2904\/revisions"}],"predecessor-version":[{"id":2905,"href":"https:\/\/campusff.ms.gba.gov.ar\/comunidaddea-ff\/wp-json\/wp\/v2\/posts\/2904\/revisions\/2905"}],"wp:featuredmedia":[{"embeddable":true,"href":"https:\/\/campusff.ms.gba.gov.ar\/comunidaddea-ff\/wp-json\/wp\/v2\/media\/2534"}],"wp:attachment":[{"href":"https:\/\/campusff.ms.gba.gov.ar\/comunidaddea-ff\/wp-json\/wp\/v2\/media?parent=2904"}],"wp:term":[{"taxonomy":"category","embeddable":true,"href":"https:\/\/campusff.ms.gba.gov.ar\/comunidaddea-ff\/wp-json\/wp\/v2\/categories?post=2904"},{"taxonomy":"post_tag","embeddable":true,"href":"https:\/\/campusff.ms.gba.gov.ar\/comunidaddea-ff\/wp-json\/wp\/v2\/tags?post=2904"}],"curies":[{"name":"wp","href":"https:\/\/api.w.org\/{rel}","templated":true}]}}