{"id":2902,"date":"2024-10-15T11:36:46","date_gmt":"2024-10-15T14:36:46","guid":{"rendered":"https:\/\/campusff.ms.gba.gov.ar\/comunidaddea-ff\/?p=2902"},"modified":"2025-02-20T11:39:43","modified_gmt":"2025-02-20T14:39:43","slug":"reporte-de-salud-internacional-31","status":"publish","type":"post","link":"https:\/\/campusff.ms.gba.gov.ar\/comunidaddea-ff\/2024\/10\/15\/reporte-de-salud-internacional-31\/","title":{"rendered":"Reporte de salud internacional #31"},"content":{"rendered":"\n<p><em>Por Mario Rovere.\u00a0<\/em><a href=\"https:\/\/revistasoberaniasanitaria.com.ar\/reporte-de-salud-internacional-31\/\" target=\"_blank\" rel=\"noreferrer noopener\">Publicado en Revista Soberan\u00eda Sanitaria<\/a><\/p>\n\n\n\n<p><strong><em>El rey est\u00e1 desnudo<\/em><em>: una \u00e9poca de enunciados brutales<\/em><\/strong><\/p>\n\n\n\n<p>Desde Colombia el presidente Gustavo Petro denunci\u00f3 en la CIDH que&nbsp;hay en curso un intento de golpe de estado para sacarlo del poder. Seg\u00fan el presidente colombiano, el Consejo Nacional Electoral est\u00e1 tomando decisiones impulsadas por \u00abjueces enemigos\u00bb que pretenden desconocer sus fueros constitucionales, apelando a una investigaci\u00f3n sobre el financiamiento de la campa\u00f1a de 2022 que busca desconocer el resultado electoral y dejar sin efecto su mandato.&nbsp;<\/p>\n\n\n\n<p>Gran Breta\u00f1a le devuelve a las Islas Mauricio el archipi\u00e9lago de Chagos (Mas de 60 islas y Atolones), a excepci\u00f3n de la Isla Diego Garc\u00eda que retendr\u00e1 \u201cestrat\u00e9gicamente\u201d por 99 a\u00f1os. la revista conservadora \u201cThe Economist\u201d editorializ\u00f3 su rechazo por \u201cen el futuro las Islas Mauricio podr\u00edan aliarse con India contra occidente\u201d (sic), y con el mismo argumento que utilizan para demorar la devoluci\u00f3n de las Malvinas \u201clos Chagosianos no fueron consultados\u201d.<\/p>\n\n\n\n<p>Las guerras est\u00e1n desatadas, las amenazas geopol\u00edticas desplazan cualquier atisbo de argumentaci\u00f3n, y el espacio de la diplomacia se reduce peligrosamente.<\/p>\n\n\n\n<p>Coincidente con las diatribas del presidente argentino contra la ONU, se multiplican las denuncias que se\u00f1alan que Israel agrede intencionadamente instalaciones y funcionarios de Cascos Azules en Gaza y en El L\u00edbano. En la propia p\u00e1gina del organismo consta la denuncia.<\/p>\n\n\n\n<p>En el primer aniversario de la guerra en medio oriente. The Independent, dimensiona la tragedia en n\u00fameros: 1.205 israel\u00edes, 41.871 palestinos y 305 miembros de la ONU han fallecido. En &nbsp;Gaza el 66 % de las viviendas est\u00e1n da\u00f1adas o derruidas, 31 de los 36 hospitales est\u00e1n da\u00f1ados o fuera de servicio y 12.000 entre enfermos y heridos esperan ser evacuados. Finalmente 10.000 son las bombas de 1 tonelada que Estados Unidos \u201cle prest\u00f3 a Israel\u201d para esta faena.<\/p>\n\n\n\n<p>Mientras desde Rusia se trata de instalar el uso \u201cleg\u00edtimo\u201d de armas nucleares defensivas, el premier israel\u00ed advierte sobre una represalia \u201cnunca vista\u201d en territorio iran\u00ed en t\u00e9rminos que permiten imaginar el uso de armas de destrucci\u00f3n masiva, probablemente nucleares.<\/p>\n\n\n\n<p>No deber\u00eda llamar la atenci\u00f3n, en consecuencia, que el Comit\u00e9 Noruego del Nobel haya dedicado el premio de la paz a una organizaci\u00f3n japonesa por impulsar la \u00abcultura del recuerdo\u00bb educando a la gente de todo el mundo sobre los horrores de las bombas at\u00f3micas y \u00ab<em>ayudando a mantener el tab\u00fa nuclear<\/em>\u00ab. Un d\u00eda despu\u00e9s los miembros del grupo se\u00f1alaron la necesidad apremiante de transmitir sus esfuerzos a las generaciones m\u00e1s j\u00f3venes, especialmente porque el tab\u00fa sobre el uso de las armas\u00a0<a href=\"https:\/\/www.japantimes.co.jp\/news\/2024\/10\/12\/japan\/politics\/nobel-prize-nuclear-brink-warning\/\" target=\"_blank\" rel=\"noreferrer noopener\">contin\u00faa erosion\u00e1ndose<\/a>.<\/p>\n\n\n\n<p>El a\u00f1o pr\u00f3ximo se cumplir\u00e1 el 80 aniversario de los bombardeos at\u00f3micos en Hiroshima y Nagasaki, que mataron a un total de 210.000 personas. quedan apenas 107.000 supervivientes de la bomba at\u00f3mica y, transmitir la vivencia de primera mano se ha vuelto cada vez m\u00e1s dif\u00edcil.<\/p>\n\n\n\n<p>Sri Lanka es una naci\u00f3n insular de 22 millones de habitantes tan cercana a la India que en el siglo XV ya contaba con un puente que le un\u00eda al continente. Ex colonia brit\u00e1nica conocida como Ceyl\u00e1n vivi\u00f3 en la d\u00e9cada de los 60\u2019s una de las m\u00e1s sorprendentes conexiones entre salud y pol\u00edtica. Los conflictos sociales y la emergencia de estallidos sociales y de grupos revolucionarios quedaron en el imaginario asociado a una excepcional reducci\u00f3n de casos de Malaria (1959-1967) que incrementaron la presi\u00f3n sobre un mercado de trabajo deprimido. Justamente all\u00ed el pr\u00f3ximo 14 de noviembre la izquierda regresa al gobierno. Anura Kumara Dissanayake (56 a\u00f1os de edad) asume de la mano de una alianza electoral<em>&nbsp;\u201cPoder Popular Nacional\u201d que re\u00fane a sindicatos de empleados p\u00fablicos, de comercio, m\u00e9dicos, maestros, a artistas e intelectuales, a colectivos feministas, otras formaciones pol\u00edticas y movimientos de base.<\/em><\/p>\n\n\n\n<p><em>Se puede acceder a la nota completa a trav\u00e9s del\u00a0<a href=\"https:\/\/www.tiempoar.com.ar\/mundo\/amanecer-en-tierra-resplandeciente\/\" target=\"_blank\" rel=\"noreferrer noopener\">enlace<\/a><\/em><\/p>\n\n\n\n<p><strong><em>\u00bfQu\u00e9 tan frecuente es la sexualidad no binaria?<\/em><\/strong><\/p>\n\n\n\n<p>Alrededor del 3,3 por ciento de los estudiantes de secundaria en Estados Unidos se identifican como transg\u00e9nero y otro 2,2 por ciento est\u00e1 cuestionando su identidad de g\u00e9nero, seg\u00fan una publicaci\u00f3n reciente del Centro para el Control y la Prevenci\u00f3n de Enfermedades.<\/p>\n\n\n\n<p>Los adolescentes transg\u00e9nero y que cuestionan su g\u00e9nero informaron tasas alarmantemente m\u00e1s altas de acoso escolar, tristeza persistente y pensamientos y conductas suicidas, seg\u00fan la encuesta, que se llev\u00f3 a cabo en 2023. Aproximadamente uno de cada cuatro estudiantes transg\u00e9nero (25%) dijo que hab\u00eda intentado suicidarse en el \u00faltimo a\u00f1o, en comparaci\u00f3n con el 11 por ciento de las ni\u00f1as cisg\u00e9nero y el 5 por ciento de los ni\u00f1os cisg\u00e9nero.<\/p>\n\n\n\n<p>Aunque las estimaciones previas eran mucho menores \u201c<em>Los datos provienen del Sistema de Vigilancia de Conductas de Riesgo Juvenil de la agencia, una encuesta a m\u00e1s de 20.000 estudiantes de secundaria que se realiza en escuelas p\u00fablicas y privadas de todo el pa\u00eds cada dos a\u00f1os. La encuesta de 2023 fue la primera en preguntar a los adolescentes de todas las escuelas si se identificaban como transg\u00e9nero.<\/em><\/p>\n\n\n\n<p>La encuesta resulta muy oportuna debido a la existencia de leyes adversas (que por ejemplo limitan el uso del ba\u00f1o, la participaci\u00f3n en deportes o el acceso a tratamientos m\u00e9dicos para los ni\u00f1es transg\u00e9nero menores de 18 a\u00f1os) promulgadas por m\u00e1s de 20 Estados (Provincias) desde 2021 y que afectan a los estudiantes transg\u00e9nero, especialmente en las escuelas secundarias.<\/p>\n\n\n\n<p><em>Se puede acceder a la nota completa a trav\u00e9s del\u00a0<a href=\"https:\/\/www.nytimes.com\/2024\/10\/08\/health\/transgender-teenagers-cdc-survey.html#\" target=\"_blank\" rel=\"noreferrer noopener\">enlace<\/a><\/em><\/p>\n\n\n\n<p><strong><em>\u00bfprivatizar o des-medicalizar la salud mental?<\/em><\/strong><\/p>\n\n\n\n<p>Una nota de la presidenta del real colegio de psiquiatras de Escocia devela la penetraci\u00f3n del sector privado en el servicio nacional de salud. Una empresa de Texas, Estados Unidos ofrece servicios tercerizados de Psiquiatr\u00eda que han llegado a pagarse a casi mil d\u00f3lares la hora.<\/p>\n\n\n\n<p>En el mismo peri\u00f3dico \u201cThe Guardian\u201d La psic\u00f3loga: Dra. Jeniffer Pole replica: La medicina que trata problemas emocionales y de salud mental con medicamentos se centra necesariamente en el diagn\u00f3stico de un \u00abtrastorno\u00bb como una enfermedad de la persona. Sin embargo, hay pocas pruebas de que esto sea eficaz en los problemas de salud mental en la gran mayor\u00eda de los casos.<\/p>\n\n\n\n<p><em>Los estudios han demostrado que un enfoque centrado en la persona, no basado en el diagn\u00f3stico y menos medicalizado es m\u00e1s eficaz, m\u00e1s r\u00e1pido y con mejores resultados a largo plazo. Lo que se necesita es un cambio desde un modelo en que se piensa la salud mental como una enfermedad o desequilibrio del paciente que es tratado de forma aislada de los acontecimientos de su vida a un enfoque \u201cdentro del contexto\u201d, que permite que un mayor n\u00famero de terapeutas asistan a quienes lo necesitan. Esto tambi\u00e9n reducir\u00eda el gasto en servicios privados costosos dise\u00f1ados para generar ganancias para empresas que extraen enormes cantidades de ingresos muy necesarios de nuestro sistema de salud.<\/em><\/p>\n\n\n\n<p><em>Se puede acceder a la nota completa a trav\u00e9s del\u00a0<a href=\"https:\/\/www.theguardian.com\/society\/2024\/oct\/07\/scottish-nhs-boards-pay-up-to-837-an-hour-for-locums-amid-psychiatry-crisis\" target=\"_blank\" rel=\"noreferrer noopener\">enlace<\/a><\/em><\/p>\n\n\n\n<p><strong><em>Marburgo: un primo del \u00c9bola<\/em><\/strong><\/p>\n\n\n\n<p>Con una letalidad del 50 % esta enfermedad zoon\u00f3tica se adquiere por un virus transmitida por murci\u00e9lagos que ha afectado a Ruanda con un brote de 56 casos y a la fecha con 12 fallecidos.<\/p>\n\n\n\n<p>Aunque no hay vacuna ni tratamiento espec\u00edfico, el acceso temprano a servicios de salud adecuados puede alterar favorablemente la letalidad. &nbsp;<\/p>\n\n\n\n<p><em>\u201cUna vez m\u00e1s, este brote pone de relieve la urgencia de prepararse para garantizar una respuesta global y coordinada a crisis sanitarias, sin importar d\u00f3nde ocurre\u201d&nbsp;<\/em>concluye el Instituto de Salud Global de Barcelona.<\/p>\n\n\n\n<p><em>Se puede acceder a la nota completa a trav\u00e9s del\u00a0<a href=\"https:\/\/www.isglobal.org\/healthisglobal\/-\/custom-blog-portlet\/marburg-virus-disease-are-vaccines-and-treatments-in-the-horizon-\" target=\"_blank\" rel=\"noreferrer noopener\">enlace<\/a><\/em><\/p>\n\n\n\n<p><strong><em>Ultra-millonarios pro-natalistas<\/em><em>: vinculados a la High Tech lograron que el Fondo Monetario Internacional se sume<\/em><\/strong><\/p>\n\n\n\n<p>Como una suerte de nueva monarqu\u00eda global, la opini\u00f3n de los ultramillonarios, asociados a las industrias tecnol\u00f3gicas, -las mismas que multiplicaron sus ganancias de la mano de la Pandemia que hoy aborrecen- se ha vuelto un dogma.<\/p>\n\n\n\n<p>Entre sus enunciados mas reiterados se encuentra la alarma por el descenso de la natalidad y por la condena de \u201clas indeseadas pero necesarias migraciones\u201d contra las que Donald Trump hace campa\u00f1a: seg\u00fan sus recientes declaraciones en Colorado el 5 de noviembre su victoria en las elecciones&nbsp;<em>\u00abser\u00e1 el d\u00eda de liberaci\u00f3n de un Estados Unidos que ha sido ocupado&nbsp;por migrantes tra\u00eddos para infectar&nbsp;el pa\u00eds\u00bb.&nbsp;<\/em>Una frase que del mismo modo podr\u00eda funcionar en boca de los lideres de los pueblos originarios de esta parte del mundo a prop\u00f3sito de un nuevo 12 de octubre. &nbsp;<\/p>\n\n\n\n<p>Cos semejantes sponsors no es de extra\u00f1ar que la pr\u00e9dica natalista haya influido en el propio Fondo Monetario Internacional &nbsp;<\/p>\n\n\n\n<p><em>Para las autoridades econ\u00f3micas (\u00bf?) preocupadas por la fecundidad ultra baja, la nueva econom\u00eda de la fecundidad no ofrece soluciones f\u00e1ciles e inmediatas. Factores como las normas sociales y las condiciones generales del mercado laboral cambian muy lentamente, y es probable que incluso las intervenciones de pol\u00edtica potencialmente productivas solo tengan efectos graduales. Sin embargo, entre pa\u00edses, la clara asociaci\u00f3n de las tasas de fecundidad con las medidas de compatibilidad entre familia y carrera profesional revela que la fecundidad ultrabaja y la carga fiscal correspondiente no son ineludibles, sino que reflejan las pol\u00edticas, las instituciones y las normas de una sociedad. Las autoridades econ\u00f3micas deben tomar nota de esto y adoptar una perspectiva de carrera-familia. Invertir en la igualdad de g\u00e9nero, y en especial en las perspectivas laborales de las futuras madres, quiz\u00e1 resulte engorroso a corto plazo, pero a mediano y largo plazo los beneficios para la econom\u00eda y la sociedad ser\u00e1n cuantiosos.<\/em><\/p>\n\n\n\n<p><em>Se puede acceder a la nota completa a trav\u00e9s del\u00a0<a href=\"https:\/\/www.imf.org\/es\/Publications\/fandd\/issues\/Series\/Analytical-Series\/new-economics-of-fertility-doepke-hannusch-kindermann-tertilt\" target=\"_blank\" rel=\"noreferrer noopener\">enlace<\/a><\/em><\/p>\n\n\n\n<h3 class=\"wp-block-heading\" id=\"aportes-al-debate-de-nuestros-colaboradores\"><strong>Aportes al debate de nuestros colaboradores<\/strong><\/h3>\n\n\n\n<p><strong><em>Saberes ancestrales<\/em><em>&nbsp;en un comentario Adri\u00e1n Diaz<\/em><\/strong><\/p>\n\n\n\n<p><em>Super interesante el reporte de Jonatan Konfino (<\/em>Reporte 30<em>) sobre el programa de Salud P\u00fablica de la India en el que est\u00e1 participando. Claramente, tanto la Argentina como los otros pa\u00edses de nuestra regi\u00f3n tienen mucho para aportar al resto del mundo, as\u00ed como tenemos para enriquecernos de experiencias remotas, de ah\u00ed la enorme importancia. Conecto esto con el tema de la pandemia de la Covid-19 -tambi\u00e9n mencionado en este reporte- en el sentido que a\u00fan queda por estudiar mejor lo ocurrido en las comunidades ind\u00edgenas, en especial las amaz\u00f3nicas. Por ejemplo, en Ecuador, las comunidades amaz\u00f3nicas desplegaron una serie acciones -acorde con sus pr\u00e1cticas ancestrales y su cosmovisi\u00f3n- que, al parecer, pudieron haber mitigado el efecto la elevada circulaci\u00f3n del virus observada (1) y las m\u00faltiples barreras de acceso a los servicios de salud que se observa en eso territorios. Es decir que ser\u00eda muy importante que estos procesos intercambios o de cooperaci\u00f3n sur-sur incluyan los saberes ancestrales de los pueblos y nacionalidades originarias, los cuales no siempre son tenidos en cuenta por la \u201cmedicina occidental\u201d o los sistemas de salud formales.<\/em><\/p>\n\n\n\n<p>COVID-19 outbreaks in endangered Indigenous groups from the Amazonia during the first wave of the COVID-19 pandemic in Ecuador: a retrospective cross-sectional study.<\/p>\n\n\n\n<p><em>Se puede acceder a la nota completa a trav\u00e9s del\u00a0<a href=\"https:\/\/www.rrh.org.au\/journal\/article\/8868\/\" target=\"_blank\" rel=\"noreferrer noopener\">enlace<\/a><\/em><\/p>\n\n\n\n<p><em><strong>Una invitaci\u00f3n a tres bandas de Rodolfo Kaufmann<\/strong><\/em><\/p>\n\n\n\n<p><em>El 9 de octubre se cumplieron 57 a\u00f1os del asesinato del comandante Ernesto Guevara de la Serna. Casualmente hace poco m\u00e1s de 1 semana&nbsp;<\/em>.(el 27 de setiembre<em>)- falleci\u00f3 una persona con la que tuve oportunidad de trabajar brevemente y dialogar en muchas oportunidades, alguien que el Che apunta en su cuaderno de Bolivia, \u201cEl primero de enero, precis\u00e9 el viaje de Tania a la Argentina para entrevistarse con Mauricio y Jozami y citarlos aqu\u00ed\u201d.<\/em><\/p>\n\n\n\n<p><em>&nbsp;<\/em><em>Eduardo Jozami, Intelectual, pol\u00edtico y docente es uno de los tres argentinos mencionados expresamente en el&nbsp;<strong>Diario del Che Guevara en Bolivia<\/strong>. Fue convocado a sumarse con su grupo a su proyecto revolucionario continental. \u201cEncontrarse con el Che en ese tiempo era como tocar el cielo con las manos\u201d, seg\u00fan evoc\u00f3 en 2014 en el Archivo Testimonial oral de la Biblioteca Nacional. Pero el encuentro, que deb\u00eda realizarse originalmente en Camiri y al que concurri\u00f3 con su compa\u00f1era de toda la vida,&nbsp;<\/em><strong><em>Lila Pastoriza<\/em><\/strong><em>, nunca lleg\u00f3 a concretarse.<\/em><\/p>\n\n\n\n<p>La enorme trayectoria de Jozami re\u00fane encuentros hist\u00f3ricos entre la militancia de izquierda y el peronismo revolucionario. En este clima de \u00e9poca no extra\u00f1a que el propio l\u00edder del peronismo.-nos recuerda Rodolfo- &nbsp;haya escrito una sentida carta que merece ser rele\u00edda el 24 de octubre de 1967.&nbsp;<em>\u201cHoy ha ca\u00eddo en esa lucha, como un h\u00e9roe, la figura joven m\u00e1s extraordinaria que ha dado la revoluci\u00f3n en Latinoam\u00e9rica: ha muerto el comandante Ernesto \u201cChe\u201d Guevara\u201d<\/em>.<\/p>\n\n\n\n<p><em>Se puede acceder a la nota completa a trav\u00e9s del\u00a0<a href=\"https:\/\/perio.unlp.edu.ar\/catedras\/escrituraargentina\/wp-content\/uploads\/sites\/150\/2020\/07\/8.-Juan-Domingo-Per%C3%B3n-Carta-por-la-muerte-del-Che.pdf\" target=\"_blank\" rel=\"noreferrer noopener\">enlace<\/a><\/em><a href=\"https:\/\/revistasoberaniasanitaria.com.ar\/reporte-de-salud-internacional-32\/\"><\/a><\/p>\n","protected":false},"excerpt":{"rendered":"<p>Por Mario Rovere.\u00a0Publicado en Revista Soberan\u00eda Sanitaria El rey est\u00e1 desnudo: una \u00e9poca de enunciados brutales Desde Colombia el presidente Gustavo Petro denunci\u00f3 en la CIDH que&nbsp;hay en curso un intento de golpe de estado [&hellip;]<\/p>\n","protected":false},"author":2,"featured_media":2534,"comment_status":"closed","ping_status":"open","sticky":false,"template":"","format":"standard","meta":{"footnotes":""},"categories":[123],"tags":[],"class_list":["post-2902","post","type-post","status-publish","format-standard","has-post-thumbnail","hentry","category-salud-internacional"],"_links":{"self":[{"href":"https:\/\/campusff.ms.gba.gov.ar\/comunidaddea-ff\/wp-json\/wp\/v2\/posts\/2902","targetHints":{"allow":["GET"]}}],"collection":[{"href":"https:\/\/campusff.ms.gba.gov.ar\/comunidaddea-ff\/wp-json\/wp\/v2\/posts"}],"about":[{"href":"https:\/\/campusff.ms.gba.gov.ar\/comunidaddea-ff\/wp-json\/wp\/v2\/types\/post"}],"author":[{"embeddable":true,"href":"https:\/\/campusff.ms.gba.gov.ar\/comunidaddea-ff\/wp-json\/wp\/v2\/users\/2"}],"replies":[{"embeddable":true,"href":"https:\/\/campusff.ms.gba.gov.ar\/comunidaddea-ff\/wp-json\/wp\/v2\/comments?post=2902"}],"version-history":[{"count":1,"href":"https:\/\/campusff.ms.gba.gov.ar\/comunidaddea-ff\/wp-json\/wp\/v2\/posts\/2902\/revisions"}],"predecessor-version":[{"id":2903,"href":"https:\/\/campusff.ms.gba.gov.ar\/comunidaddea-ff\/wp-json\/wp\/v2\/posts\/2902\/revisions\/2903"}],"wp:featuredmedia":[{"embeddable":true,"href":"https:\/\/campusff.ms.gba.gov.ar\/comunidaddea-ff\/wp-json\/wp\/v2\/media\/2534"}],"wp:attachment":[{"href":"https:\/\/campusff.ms.gba.gov.ar\/comunidaddea-ff\/wp-json\/wp\/v2\/media?parent=2902"}],"wp:term":[{"taxonomy":"category","embeddable":true,"href":"https:\/\/campusff.ms.gba.gov.ar\/comunidaddea-ff\/wp-json\/wp\/v2\/categories?post=2902"},{"taxonomy":"post_tag","embeddable":true,"href":"https:\/\/campusff.ms.gba.gov.ar\/comunidaddea-ff\/wp-json\/wp\/v2\/tags?post=2902"}],"curies":[{"name":"wp","href":"https:\/\/api.w.org\/{rel}","templated":true}]}}