{"id":2871,"date":"2025-02-03T10:41:11","date_gmt":"2025-02-03T13:41:11","guid":{"rendered":"https:\/\/campusff.ms.gba.gov.ar\/comunidaddea-ff\/?p=2871"},"modified":"2025-02-04T11:52:53","modified_gmt":"2025-02-04T14:52:53","slug":"curso-de-verano-2025-defender-la-salud-honrar-la-vida-en-tiempos-dificiles","status":"publish","type":"post","link":"https:\/\/campusff.ms.gba.gov.ar\/comunidaddea-ff\/2025\/02\/03\/curso-de-verano-2025-defender-la-salud-honrar-la-vida-en-tiempos-dificiles\/","title":{"rendered":"Curso de verano 2025. Defender la salud, honrar la vida en tiempos dif\u00edciles"},"content":{"rendered":"\n<p>Les damos la bienvenida a la sexta edici\u00f3n del Curso de Verano 2025. Desde el 6 de febrero al 13 de Marzo, destinado a los\/las trabajadores\/as estatales de la Provincia de Buenos Aires y a la comunidad en general.<\/p>\n\n\n\n<figure class=\"wp-block-embed is-type-video is-provider-youtube wp-block-embed-youtube wp-embed-aspect-16-9 wp-has-aspect-ratio\"><div class=\"wp-block-embed__wrapper\">\n<iframe loading=\"lazy\" title=\"Curso de Verano 2025\" width=\"660\" height=\"371\" src=\"https:\/\/www.youtube.com\/embed\/AbRgoYUEUp8?feature=oembed\" frameborder=\"0\" allow=\"accelerometer; autoplay; clipboard-write; encrypted-media; gyroscope; picture-in-picture; web-share\" referrerpolicy=\"strict-origin-when-cross-origin\" allowfullscreen><\/iframe>\n<\/div><\/figure>\n\n\n\n<p>Modalidad virtual. Encuentros sincr\u00f3nicos los jueves de 11 a 13 horas. <\/p>\n\n\n\n<p>Para inscribirse al mismo deber\u00e1 completar el siguiente formulario: <a href=\"https:\/\/cutt.ly\/Se7jibFO.\">https:\/\/cutt.ly\/Se7jibFO.<\/a><\/p>\n\n\n\n<p>El curso otorga certificaci\u00f3n y se podr\u00e1 seguir a trav\u00e9s del canal de Youtube de la Escuela de Gobierno o de la plataforma Webex. Tambi\u00e9n, ser\u00e1 transmitida especialmente por <a href=\"https:\/\/campusff.ms.gba.gov.ar\/floreal\/\" data-type=\"link\" data-id=\"https:\/\/campusff.ms.gba.gov.ar\/floreal\/\" target=\"_blank\" rel=\"noreferrer noopener\">&#8220;Radio Floreal&#8221;<\/a> a partir de las 10.30 hs.<\/p>\n\n\n\n<p>Para m\u00e1s informaci\u00f3n: cursodeverano2025.ff@gmail.com<\/p>\n\n\n<div class=\"wp-block-image\">\n<figure class=\"aligncenter size-full is-resized\"><img loading=\"lazy\" decoding=\"async\" width=\"1081\" height=\"1080\" src=\"https:\/\/campusff.ms.gba.gov.ar\/comunidaddea-ff\/wp-content\/uploads\/sites\/3\/2025\/02\/unnamed.jpg\" alt=\"\" class=\"wp-image-2872\" style=\"width:494px;height:auto\" \/><\/figure><\/div>","protected":false},"excerpt":{"rendered":"<p>Les damos la bienvenida a la sexta edici\u00f3n del Curso de Verano 2025. Desde el 6 de febrero al 13 de Marzo, destinado a los\/las trabajadores\/as estatales de la Provincia de Buenos Aires y a [&hellip;]<\/p>\n","protected":false},"author":4,"featured_media":2872,"comment_status":"closed","ping_status":"open","sticky":false,"template":"","format":"standard","meta":{"footnotes":""},"categories":[5],"tags":[40,27],"class_list":["post-2871","post","type-post","status-publish","format-standard","has-post-thumbnail","hentry","category-novedades","tag-curso-de-verano","tag-salud"],"_links":{"self":[{"href":"https:\/\/campusff.ms.gba.gov.ar\/comunidaddea-ff\/wp-json\/wp\/v2\/posts\/2871","targetHints":{"allow":["GET"]}}],"collection":[{"href":"https:\/\/campusff.ms.gba.gov.ar\/comunidaddea-ff\/wp-json\/wp\/v2\/posts"}],"about":[{"href":"https:\/\/campusff.ms.gba.gov.ar\/comunidaddea-ff\/wp-json\/wp\/v2\/types\/post"}],"author":[{"embeddable":true,"href":"https:\/\/campusff.ms.gba.gov.ar\/comunidaddea-ff\/wp-json\/wp\/v2\/users\/4"}],"replies":[{"embeddable":true,"href":"https:\/\/campusff.ms.gba.gov.ar\/comunidaddea-ff\/wp-json\/wp\/v2\/comments?post=2871"}],"version-history":[{"count":3,"href":"https:\/\/campusff.ms.gba.gov.ar\/comunidaddea-ff\/wp-json\/wp\/v2\/posts\/2871\/revisions"}],"predecessor-version":[{"id":2899,"href":"https:\/\/campusff.ms.gba.gov.ar\/comunidaddea-ff\/wp-json\/wp\/v2\/posts\/2871\/revisions\/2899"}],"wp:featuredmedia":[{"embeddable":true,"href":"https:\/\/campusff.ms.gba.gov.ar\/comunidaddea-ff\/wp-json\/wp\/v2\/media\/2872"}],"wp:attachment":[{"href":"https:\/\/campusff.ms.gba.gov.ar\/comunidaddea-ff\/wp-json\/wp\/v2\/media?parent=2871"}],"wp:term":[{"taxonomy":"category","embeddable":true,"href":"https:\/\/campusff.ms.gba.gov.ar\/comunidaddea-ff\/wp-json\/wp\/v2\/categories?post=2871"},{"taxonomy":"post_tag","embeddable":true,"href":"https:\/\/campusff.ms.gba.gov.ar\/comunidaddea-ff\/wp-json\/wp\/v2\/tags?post=2871"}],"curies":[{"name":"wp","href":"https:\/\/api.w.org\/{rel}","templated":true}]}}