{"id":2837,"date":"2025-01-28T09:18:05","date_gmt":"2025-01-28T12:18:05","guid":{"rendered":"https:\/\/campusff.ms.gba.gov.ar\/comunidaddea-ff\/?p=2837"},"modified":"2025-01-29T09:19:06","modified_gmt":"2025-01-29T12:19:06","slug":"expreso-floreal-programa-17-27-01-2025","status":"publish","type":"post","link":"https:\/\/campusff.ms.gba.gov.ar\/comunidaddea-ff\/2025\/01\/28\/expreso-floreal-programa-17-27-01-2025\/","title":{"rendered":"Expreso Floreal\u00a0\u2013 Programa 17 (27\/01\/2025)"},"content":{"rendered":"\n<p>Victoria Heredia, directora de Formaci\u00f3n y Educaci\u00f3n Permanente de la Escuela de Gobierno en Salud Floreal Ferrara, nos cont\u00f3 de qu\u00e9 se trata el Programa de Preresidencias y en qu\u00e9 especialidades pod\u00e9s formarte.<\/p>\n\n\n\n<p>Repaso de audios sobre las noticias de salud de la semana e informaci\u00f3n sobre la campa\u00f1a de vacunaci\u00f3n contra el dengue en la provincia de Buenos Aires.\u00a0<\/p>\n\n\n\n<iframe src=\"https:\/\/www.ivoox.com\/player_ej_138887762_6_1.html?c1=18aabb\" width=\"100%\" height=\"200\" frameborder=\"0\" allowfullscreen=\"\" scrolling=\"no\" loading=\"lazy\"><\/iframe>\n","protected":false},"excerpt":{"rendered":"<p>Victoria Heredia, directora de Formaci\u00f3n y Educaci\u00f3n Permanente de la Escuela de Gobierno en Salud Floreal Ferrara, nos cont\u00f3 de qu\u00e9 se trata el Programa de Preresidencias y en qu\u00e9 especialidades pod\u00e9s formarte. Repaso de [&hellip;]<\/p>\n","protected":false},"author":4,"featured_media":2584,"comment_status":"closed","ping_status":"open","sticky":false,"template":"","format":"standard","meta":{"footnotes":""},"categories":[130],"tags":[138,115,127,140],"class_list":["post-2837","post","type-post","status-publish","format-standard","has-post-thumbnail","hentry","category-radio","tag-expreso-floreal","tag-preresidencias","tag-radio","tag-vacunacion"],"_links":{"self":[{"href":"https:\/\/campusff.ms.gba.gov.ar\/comunidaddea-ff\/wp-json\/wp\/v2\/posts\/2837","targetHints":{"allow":["GET"]}}],"collection":[{"href":"https:\/\/campusff.ms.gba.gov.ar\/comunidaddea-ff\/wp-json\/wp\/v2\/posts"}],"about":[{"href":"https:\/\/campusff.ms.gba.gov.ar\/comunidaddea-ff\/wp-json\/wp\/v2\/types\/post"}],"author":[{"embeddable":true,"href":"https:\/\/campusff.ms.gba.gov.ar\/comunidaddea-ff\/wp-json\/wp\/v2\/users\/4"}],"replies":[{"embeddable":true,"href":"https:\/\/campusff.ms.gba.gov.ar\/comunidaddea-ff\/wp-json\/wp\/v2\/comments?post=2837"}],"version-history":[{"count":6,"href":"https:\/\/campusff.ms.gba.gov.ar\/comunidaddea-ff\/wp-json\/wp\/v2\/posts\/2837\/revisions"}],"predecessor-version":[{"id":2848,"href":"https:\/\/campusff.ms.gba.gov.ar\/comunidaddea-ff\/wp-json\/wp\/v2\/posts\/2837\/revisions\/2848"}],"wp:featuredmedia":[{"embeddable":true,"href":"https:\/\/campusff.ms.gba.gov.ar\/comunidaddea-ff\/wp-json\/wp\/v2\/media\/2584"}],"wp:attachment":[{"href":"https:\/\/campusff.ms.gba.gov.ar\/comunidaddea-ff\/wp-json\/wp\/v2\/media?parent=2837"}],"wp:term":[{"taxonomy":"category","embeddable":true,"href":"https:\/\/campusff.ms.gba.gov.ar\/comunidaddea-ff\/wp-json\/wp\/v2\/categories?post=2837"},{"taxonomy":"post_tag","embeddable":true,"href":"https:\/\/campusff.ms.gba.gov.ar\/comunidaddea-ff\/wp-json\/wp\/v2\/tags?post=2837"}],"curies":[{"name":"wp","href":"https:\/\/api.w.org\/{rel}","templated":true}]}}