{"id":2820,"date":"2025-01-10T16:04:24","date_gmt":"2025-01-10T19:04:24","guid":{"rendered":"https:\/\/campusff.ms.gba.gov.ar\/comunidaddea-ff\/?p=2820"},"modified":"2025-01-24T12:56:19","modified_gmt":"2025-01-24T15:56:19","slug":"el-baul-de-avicea-programa-40-10-01-2025","status":"publish","type":"post","link":"https:\/\/campusff.ms.gba.gov.ar\/comunidaddea-ff\/2025\/01\/10\/el-baul-de-avicea-programa-40-10-01-2025\/","title":{"rendered":"El ba\u00fal de Avicena &#8211; Programa 40 (10\/01\/2025)"},"content":{"rendered":"\n<p>Esta semana concluimos la serie &#8220;Arte y sexualidad en la Historia&#8221; viendo las d\u00e9cadas de 1980 y 1990, en el marco del fracaso de los sue\u00f1os &#8220;sesentistas&#8221; y &#8220;setentistas&#8221; en manos de un capitalismo cada vez m\u00e1s poderoso, en donde se ven amenazados los derechos de muchas minor\u00edas. Sobre todo de la diversidad sexual, principal v\u00edctima de la tragedia sanitaria y social que significar\u00eda el VIH\/Sida. <\/p>\n\n\n\n<iframe src=\"https:\/\/www.ivoox.com\/player_ej_137717529_6_1.html?c1=109eb8\" width=\"100%\" height=\"200\" frameborder=\"0\" allowfullscreen=\"\" scrolling=\"no\" loading=\"lazy\"><\/iframe>\n\n\n\n<p><br><br><br><\/p>\n\n\n\n<p><\/p>\n","protected":false},"excerpt":{"rendered":"<p>Esta semana concluimos la serie &#8220;Arte y sexualidad en la Historia&#8221; viendo las d\u00e9cadas de 1980 y 1990, en el marco del fracaso de los sue\u00f1os &#8220;sesentistas&#8221; y &#8220;setentistas&#8221; en manos de un capitalismo cada [&hellip;]<\/p>\n","protected":false},"author":2,"featured_media":2584,"comment_status":"closed","ping_status":"open","sticky":false,"template":"","format":"standard","meta":{"footnotes":""},"categories":[130],"tags":[133,139,138,135,134,136,18],"class_list":["post-2820","post","type-post","status-publish","format-standard","has-post-thumbnail","hentry","category-radio","tag-arte","tag-el-baul-de-avicena","tag-expreso-floreal","tag-historia","tag-sexualidad","tag-sida","tag-vih"],"_links":{"self":[{"href":"https:\/\/campusff.ms.gba.gov.ar\/comunidaddea-ff\/wp-json\/wp\/v2\/posts\/2820","targetHints":{"allow":["GET"]}}],"collection":[{"href":"https:\/\/campusff.ms.gba.gov.ar\/comunidaddea-ff\/wp-json\/wp\/v2\/posts"}],"about":[{"href":"https:\/\/campusff.ms.gba.gov.ar\/comunidaddea-ff\/wp-json\/wp\/v2\/types\/post"}],"author":[{"embeddable":true,"href":"https:\/\/campusff.ms.gba.gov.ar\/comunidaddea-ff\/wp-json\/wp\/v2\/users\/2"}],"replies":[{"embeddable":true,"href":"https:\/\/campusff.ms.gba.gov.ar\/comunidaddea-ff\/wp-json\/wp\/v2\/comments?post=2820"}],"version-history":[{"count":3,"href":"https:\/\/campusff.ms.gba.gov.ar\/comunidaddea-ff\/wp-json\/wp\/v2\/posts\/2820\/revisions"}],"predecessor-version":[{"id":2823,"href":"https:\/\/campusff.ms.gba.gov.ar\/comunidaddea-ff\/wp-json\/wp\/v2\/posts\/2820\/revisions\/2823"}],"wp:featuredmedia":[{"embeddable":true,"href":"https:\/\/campusff.ms.gba.gov.ar\/comunidaddea-ff\/wp-json\/wp\/v2\/media\/2584"}],"wp:attachment":[{"href":"https:\/\/campusff.ms.gba.gov.ar\/comunidaddea-ff\/wp-json\/wp\/v2\/media?parent=2820"}],"wp:term":[{"taxonomy":"category","embeddable":true,"href":"https:\/\/campusff.ms.gba.gov.ar\/comunidaddea-ff\/wp-json\/wp\/v2\/categories?post=2820"},{"taxonomy":"post_tag","embeddable":true,"href":"https:\/\/campusff.ms.gba.gov.ar\/comunidaddea-ff\/wp-json\/wp\/v2\/tags?post=2820"}],"curies":[{"name":"wp","href":"https:\/\/api.w.org\/{rel}","templated":true}]}}