{"id":2796,"date":"2024-10-08T09:27:24","date_gmt":"2024-10-08T12:27:24","guid":{"rendered":"https:\/\/campusff.ms.gba.gov.ar\/comunidaddea-ff\/?p=2796"},"modified":"2024-10-11T09:28:29","modified_gmt":"2024-10-11T12:28:29","slug":"reporte-de-salud-internacional-30","status":"publish","type":"post","link":"https:\/\/campusff.ms.gba.gov.ar\/comunidaddea-ff\/2024\/10\/08\/reporte-de-salud-internacional-30\/","title":{"rendered":"Reporte de salud internacional #30"},"content":{"rendered":"\n<p><em>Por Mario Rovere.\u00a0<\/em><a href=\"https:\/\/revistasoberaniasanitaria.com.ar\/reporte-de-salud-internacional-30\/\" target=\"_blank\" rel=\"noreferrer noopener\">Publicado en Revista Soberan\u00eda Sanitaria<\/a><\/p>\n\n\n\n<p><em>Desde esta modesta tribuna expresamos toda nuestra solidaridad con la comunidad terap\u00e9utica de trabajadores y pacientes del Hospital Laura Bonaparte<\/em><\/p>\n\n\n\n<p><strong><em>Escalada b\u00e9lica, \u201ces tiempo de mujeres\u201d &nbsp;y la locura como instrumento pol\u00edtico<\/em><\/strong><\/p>\n\n\n\n<p>Si comparamos con la semana anterior todos los conflictos abiertos han escalado, Rusia prob\u00f3 en territorio ucraniano una bomba que se considera la m\u00e1s destructiva arma no nuclear existente, Israel invade el L\u00edbano por aire, mar y tierra, Biden duda en apoyar a Israel si ataca objetivos petroleros o nucleares en Ir\u00e1n y el conflicto de Sud\u00e1n ya afecta a pa\u00edses vecinos como Sud\u00e1n del Sur y Chad. Seg\u00fan la ONU el conflicto ha dejado al menos 20.000 muertos, 7,9 millones de desplazados internos y 2,1 millones de refugiados en otros pa\u00edses.<\/p>\n\n\n\n<p>La toma de posesi\u00f3n de Claudia Sheinbaum como presidenta de M\u00e9xico muestra la firmeza de la construcci\u00f3n de Morena por dos sexenios, y como el orden patriarcal desde el principio se ocupa de lijar la participaci\u00f3n de las mujeres en la pol\u00edtica uno de los sectores m\u00e1s mis\u00f3ginos de de nuestras sociedades. Su discurso en el congreso no tiene desperdicio y resulta absolutamente contrastante punto por punto con el que se intenta imponer en Argentina. La ceremonia ind\u00edgena originaria con 200 mujeres de todas las etnias y minor\u00edas afro-mexicanas nos recuerda que, aunque las proporciones poblacionales resalten el car\u00e1cter ind\u00edgena de Guatemala o Bolivia, en n\u00fameros absolutos M\u00e9xico es el pa\u00eds con mayor poblaci\u00f3n originaria de Am\u00e9rica Latina. &nbsp;<\/p>\n\n\n\n<p>Todo esto contrastante con el apag\u00f3n period\u00edstico, ni un solo medio de Brasil, Chile o Colombia public\u00f3 en tapa la noticia a pesar de que sus presidentes estuvieron presentes en la ceremonia. En el caso de Argentina la presencia del Gobernador de la Provincia de Buenos Aires contrast\u00f3 con la ausencia, incluso protocolar del Gobierno Nacional.<\/p>\n\n\n\n<p>La sincronizaci\u00f3n entre la remoci\u00f3n del estatus de refugiado de Evo Morales por parte del gobierno argentino, la misma semana que el Ministro de Gobierno de Bolivia solicit\u00f3 su prisi\u00f3n efectiva, hace sospechar que los embates de Lawfare contin\u00faan siendo planificados desde el hemisferio norte.<\/p>\n\n\n\n<p>Esta semana tambi\u00e9n un peri\u00f3dico brit\u00e1nico, el Daily Mail, dedic\u00f3 una nota al lanzamiento del libro de memorias de Boris Johnson lleno de revelaciones de un protagonista de la d\u00e9cada. Su libro \u201cunleashed\u201d que podr\u00eda traducirse como \u201cdesatado\u201d muestra el poder pol\u00edtico de la desmesura. Convencido que el presidente Macr\u00f3n estaba decidido a sancionar duramente a Gran Breta\u00f1a por su decisi\u00f3n de salirse de la Uni\u00f3n Europea explicita la que fue su estrategia principal &nbsp;&nbsp;<strong><em>\u201c<\/em><\/strong><em>Para que finalmente se concretara el Brexit, ten\u00edamos que poder hacer alarde de ello, demostrar que est\u00e1bamos dispuestos a salir sin un acuerdo. Yo ten\u00eda una ventaja curiosa: nuestros socios pensaban que tal vez yo estuviera tan loco como para hacerlo\u201d.<\/em><\/p>\n\n\n\n<p>Johnson revela que m\u00e1s tarde obtuvo una forma de venganza contra Macron al\u00a0<a href=\"https:\/\/www.dailymail.co.uk\/news\/article-9998213\/AUKUS-submarine-deal-sealed-G7-summit.html\" target=\"_blank\" rel=\"noreferrer noopener\"><strong>firmar el pacto secreto Aukus con los EE. UU. y Australia,\u00a0<\/strong>que condujo al colapso de un acuerdo para que Francia suministrara submarinos nucleares a Australia<strong>, un mensaje para el \u2018tonto<\/strong><\/a>\u00a0\u2018 franc\u00e9s.<\/p>\n\n\n\n<p><em>El se\u00f1or Johnson dice que Macron y la canciller alemana, Angela Merkel, estaban unidos al tratar de explotar su \u00abposici\u00f3n inmensamente fuerte\u00bb en las conversaciones del Brexit, y que el presidente franc\u00e9s en particular parec\u00eda estar decidido a darle al Reino Unido una \u00abpaliza de castigo\u00bb.<\/em><\/p>\n\n\n\n<p><em>Se puede acceder a la nota completa a trav\u00e9s del\u00a0<a href=\"https:\/\/www.dailymail.co.uk\/news\/article-13904419\/Boris-Johnson-suspected-Macron-weaponising-small-boats-migration-crisis-punishment-beating-undermine-Brexit-Britain.html\" target=\"_blank\" rel=\"noreferrer noopener\">enlace<\/a><\/em><\/p>\n\n\n\n<p><strong><em>La Pandemia que cambi\u00f3 la historia<\/em><\/strong><\/p>\n\n\n\n<p>En la misma saga de entregas period\u00edsticas por cap\u00edtulos de su libro Johnson comienza a dar pistas sobre su manejo de la Pandemia, incluyendo i. un plan militar para robar vacunas que consideraba \u201csecuestradas por la Uni\u00f3n Europea\u201d y que se encontraban en territorio de Holanda, ii. una descabellada iniciativa de invitar a una fiesta de 100 funcionarios \u201ccon distancia social\u201d, en plena pandemia y luego pedir disculpas p\u00fablicas por ello, ahora parece arrepentirse m\u00e1s de las disculpas que de la fiesta. Y iii. vuelve a agitar su \u201cconvicci\u00f3n\u201d que el virus pand\u00e9mico&nbsp;<em>\u201ccomenz\u00f3 con una filtraci\u00f3n de un laboratorio chino\u201d<\/em>.<\/p>\n\n\n\n<p>Mas all\u00e1 de cualquier teor\u00eda, dato o especulaci\u00f3n resulta abrumadora la evidencia que si las primeras dos d\u00e9cadas del siglo XXI se cuentan a partir de la ca\u00edda de las torres gemelas, las segundas dos d\u00e9cadas se contar\u00e1n a partir de la pandemia y sus consecuencias.<\/p>\n\n\n\n<p><strong><em>Resiliencia hospitalaria<\/em><\/strong><\/p>\n\n\n\n<p>Dentro del equipamiento social de una comunidad se espera que su hospital sea el edificio m\u00e1s resistente a las crisis ambientales de diferentes or\u00edgenes. No ocurri\u00f3 as\u00ed en el condado de Erie, en Tenesee, Estados Unidos. All\u00ed el s\u00e1bado pasado 54 personas tuvieron que ser peligrosamente rescatadas del techo del hospital local por las inclemencias del hurac\u00e1n Helene. &nbsp;La evacuaci\u00f3n por helic\u00f3pteros fracaso tras varios intentos y finalmente lograron ser evacuados por agua en embarcaciones peque\u00f1as, con todos los pacientes trasladados a otros hospitales de la zona.<\/p>\n\n\n\n<p><em>Se puede acceder a la nota completa a trav\u00e9s del\u00a0<a href=\"https:\/\/www.telemundo47.com\/noticias\/eeuu\/huracan-helene-rescate-atrapados-hospital-tennessee-inundaciones\/2505946\/?os=ioxa42gdub5u1enqic&amp;ref=app\" target=\"_blank\" rel=\"noreferrer noopener\">enlace<\/a><\/em><\/p>\n\n\n\n<p><strong><em>Enfermedad de Chaga.Mazza<\/em><em>; deconstruir los lugares comunes que refuerzan la negligencia<\/em><\/strong><\/p>\n\n\n\n<p>Seg\u00fan el Lancet:<em>&nbsp;\u201cLa enfermedad de Chagas es una enfermedad tropical negligentemente desatendida causada por&nbsp;Trypanosoma cruzi&nbsp;. End\u00e9mica en 21 pa\u00edses de las Am\u00e9ricas, plantea una importante carga de salud en la regi\u00f3n, afectando a 6 millones de personas y provocando 12.000 muertes anuales\u201d.<\/em><\/p>\n\n\n\n<p>A m\u00e1s de 100 a\u00f1os del descubrimiento de Carlos Chagas en Brasil, deso\u00eddos por la comunidad cient\u00edfica y los aportes definitivos de Salvador Mazza en el norte argentino diversos motivos mantienen estancada, a\u00fan hoy, la lucha frontal contra esta enfermedad.<\/p>\n\n\n\n<p>\u201cSe limita a poblaci\u00f3n de zonas rurales pobres\u201d, \u201csolo se transmite por vectores (vinchuca)\u201d, \u201cno tiene tratamiento\u201d. El calificativo \u201cneglected\u201d, piadosamente traducido como \u201colvidadas\u201d es en realidad una denuncia y el desarmar los argumentos que paralizan y hasta justifican su no abordaje integral en las pol\u00edticas p\u00fablicas puede contribuir a cambiar esta situaci\u00f3n.<\/p>\n\n\n\n<p>La prestigiosa publicaci\u00f3n dedica una serie completa de cinco art\u00edculos orientados a revisar el \u201cestado del arte\u201d del conocimiento cient\u00edfico de esta enfermedad que lejos de los estereotipos se transmite hoy fuera de las regiones end\u00e9micas por efecto de extendidos movimientos migratorios, con frecuencia por v\u00eda placentaria, o en ocasiones como accidente transfusional.<\/p>\n\n\n\n<p>El tratamiento disponible es eficaz para la curaci\u00f3n en amplias y determinadas ventanas de oportunidad (ni\u00f1os y ni\u00f1as infectados por v\u00eda placentaria de entre seis meses y seis a\u00f1os) y puede reducir los riesgos de complicaciones en pacientes que no puede curar, el tratamiento en mujeres en edad f\u00e9rtil antes del embarazo puede bajar a cero la transmisi\u00f3n vertical y existen promisorios avances en estudios ambientales, entomol\u00f3gicos, inmunol\u00f3gicos, avances en instrumentos de prevenci\u00f3n, diagn\u00f3stico y tratamiento.<\/p>\n\n\n\n<p><em>Se puede acceder a la nota completa a trav\u00e9s del\u00a0<a href=\"https:\/\/www.thelancet.com\/series\/chagas-disease?dgcid=raven_jbs_etoc_feature_chagasdisease24_lanam\" target=\"_blank\" rel=\"noreferrer noopener\">enlace<\/a><\/em>\u00a0 \u00a0\u00a0\u00a0\u00a0\u00a0<\/p>\n\n\n\n<h3 class=\"wp-block-heading\" id=\"contribuciones-a-este-numero\"><strong>Contribuciones a este n\u00famero<\/strong><\/h3>\n\n\n\n<p>Agradecemos la colaboraci\u00f3n para actualizar y esclarecer la problem\u00e1tica actual de la enfermedad de Chagas a P\u00eda Machuca coordinador provincial de Chagas en la Provincia.<\/p>\n\n\n\n<p><strong><em>Europa quiere volver a competir en el mundo de los medicamentos<\/em><\/strong><\/p>\n\n\n\n<p>Mario Draghi es una autoridad, una voz de referencia de la Uni\u00f3n Europea y su diagn\u00f3stico resulta contundente Europa est\u00e1 quedando atr\u00e1s de EE. UU y China en innovaci\u00f3n y crecimiento y cuenta con un gran incremento de la longevidad a lo que no duda en describir como \u201cEuropa se est\u00e1 haciendo vieja\u201d. La idea de auto proveerse con un Plan Marshall de 800.000 millones de Euros anuales abren la expectativa de preguntarse en qu\u00e9. Los espa\u00f1oles ven all\u00ed una magn\u00edfica oportunidad de desplegar su propio complejo m\u00e9dico-industrial y convertirse en un referente para la regi\u00f3n &nbsp;&nbsp;&nbsp;&nbsp;&nbsp;<\/p>\n\n\n\n<p><em>En el sector farmac\u00e9utico esto no es nuevo. Sobre la \u00ablenta agon\u00eda\u00bb a la que alude\u00a0<\/em><a href=\"https:\/\/www.elmundo.es\/e\/ma\/mario-draghi.html\" target=\"_blank\" rel=\"noreferrer noopener\"><em>Mario Draghi<\/em><\/a><em>\u00a0las compa\u00f1\u00edas de medicamentos llevan a\u00f1os advirti\u00e9ndolo. Desde hace tiempo\u00a0esta industria lamenta la falta de incentivos, un marco normativo estricto y la falta de confianza en su potencial. \u00abHasta hace poco, a nivel social y pol\u00edtico no se ve\u00eda lo que aportaba. Hay que ponerle m\u00e1s recursos y m\u00e1s inter\u00e9s\u00bb.<\/em><\/p>\n\n\n\n<p><em>Se puede acceder a la nota completa a trav\u00e9s del\u00a0<a href=\"https:\/\/www.elmundo.es\/economia\/empresas\/2024\/09\/16\/66e1d44321efa090348b45a2.html\" target=\"_blank\" rel=\"noreferrer noopener\">enlace<\/a><\/em><\/p>\n\n\n\n<p>Un importante aporte de Ignacio \u201cNacho\u201d Darguibel.<\/p>\n\n\n\n<p><strong><em>Una \u201ccorresponsal\u201d &nbsp;en el Congreso Mundial contra el Fascismo<\/em><\/strong><\/p>\n\n\n\n<p>EL mes pasado y luego de dos intensas jornadas, con mas de mil delegados de diferentes naciones, culmin\u00f3 el Congreso Mundial contra el Fascismo, el Neo-fascismo y Expresiones Similares\u201d. Nila Heredia, participante del Congreso nos comparte uno de los principales pronunciamientos emitido por la Federaci\u00f3n Democr\u00e1tica Internacional de Mujeres. Una voz imprescindible si se considera que uno de los ejes de la internacional fascista ultraliberal es su lucha abierta contra la perspectiva de g\u00e9nero.<\/p>\n\n\n\n<p><em>\u201cNunca mas fascismo, nunca mas guerra\u201d \u201cel fascismo es la forma mas extrema del patriarcado y la misoginia\u201d.<\/em><\/p>\n\n\n\n<p>Conscientes del protagonismo de \u201coccidente\u201d en empujar al mundo a una tercera guerra mundial que imaginan podr\u00edan ganar denuncian a la OTAN<em>&nbsp;\u201ccomo una coalici\u00f3n dedicada a exterminar pueblos y Estados Naci\u00f3n en Europa, Asia y \u00c1frica y condenan la criminalizaci\u00f3n del movimiento social para silenciar la voz de protesta de los pueblos que luchan por la humanidad\u201d.<\/em><\/p>\n\n\n\n<p>Reafirman finalmente en su mensaje central<em>: la lucha contra el imperialismo y contra el fascismo que lo sustenta es necesaria e imprescindible: las mujeres somos constructoras de Paz.<\/em><\/p>\n\n\n\n<p><strong><em>La Provincia en el Mundo;&nbsp;<\/em><em>Cooperaci\u00f3n Sur Sur<\/em><\/strong><\/p>\n\n\n\n<p><em>Desde el norte de la India, en Chandigarh, a menos de una hora de la frontera con Pakist\u00e1n me encuentro haciendo un Programa de Salud P\u00fablica ofrecido por la Escuela de Salud P\u00fablica del Post Graduate Institute of Medical Education and Research, una de las instituciones de excelencia del Gobierno Nacional.&nbsp;<\/em><\/p>\n\n\n\n<p><em>Junto a funcionarios de Gobiernos de 28 pa\u00edses de \u00c1frica y Asia nos encontramos debatiendo perspectivas del derecho a la salud, desaf\u00edos comunes futuros en este mundo globalizado y compartiendo buenas pr\u00e1cticas en materia sanitaria que bien podr\u00edan tomarse del Norte Global desde la l\u00f3gica de inverse innovation (innovaci\u00f3n inversa, como a contramano de la historia) un t\u00e9rmino acu\u00f1ado por Agnes Binagwaho ex Ministra de Salud de Rwanda y profesora de Harvard para tratar de mostrar buenas pr\u00e1cticas desde abajo. Vaya si las tenemos, sin ir mucho m\u00e1s lejos el abordaje que nuestro pa\u00eds, y en particular la Provincia de Buenos Aires, llev\u00f3 adelante para enfrentar la pandemia con perspectiva de equidad. A diferencia del mundo en el cual la pandemia profundiz\u00f3 las inequidades, en los barrios populares de nuestra provincia no se encontr\u00f3 exceso de mortalidad y las tasas de vacunaci\u00f3n analizando por quintiles de ingreso no mostraron pr\u00e1cticamente diferencias.<\/em><\/p>\n\n\n\n<p><em>Vale destacar este liderazgo asumido por el Gobierno de la India para discutir desaf\u00edos en materia sanitaria entre pa\u00edses con similar historia en t\u00e9rminos de dominaci\u00f3n y colonialismo, desaf\u00edos econ\u00f3micos y sociales similares en muchos casos atravesados por deudas externas impagables, pero con la seguridad de dar esas discusiones desde cada uno de nuestros territorios con una mirada desde el Sur y con solidaridad\u201d.<\/em><\/p>\n\n\n\n<p>Reporte Jonatan Konfino.<\/p>\n","protected":false},"excerpt":{"rendered":"<p>Por Mario Rovere.\u00a0Publicado en Revista Soberan\u00eda Sanitaria Desde esta modesta tribuna expresamos toda nuestra solidaridad con la comunidad terap\u00e9utica de trabajadores y pacientes del Hospital Laura Bonaparte Escalada b\u00e9lica, \u201ces tiempo de mujeres\u201d &nbsp;y la [&hellip;]<\/p>\n","protected":false},"author":2,"featured_media":2534,"comment_status":"closed","ping_status":"open","sticky":false,"template":"","format":"standard","meta":{"footnotes":""},"categories":[123],"tags":[],"class_list":["post-2796","post","type-post","status-publish","format-standard","has-post-thumbnail","hentry","category-salud-internacional"],"_links":{"self":[{"href":"https:\/\/campusff.ms.gba.gov.ar\/comunidaddea-ff\/wp-json\/wp\/v2\/posts\/2796","targetHints":{"allow":["GET"]}}],"collection":[{"href":"https:\/\/campusff.ms.gba.gov.ar\/comunidaddea-ff\/wp-json\/wp\/v2\/posts"}],"about":[{"href":"https:\/\/campusff.ms.gba.gov.ar\/comunidaddea-ff\/wp-json\/wp\/v2\/types\/post"}],"author":[{"embeddable":true,"href":"https:\/\/campusff.ms.gba.gov.ar\/comunidaddea-ff\/wp-json\/wp\/v2\/users\/2"}],"replies":[{"embeddable":true,"href":"https:\/\/campusff.ms.gba.gov.ar\/comunidaddea-ff\/wp-json\/wp\/v2\/comments?post=2796"}],"version-history":[{"count":2,"href":"https:\/\/campusff.ms.gba.gov.ar\/comunidaddea-ff\/wp-json\/wp\/v2\/posts\/2796\/revisions"}],"predecessor-version":[{"id":2800,"href":"https:\/\/campusff.ms.gba.gov.ar\/comunidaddea-ff\/wp-json\/wp\/v2\/posts\/2796\/revisions\/2800"}],"wp:featuredmedia":[{"embeddable":true,"href":"https:\/\/campusff.ms.gba.gov.ar\/comunidaddea-ff\/wp-json\/wp\/v2\/media\/2534"}],"wp:attachment":[{"href":"https:\/\/campusff.ms.gba.gov.ar\/comunidaddea-ff\/wp-json\/wp\/v2\/media?parent=2796"}],"wp:term":[{"taxonomy":"category","embeddable":true,"href":"https:\/\/campusff.ms.gba.gov.ar\/comunidaddea-ff\/wp-json\/wp\/v2\/categories?post=2796"},{"taxonomy":"post_tag","embeddable":true,"href":"https:\/\/campusff.ms.gba.gov.ar\/comunidaddea-ff\/wp-json\/wp\/v2\/tags?post=2796"}],"curies":[{"name":"wp","href":"https:\/\/api.w.org\/{rel}","templated":true}]}}