{"id":2788,"date":"2024-09-19T12:10:54","date_gmt":"2024-09-19T15:10:54","guid":{"rendered":"https:\/\/campusff.ms.gba.gov.ar\/comunidaddea-ff\/?p=2788"},"modified":"2024-09-24T12:13:38","modified_gmt":"2024-09-24T15:13:38","slug":"reporte-de-salud-internacional-27","status":"publish","type":"post","link":"https:\/\/campusff.ms.gba.gov.ar\/comunidaddea-ff\/2024\/09\/19\/reporte-de-salud-internacional-27\/","title":{"rendered":"Reporte de salud internacional #27"},"content":{"rendered":"\n<p><em>Por Mario Rovere.\u00a0<\/em><a href=\"https:\/\/revistasoberaniasanitaria.com.ar\/reporte-de-salud-internacional-27\/\" target=\"_blank\" rel=\"noreferrer noopener\">Publicado en Revista Soberan\u00eda Sanitaria<\/a><\/p>\n\n\n\n<p><strong><em>Venas abiertas y jueces a elecciones: Am\u00e9rica Latina hoy<\/em><\/strong><\/p>\n\n\n\n<p>Los tres d\u00edas de duelo que el gobierno de&nbsp;<strong>Per\u00fa<\/strong>&nbsp;decret\u00f3 por el fallecimiento de Alberto Fujimori expresan el nivel de degradaci\u00f3n del Estado Peruano. Luego de presentarse como un candidato progresista contra Vargas Llosa a comienzos de los 90\u00b4s en menos de dos a\u00f1os despleg\u00f3 gestos contundentes de gobernante aut\u00f3crata. Como no recordar el criminal boicot a las medidas sanitarias de su propio gobierno en plena epidemia de c\u00f3lera comiendo pescado crudo en c\u00e1mara o la disoluci\u00f3n del Congreso de la Naci\u00f3n. Sirvi\u00f3 de pantalla democr\u00e1tica a una dictadura genocida con m\u00e1s de 70.000 fallecidos y su gobierno degrad\u00f3 las instituciones al punto de tener que pedir asilo pol\u00edtico en Jap\u00f3n aun siendo presidente de la Naci\u00f3n. El duelo nacional, califica mas bien a Dina Bohuarte presidenta interina deslegitimada luego de un golpe parlamentario, en un querido pa\u00eds que con decenas de partidos pol\u00edticos no encuentra su camino a la democracia.<\/p>\n\n\n\n<p>La disputa post electoral contin\u00faa en&nbsp;<strong>Venezuela<\/strong>. Lula se reuni\u00f3 el domingo 7 de setiembre con funcionarios de la Canciller\u00eda de Brasil para abordar la delicada situaci\u00f3n de seguridad de la embajada argentina que est\u00e1 bajo protecci\u00f3n brasile\u00f1a y tiene a 6 opositores venezolanos asilados acusados por conspiraci\u00f3n y traici\u00f3n a la patria, entre otros delitos. Lula est\u00e1 tomando cada vez m\u00e1s distancia de Maduro al no haber presentado las actas de la elecci\u00f3n, pero mantiene un fino equilibrio para evitar romper por el temor a que se genere una crisis mayor.&nbsp;<\/p>\n\n\n\n<p>El ACNUR por su parte estima que 7,7 millones de venezolanos han emigrado a una amplia constelaci\u00f3n de pa\u00edses y temen una nueva oleada migratoria.<\/p>\n\n\n\n<p><em>Se puede acceder a la nota completa a trav\u00e9s del\u00a0<a href=\"https:\/\/www.lapoliticaonline.com\/internacionales\/lula-5846\/\" target=\"_blank\" rel=\"noreferrer noopener\">enlace<\/a><\/em><\/p>\n\n\n\n<p><strong><em>Democratizando el poder judicial<\/em>:<\/strong>&nbsp;Hasta ahora se consideraba que Bolivia era el \u00fanico pa\u00eds de Am\u00e9rica Latina que selecciona a las m\u00e1ximas autoridades (26) del \u00d3rgano Judicial y del Tribunal Constitucional por voto popular. Estas elecciones, que ya se dieron en 2011 y 2017, se celebran por voto universal no obligatorio.<\/p>\n\n\n\n<p>En M\u00e9xico, la presidenta electa, Claudia Sheinbaum -que asumir\u00e1 la presidencia el pr\u00f3ximo 1 de octubre- felicit\u00f3 a las y los senadores por la aprobaci\u00f3n de la reforma judicial. Frente a las cr\u00edticas del embajador de EE UU el 4 de septiembre Sheimbaun le replicaba que \u201cEn 43 de los 50 estados de Estados Unidos de Am\u00e9rica se eligen los jueces por voto popular\u201d.<\/p>\n\n\n\n<p><em>\u201cCon la elecci\u00f3n de jueces, magistrados y ministros se fortalecer\u00e1 la impartici\u00f3n de justicia en nuestro pa\u00eds. El r\u00e9gimen de corrupci\u00f3n y privilegios se queda cada d\u00eda m\u00e1s en el pasado y se construye una verdadera democracia y un verdadero Estado de derecho\u201d, afirm\u00f3 en redes sociales\u2026consider\u00f3 positivo que el senador panista Miguel Yunes se pronunciara a favor de la reforma, lo que dio a los senadores del movimiento el voto 86 para la mayor\u00eda calificada\u201d.<\/em><\/p>\n\n\n\n<p><em>Se puede acceder a la nota completa a trav\u00e9s del\u00a0<a href=\"https:\/\/www.jornada.com.mx\/noticia\/2024\/09\/11\/politica\/felicita-sheinbaum-a-senadores-por-aprobacion-de-reforma-judicial-652\" target=\"_blank\" rel=\"noreferrer noopener\">enlace<\/a><\/em><\/p>\n\n\n\n<p><strong><em>HAMLET o como la leche materna no deja de sorprender<\/em><\/strong><\/p>\n\n\n\n<p>Tan compleja como la bioqu\u00edmica de la sangre una serie de recientes investigaciones ha empezado a descubrir cada vez m\u00e1s componentes y mecanismos de protecci\u00f3n en la composici\u00f3n de la leche materna.&nbsp;<em>En los beb\u00e9s puede reducir la inflamaci\u00f3n, matar pat\u00f3genos y mejorar la salud del sistema inmunol\u00f3gico\u2026 algunos componentes de la leche materna ahora se est\u00e1n estudiando como posibles tratamientos para una serie de enfermedades en adultos, incluido el c\u00e1ncer, las enfermedades card\u00edacas, la artritis y el s\u00edndrome del intestino irritable (&nbsp;SII&nbsp;). Es posible que los cient\u00edficos nunca vuelvan a considerar la leche materna de la misma manera.<\/em><\/p>\n\n\n\n<p>Serendipia: &nbsp;la exposici\u00f3n de componentes de leche materna a una placa con c\u00e9lulas de c\u00e1ncer de pulm\u00f3n produjo sorprendentemente la muerte de las mismas lo que se adjudic\u00f3 a una mol\u00e9cula mixta que denominaron HAMLET (Combinaci\u00f3n de &nbsp;alfa-lactoalb\u00famina, una prote\u00edna, y \u00e1cido oleico), desde entonces el componente se ha utilizado con \u00e9xito en algunos c\u00e1nceres como el de vejiga.<\/p>\n\n\n\n<p><em>No son s\u00f3lo las mol\u00e9culas de la leche materna las que podr\u00edan tener beneficios para la salud. Hasta hace unos 15 a\u00f1os, dice el Dr. Azad, se supon\u00eda que la leche materna era en gran parte est\u00e9ril. Pero las herramientas de secuenciaci\u00f3n gen\u00e9tica han revelado que contiene una amplia variedad de bacterias. Algunas, como&nbsp;Bifidobacterium&nbsp;, una bacteria particularmente beneficiosa que puede sobrevivir al viaje al intestino del beb\u00e9, donde fortalecen la barrera intestinal, regulan las respuestas inmunol\u00f3gicas y la inflamaci\u00f3n, y evita que las bacterias pat\u00f3genas se adhieran al revestimiento del intestino. Eso la convierte en una candidata ideal para su uso en probi\u00f3ticos, suplementos bacterianos vivos que se utilizan para remediar el ecosistema intestinal.<\/em><\/p>\n\n\n\n<p><em>Se puede acceder a la nota completa a trav\u00e9s del\u00a0<a href=\"https:\/\/www.economist.com\/science-and-technology\/2024\/09\/11\/breast-milks-benefits-are-not-limited-to-babies\" target=\"_blank\" rel=\"noreferrer noopener\">enlace<\/a><\/em><\/p>\n\n\n\n<p><strong><em>La colocaci\u00f3n del DIU \u00bfes indolora?; no siempre<\/em><\/strong><\/p>\n\n\n\n<p>En el a\u00f1o 2013 una alumna de medicina de la Universidad Nacional de la Matanza, participando de una capacitaci\u00f3n del programa \u201cEllas hacen\u201d afirm\u00f3 respaldada en el material educativo que la colocaci\u00f3n del DIU era indoloro, lo que gener\u00f3 para su sorpresa la respuesta airada de algunas de las mujeres que se encontraban presentes en la actividad.<\/p>\n\n\n\n<p>En Estados Unidos la especialista en salud sexual y reproductiva Christine Henneberg public\u00f3 un ensayo basado en su propia experiencia dedicado a llamar la atenci\u00f3n sobre la escasa sensibilidad de los profesionales de salud sobre esta dimensi\u00f3n del cuidado.&nbsp;<em>Luego de a\u00f1os de desinter\u00e9s el Centro para el Control y la Prevenci\u00f3n de Enfermedades recomend\u00f3, por primera vez, que los profesionales de salud informen a las pacientes sobre el \u201cposible dolor\u201d que puede causar la inserci\u00f3n del DIU. Tambi\u00e9n sugieren que los m\u00e9dicos pueden ofrecer opciones para el manejo del dolor, incluido el uso del anest\u00e9sico local lidoca\u00edna.<\/em><\/p>\n\n\n\n<p>la inserci\u00f3n del DIU puede ser francamente traum\u00e1tica.&nbsp;<em>Cuando el m\u00e9dico le hace creer que la inserci\u00f3n del DIU no le doler\u00e1 y luego le resta importancia al dolor que siente, es&nbsp;<\/em><a href=\"https:\/\/www.washingtonpost.com\/wellness\/2024\/08\/13\/iud-removal-pain\/\"><em>menos probable que esa mujer conf\u00ede en su m\u00e9dico<\/em><\/a><em>&nbsp;en relaci\u00f3n con otros aspectos de su salud reproductiva, incluidos el embarazo y el parto. Las consecuencias son especialmente perjudiciales para las pacientes que tal vez ya tengan&nbsp;<\/em><a href=\"https:\/\/nationalpartnership.org\/report\/black-womens-maternal-health\/\"><em>motivos para desconfiar<\/em><\/a><em>&nbsp;del sistema de atenci\u00f3n sanitaria. La medicina estadounidense tiene una larga historia de&nbsp;<\/em><a href=\"https:\/\/www.guttmacher.org\/sites\/default\/files\/article_files\/gpr170308.pdf\"><em>coerci\u00f3n reproductiva<\/em><\/a><em>&nbsp;y&nbsp;<\/em><a href=\"https:\/\/www.aclu.org\/news\/immigrants-rights\/immigration-detention-and-coerced-sterilization-history-tragically-repeats-itself\"><em>esterilizaci\u00f3n forzada<\/em><\/a><em>&nbsp;de mujeres negras, ind\u00edgenas y encarceladas, una historia de la que nuestras pacientes suelen estar muy al tanto. Cuando los m\u00e9dicos y los responsables de las pol\u00edticas nos lamentamos por la crisis de mortalidad materna en este pa\u00eds (nuestra tasa inaceptablemente alta es aproximadamente&nbsp;<\/em><a href=\"https:\/\/www.cdc.gov\/womens-health\/features\/maternal-mortality.html#:~:text=Black%20women%20are%20three%20times,structural%20racism%2C%20and%20implicit%20bias.\"><em>tres veces mayor<\/em><\/a><em>&nbsp;para las mujeres negras que para las blancas), debemos reconocer que se trata en parte de una crisis de confianza y que somos responsables de ella.<\/em>&nbsp;Para la mayor\u00eda de las mujeres que se colocan el DIU la experiencia constituye una traici\u00f3n a la base de la relaci\u00f3n m\u00e9dico-paciente: la confianza.<\/p>\n\n\n\n<p><em>Se puede acceder a la nota completa a trav\u00e9s del\u00a0<a href=\"https:\/\/www.nytimes.com\/2024\/09\/12\/opinion\/painkillers-wont-fix-iuds\" target=\"_blank\" rel=\"noreferrer noopener\">enlace<\/a><\/em><\/p>\n\n\n\n<p><em>El reporte 27, comenzando el ciclo de su segundo semestre, incluye -e incluir\u00e1 en adelante- las reacciones, comentarios y contribuciones de nuestros lectores y colaboradores al n\u00famero del reporte inmediatamente previo.<\/em><\/p>\n\n\n\n<p><strong><em>NK desgrabaci\u00f3n de MB<\/em><\/strong><\/p>\n\n\n\n<p>El presidente chino, Xi Jinping, pronunci\u00f3 el 5 de septiembre un discurso de apertura en la ceremonia inaugural de la Cumbre 2024 del Foro de Cooperaci\u00f3n China-\u00c1frica.<\/p>\n\n\n\n<p>\u201csexto la acci\u00f3n de asociaci\u00f3n para la salud china est\u00e1 dispuesta a establecer con \u00c1frica una alianza de hospitales y centros m\u00e9dicos conjuntos vamos a enviar a 2000 trabajadores m\u00e9dicos a \u00c1frica y lanzar 20 programas de instalaciones de salud y tratamiento de la malaria vamos a alentar a las empresas chinas a invertir en la producci\u00f3n farmac\u00e9utica de \u00c1frica y seguir ofreciendo ayuda dentro de nuestro alcance a \u00c1frica en respuesta a las epidemias respaldamos el desarrollo del centro para el control y la prevenci\u00f3n de enfermedades de \u00c1frica con vistas a potenciar las capacidades de salud p\u00fablica de todos los pa\u00edses africanos\u201d.<\/p>\n\n\n\n<p><em>Se puede acceder a la nota completa a trav\u00e9s del\u00a0<a href=\"https:\/\/www.youtube.com\/watch?v=JERc97Db6io\" target=\"_blank\" rel=\"noreferrer noopener\">enlace<\/a><\/em><\/p>\n\n\n\n<p><strong><em>RK Comentario referido a un comentario del reporte 26 que menciona que no se combat\u00eda en Europa desde la segunda guerra mundial<\/em>.<\/strong>&nbsp;\u201cEn 1999, la OTAN bombarde\u00f3 durante casi cuatro meses Yugoeslavia siendo una operaci\u00f3n desarrollada por la OTAN sin autorizaci\u00f3n previa del Consejo de Seguridad de y la ONU. Anteriormente en 1995 ya hab\u00edan bombardeado Serbia-Bosnia. Es interesante que en esa oportunidad no llegaron a desplegar fuerzas terrestres que deber\u00edan haber sido norteamericanas, francesas, alemanas y de otros pa\u00edses. El mundo no discut\u00eda el poder y la polaridad hoy parece que s\u00ed. Actualmente los descendientes de la Rus de Kiev de ambos lados por ahora ocupan el lugar actoral principal de la carnicer\u00eda, en Europa (\u00bfO esa regi\u00f3n no es Europa?).<em>&nbsp;Claro que s\u00ed.<\/em><\/p>\n\n\n\n<p>VLC Nos comenta lo riesgoso que puede ser para la pol\u00edtica dom\u00e9stica, el clasificar a la poblaci\u00f3n en situaci\u00f3n de calle como un problema de salud mental. por la posibilidad de respaldar involuntariamente pol\u00edticas que tiendan a psiquiatrizar o peor a\u00fan a regresar a una pol\u00edtica de internaci\u00f3n involuntaria en hospitales monovalentes.\u00a0<em>La cita en el reporte No 26 inclu\u00eda muchas referencias a intervenciones de salud mental pero el comentario es muy pertinente.<\/em><a href=\"https:\/\/revistasoberaniasanitaria.com.ar\/reporte-de-salud-internacional-28\/\"><\/a><\/p>\n","protected":false},"excerpt":{"rendered":"<p>Por Mario Rovere.\u00a0Publicado en Revista Soberan\u00eda Sanitaria Venas abiertas y jueces a elecciones: Am\u00e9rica Latina hoy Los tres d\u00edas de duelo que el gobierno de&nbsp;Per\u00fa&nbsp;decret\u00f3 por el fallecimiento de Alberto Fujimori expresan el nivel de [&hellip;]<\/p>\n","protected":false},"author":2,"featured_media":2534,"comment_status":"closed","ping_status":"open","sticky":false,"template":"","format":"standard","meta":{"footnotes":""},"categories":[123],"tags":[],"class_list":["post-2788","post","type-post","status-publish","format-standard","has-post-thumbnail","hentry","category-salud-internacional"],"_links":{"self":[{"href":"https:\/\/campusff.ms.gba.gov.ar\/comunidaddea-ff\/wp-json\/wp\/v2\/posts\/2788","targetHints":{"allow":["GET"]}}],"collection":[{"href":"https:\/\/campusff.ms.gba.gov.ar\/comunidaddea-ff\/wp-json\/wp\/v2\/posts"}],"about":[{"href":"https:\/\/campusff.ms.gba.gov.ar\/comunidaddea-ff\/wp-json\/wp\/v2\/types\/post"}],"author":[{"embeddable":true,"href":"https:\/\/campusff.ms.gba.gov.ar\/comunidaddea-ff\/wp-json\/wp\/v2\/users\/2"}],"replies":[{"embeddable":true,"href":"https:\/\/campusff.ms.gba.gov.ar\/comunidaddea-ff\/wp-json\/wp\/v2\/comments?post=2788"}],"version-history":[{"count":1,"href":"https:\/\/campusff.ms.gba.gov.ar\/comunidaddea-ff\/wp-json\/wp\/v2\/posts\/2788\/revisions"}],"predecessor-version":[{"id":2789,"href":"https:\/\/campusff.ms.gba.gov.ar\/comunidaddea-ff\/wp-json\/wp\/v2\/posts\/2788\/revisions\/2789"}],"wp:featuredmedia":[{"embeddable":true,"href":"https:\/\/campusff.ms.gba.gov.ar\/comunidaddea-ff\/wp-json\/wp\/v2\/media\/2534"}],"wp:attachment":[{"href":"https:\/\/campusff.ms.gba.gov.ar\/comunidaddea-ff\/wp-json\/wp\/v2\/media?parent=2788"}],"wp:term":[{"taxonomy":"category","embeddable":true,"href":"https:\/\/campusff.ms.gba.gov.ar\/comunidaddea-ff\/wp-json\/wp\/v2\/categories?post=2788"},{"taxonomy":"post_tag","embeddable":true,"href":"https:\/\/campusff.ms.gba.gov.ar\/comunidaddea-ff\/wp-json\/wp\/v2\/tags?post=2788"}],"curies":[{"name":"wp","href":"https:\/\/api.w.org\/{rel}","templated":true}]}}