{"id":2778,"date":"2024-09-14T09:32:13","date_gmt":"2024-09-14T12:32:13","guid":{"rendered":"https:\/\/campusff.ms.gba.gov.ar\/comunidaddea-ff\/?p=2778"},"modified":"2024-09-14T09:47:52","modified_gmt":"2024-09-14T12:47:52","slug":"resumen-semanal-de-radio-floreal-12","status":"publish","type":"post","link":"https:\/\/campusff.ms.gba.gov.ar\/comunidaddea-ff\/2024\/09\/14\/resumen-semanal-de-radio-floreal-12\/","title":{"rendered":"Resumen semanal de Radio Floreal #12"},"content":{"rendered":"\n<p><em>Resumen semanal de Radio Floreal \u2013 Semana 09\/09\/2024<\/em><\/p>\n\n\n\n<p>\u00a1<strong>Te invitamos escuchar los programas de la semana de Radio Floreal<\/strong>!<\/p>\n\n\n\n<p><a href=\"https:\/\/go.ivoox.com\/rf\/133445400\" data-type=\"link\" data-id=\"https:\/\/go.ivoox.com\/rf\/133445400\"><strong>B<\/strong><\/a><a href=\"https:\/\/go.ivoox.com\/rf\/133778237\"><strong>ibliograf\u00eda obligatoria&nbsp;<\/strong>\u2013&nbsp;<strong>Martes 11 AM.&nbsp;<\/strong><\/a> En el mes del estudiante el equipo de <strong>BO<\/strong> recibi\u00f3 a Mariano<br>Cranco, Licenciado y Profesor en Psicolog\u00eda (UBA), para conversar sobre su nuevo libro &#8220;<em>Violencias: familias y escuelas desbordadas<\/em>&#8220;. \u00a1Escucha la nota completa!<\/p>\n\n\n\n<p><a href=\"https:\/\/go.ivoox.com\/rf\/133505043\" data-type=\"link\" data-id=\"https:\/\/go.ivoox.com\/rf\/133505043\"><strong>DiploMate&nbsp;\u2013&nbsp;Mi\u00e9rcoles 11 AM.&nbsp;<\/strong>&nbsp;<\/a> En <strong>DiploMate <\/strong>se abord\u00f3 la Diplomatura Formaci\u00f3n de formadores en docencia e investigaci\u00f3n en servicios de salud \u2013 tercera cohorte 2024. Para ello, se convers\u00f3 con el equipo de la coordinaci\u00f3n acad\u00e9mica: Maria Laura Cuevas , Celia Lis , Ariana Pouchan y Ariadna Pou. \u00a1Enterate m\u00e1s sobre esta Diplo!<\/p>\n\n\n\n<figure class=\"wp-block-gallery has-nested-images columns-default is-cropped wp-block-gallery-1 is-layout-flex wp-block-gallery-is-layout-flex\">\n<figure class=\"wp-block-image size-large\"><img loading=\"lazy\" decoding=\"async\" width=\"1024\" height=\"768\" data-id=\"2779\" src=\"https:\/\/campusff.ms.gba.gov.ar\/comunidaddea-ff\/wp-content\/uploads\/sites\/3\/2024\/09\/IMG_0204-2-1024x768.jpg\" alt=\"\" class=\"wp-image-2779\" srcset=\"https:\/\/campusff.ms.gba.gov.ar\/comunidaddea-ff\/wp-content\/uploads\/sites\/3\/2024\/09\/IMG_0204-2-1024x768.jpg 1024w, https:\/\/campusff.ms.gba.gov.ar\/comunidaddea-ff\/wp-content\/uploads\/sites\/3\/2024\/09\/IMG_0204-2-300x225.jpg 300w, https:\/\/campusff.ms.gba.gov.ar\/comunidaddea-ff\/wp-content\/uploads\/sites\/3\/2024\/09\/IMG_0204-2-768x576.jpg 768w, https:\/\/campusff.ms.gba.gov.ar\/comunidaddea-ff\/wp-content\/uploads\/sites\/3\/2024\/09\/IMG_0204-2-1536x1152.jpg 1536w, https:\/\/campusff.ms.gba.gov.ar\/comunidaddea-ff\/wp-content\/uploads\/sites\/3\/2024\/09\/IMG_0204-2-2048x1536.jpg 2048w, https:\/\/campusff.ms.gba.gov.ar\/comunidaddea-ff\/wp-content\/uploads\/sites\/3\/2024\/09\/IMG_0204-2-205x154.jpg 205w, https:\/\/campusff.ms.gba.gov.ar\/comunidaddea-ff\/wp-content\/uploads\/sites\/3\/2024\/09\/IMG_0204-2-480x360.jpg 480w, https:\/\/campusff.ms.gba.gov.ar\/comunidaddea-ff\/wp-content\/uploads\/sites\/3\/2024\/09\/IMG_0204-2-600x450.jpg 600w\" sizes=\"auto, (max-width: 1024px) 100vw, 1024px\" \/><figcaption class=\"wp-element-caption\">Laura Cuevas y Celia Lis &#8211; Integras de la Diplo de Formaci\u00f3n de Formadores<\/figcaption><\/figure>\n<\/figure>\n\n\n\n<p><\/p>\n\n\n\n<p><a href=\"https:\/\/go.ivoox.com\/rf\/132146744\"><strong>El ba\u00fal de Avicena<\/strong>&nbsp;<strong>(BdA) \u2013<\/strong>&nbsp;<strong>Viernes 11 AM<\/strong>.<\/a><a href=\"https:\/\/go.ivoox.com\/sq\/2370020\">&nbsp;<\/a>&nbsp;El arte y la sexualidad han sido dos hitos claves en la historia de las sociedades, BdA contin\u00faa con el ciclo de arte y sexualidad. Escucha su \u00faltimo programa de la serie: el arte y la sexualidad en el renacimiento.<\/p>\n\n\n\n<p><a href=\"https:\/\/go.ivoox.com\/sq\/2429566\"><strong>Pon\u00e9 REC<\/strong>&nbsp;<\/a>\u2013 Es un programa de radio de la Residencia de Epidemiolog\u00eda de Campo de la Secretar\u00eda de Salud de Bah\u00eda Blanca que se emite por la Radio UNS, emisora de la Universidad Nacional del Sur, los viernes a las 14 hs. Se puede escuchar por la AM 1240 \u00f3 a trav\u00e9s del sitio de la radio&nbsp;<a href=\"https:\/\/radio.uns.edu.ar\/\">https:\/\/radio.uns.edu.ar\/<\/a>.<\/p>\n\n\n\n<p><a href=\"https:\/\/campusff.ms.gba.gov.ar\/comunidaddea-ff\/salud-internacional-en-la-escuela-de-gobierno-en-salud\/\"><strong>Salud Internacional en la Escuela de Gobierno en Salud<\/strong><\/a>&nbsp;\u2013 Boletines semanales con las \u00faltimas novedades sobre <strong>Salud Internacional<\/strong>.&nbsp;<a href=\"https:\/\/go.ivoox.com\/rf\/133510027\">\u00a1Escucha el reporte de la semana (09\/09\/2024)<\/a><\/p>\n","protected":false},"excerpt":{"rendered":"<p>Resumen semanal de Radio Floreal \u2013 Semana 09\/09\/2024 \u00a1Te invitamos escuchar los programas de la semana de Radio Floreal! Bibliograf\u00eda obligatoria&nbsp;\u2013&nbsp;Martes 11 AM.&nbsp; En el mes del estudiante el equipo de BO recibi\u00f3 a MarianoCranco, [&hellip;]<\/p>\n","protected":false},"author":4,"featured_media":2584,"comment_status":"closed","ping_status":"open","sticky":false,"template":"","format":"standard","meta":{"footnotes":""},"categories":[5],"tags":[],"class_list":["post-2778","post","type-post","status-publish","format-standard","has-post-thumbnail","hentry","category-novedades"],"_links":{"self":[{"href":"https:\/\/campusff.ms.gba.gov.ar\/comunidaddea-ff\/wp-json\/wp\/v2\/posts\/2778","targetHints":{"allow":["GET"]}}],"collection":[{"href":"https:\/\/campusff.ms.gba.gov.ar\/comunidaddea-ff\/wp-json\/wp\/v2\/posts"}],"about":[{"href":"https:\/\/campusff.ms.gba.gov.ar\/comunidaddea-ff\/wp-json\/wp\/v2\/types\/post"}],"author":[{"embeddable":true,"href":"https:\/\/campusff.ms.gba.gov.ar\/comunidaddea-ff\/wp-json\/wp\/v2\/users\/4"}],"replies":[{"embeddable":true,"href":"https:\/\/campusff.ms.gba.gov.ar\/comunidaddea-ff\/wp-json\/wp\/v2\/comments?post=2778"}],"version-history":[{"count":3,"href":"https:\/\/campusff.ms.gba.gov.ar\/comunidaddea-ff\/wp-json\/wp\/v2\/posts\/2778\/revisions"}],"predecessor-version":[{"id":2782,"href":"https:\/\/campusff.ms.gba.gov.ar\/comunidaddea-ff\/wp-json\/wp\/v2\/posts\/2778\/revisions\/2782"}],"wp:featuredmedia":[{"embeddable":true,"href":"https:\/\/campusff.ms.gba.gov.ar\/comunidaddea-ff\/wp-json\/wp\/v2\/media\/2584"}],"wp:attachment":[{"href":"https:\/\/campusff.ms.gba.gov.ar\/comunidaddea-ff\/wp-json\/wp\/v2\/media?parent=2778"}],"wp:term":[{"taxonomy":"category","embeddable":true,"href":"https:\/\/campusff.ms.gba.gov.ar\/comunidaddea-ff\/wp-json\/wp\/v2\/categories?post=2778"},{"taxonomy":"post_tag","embeddable":true,"href":"https:\/\/campusff.ms.gba.gov.ar\/comunidaddea-ff\/wp-json\/wp\/v2\/tags?post=2778"}],"curies":[{"name":"wp","href":"https:\/\/api.w.org\/{rel}","templated":true}]}}