{"id":2767,"date":"2024-09-08T09:52:20","date_gmt":"2024-09-08T12:52:20","guid":{"rendered":"https:\/\/campusff.ms.gba.gov.ar\/comunidaddea-ff\/?p=2767"},"modified":"2024-09-14T08:44:57","modified_gmt":"2024-09-14T11:44:57","slug":"resumen-semanal-de-radio-floreal-11","status":"publish","type":"post","link":"https:\/\/campusff.ms.gba.gov.ar\/comunidaddea-ff\/2024\/09\/08\/resumen-semanal-de-radio-floreal-11\/","title":{"rendered":"Resumen semanal de Radio Floreal #11"},"content":{"rendered":"\n<p><em>Resumen semanal de Radio Floreal \u2013 Semana 02\/09\/2024<\/em><\/p>\n\n\n\n<p>\u00a1<strong>Te invitamos escuchar los programas de la semana de Radio Floreal<\/strong>!<\/p>\n\n\n\n<p><a href=\"https:\/\/go.ivoox.com\/rf\/133445404\"><strong>Floreal Mensajero \u2013 Lunes 11 AM.<\/strong>&nbsp;<\/a>&nbsp; \u00a1Volv\u00e9 a escuchar las noticias de la Escuela! Se present\u00f3 un nuevo ciclo que se inaugura pr\u00f3ximamente <em><strong>DERECHOS Y VEJECES: Desocultar para transformar<\/strong><\/em>. Conversamos con parte de su equipo, Matias Duca Director de Prevenci\u00f3n de Enfermedades No Transmisibles del Ministerio de Salud de la Provincia de Buenos Aires y Soledad Grizia Integrante de la Subsecretar\u00eda de DDHH. <\/p>\n\n\n\n<p><a href=\"https:\/\/go.ivoox.com\/rf\/133445400\" data-type=\"link\" data-id=\"https:\/\/go.ivoox.com\/rf\/133445400\"><strong>Bibliograf\u00eda obligatoria&nbsp;<\/strong>\u2013&nbsp;<strong>Martes 11 AM.<\/strong><\/a><a href=\"https:\/\/go.ivoox.com\/rf\/133306405\"><strong>&nbsp;<\/strong><\/a> En el mes del estudiante el equipo de <strong>BO<\/strong> recibi\u00f3 a Luciano Sanguinetti, Licenciado en Comunicaci\u00f3n Social, Decano de la Facultad de Periodismo y Comunicaci\u00f3n Social de la UNLP (1995\/1998) , fundador del canal de televisi\u00f3n de la UNLP (2010\/2014), y autor de varios libros. Conversaron con \u00e9l sobre sus investigaciones y su aporte al campo de la educaci\u00f3n, entre otros temas.<\/p>\n\n\n\n<p><a href=\"https:\/\/go.ivoox.com\/rf\/133505043\" data-type=\"link\" data-id=\"https:\/\/go.ivoox.com\/rf\/133505043\"><strong>DiploMate&nbsp;\u2013&nbsp;Mi\u00e9rcoles 11 AM.&nbsp;<\/strong>&nbsp;<\/a> En <strong>DiploMate <\/strong>se abord\u00f3 la Diplomatura Universitaria en VIH, ITS y Sexualidades: Abordajes situados desde los Derechos Humanos y la Salud Integral, conversamos con su coordinador acad\u00e9mico Lic. Christian Torno.<\/p>\n\n\n\n<figure class=\"wp-block-gallery has-nested-images columns-default is-cropped wp-block-gallery-1 is-layout-flex wp-block-gallery-is-layout-flex\">\n<figure class=\"wp-block-image size-large is-style-default\"><img loading=\"lazy\" decoding=\"async\" width=\"1024\" height=\"768\" data-id=\"2775\" src=\"https:\/\/campusff.ms.gba.gov.ar\/comunidaddea-ff\/wp-content\/uploads\/sites\/3\/2024\/09\/IMG_0111-2-1024x768.jpg\" alt=\"\" class=\"wp-image-2775\" srcset=\"https:\/\/campusff.ms.gba.gov.ar\/comunidaddea-ff\/wp-content\/uploads\/sites\/3\/2024\/09\/IMG_0111-2-1024x768.jpg 1024w, https:\/\/campusff.ms.gba.gov.ar\/comunidaddea-ff\/wp-content\/uploads\/sites\/3\/2024\/09\/IMG_0111-2-300x225.jpg 300w, https:\/\/campusff.ms.gba.gov.ar\/comunidaddea-ff\/wp-content\/uploads\/sites\/3\/2024\/09\/IMG_0111-2-768x576.jpg 768w, https:\/\/campusff.ms.gba.gov.ar\/comunidaddea-ff\/wp-content\/uploads\/sites\/3\/2024\/09\/IMG_0111-2-1536x1152.jpg 1536w, https:\/\/campusff.ms.gba.gov.ar\/comunidaddea-ff\/wp-content\/uploads\/sites\/3\/2024\/09\/IMG_0111-2-2048x1536.jpg 2048w, https:\/\/campusff.ms.gba.gov.ar\/comunidaddea-ff\/wp-content\/uploads\/sites\/3\/2024\/09\/IMG_0111-2-205x154.jpg 205w, https:\/\/campusff.ms.gba.gov.ar\/comunidaddea-ff\/wp-content\/uploads\/sites\/3\/2024\/09\/IMG_0111-2-480x360.jpg 480w, https:\/\/campusff.ms.gba.gov.ar\/comunidaddea-ff\/wp-content\/uploads\/sites\/3\/2024\/09\/IMG_0111-2-600x450.jpg 600w\" sizes=\"auto, (max-width: 1024px) 100vw, 1024px\" \/><figcaption class=\"wp-element-caption\">Christian Torno<\/figcaption><\/figure>\n\n\n\n<figure class=\"wp-block-image size-large\"><img loading=\"lazy\" decoding=\"async\" width=\"591\" height=\"748\" data-id=\"2773\" src=\"https:\/\/campusff.ms.gba.gov.ar\/comunidaddea-ff\/wp-content\/uploads\/sites\/3\/2024\/09\/c884d044-e430-4be3-9dd3-3f2704f55676.jpg\" alt=\"\" class=\"wp-image-2773\" srcset=\"https:\/\/campusff.ms.gba.gov.ar\/comunidaddea-ff\/wp-content\/uploads\/sites\/3\/2024\/09\/c884d044-e430-4be3-9dd3-3f2704f55676.jpg 591w, https:\/\/campusff.ms.gba.gov.ar\/comunidaddea-ff\/wp-content\/uploads\/sites\/3\/2024\/09\/c884d044-e430-4be3-9dd3-3f2704f55676-237x300.jpg 237w, https:\/\/campusff.ms.gba.gov.ar\/comunidaddea-ff\/wp-content\/uploads\/sites\/3\/2024\/09\/c884d044-e430-4be3-9dd3-3f2704f55676-205x259.jpg 205w, https:\/\/campusff.ms.gba.gov.ar\/comunidaddea-ff\/wp-content\/uploads\/sites\/3\/2024\/09\/c884d044-e430-4be3-9dd3-3f2704f55676-480x608.jpg 480w\" sizes=\"auto, (max-width: 591px) 100vw, 591px\" \/><figcaption class=\"wp-element-caption\">Equipo DiploMate<\/figcaption><\/figure>\n<\/figure>\n\n\n\n<p><a href=\"https:\/\/go.ivoox.com\/rf\/132146744\"><strong>El ba\u00fal de Avicena<\/strong>&nbsp;<strong>(BdA) \u2013<\/strong>&nbsp;<strong>Viernes 11 AM<\/strong>.<\/a><a href=\"https:\/\/go.ivoox.com\/sq\/2370020\">&nbsp;<\/a>&nbsp;El arte y la sexualidad han sido dos hitos claves en la historia de las sociedades, BdA contin\u00faa con el ciclo de arte y sexualidad. Escucha su \u00faltimo programa de la serie: el arte y la sexualidad en el renacimiento.<\/p>\n\n\n\n<p><a href=\"https:\/\/go.ivoox.com\/sq\/2429566\"><strong>Pon\u00e9 REC<\/strong>&nbsp;<\/a>\u2013 Es un programa de radio de la Residencia de Epidemiolog\u00eda de Campo de la Secretar\u00eda de Salud de Bah\u00eda Blanca que se emite por la Radio UNS, emisora de la Universidad Nacional del Sur, los viernes a las 14 hs. Se puede escuchar por la AM 1240 \u00f3 a trav\u00e9s del sitio de la radio&nbsp;<a href=\"https:\/\/radio.uns.edu.ar\/\">https:\/\/radio.uns.edu.ar\/<\/a>.<\/p>\n\n\n\n<p><a href=\"https:\/\/campusff.ms.gba.gov.ar\/comunidaddea-ff\/salud-internacional-en-la-escuela-de-gobierno-en-salud\/\"><strong>Salud Internacional en la Escuela de Gobierno en Salud<\/strong><\/a>&nbsp;\u2013 Boletines semanales con las \u00faltimas novedades sobre <strong>Salud Internacional<\/strong>.&nbsp;<a href=\"https:\/\/go.ivoox.com\/rf\/133510027\">\u00a1Escucha su primer reporte de septiembre! (04\/09\/2024)<\/a><\/p>\n","protected":false},"excerpt":{"rendered":"<p>Resumen semanal de Radio Floreal \u2013 Semana 02\/09\/2024 \u00a1Te invitamos escuchar los programas de la semana de Radio Floreal! Floreal Mensajero \u2013 Lunes 11 AM.&nbsp;&nbsp; \u00a1Volv\u00e9 a escuchar las noticias de la Escuela! Se present\u00f3 [&hellip;]<\/p>\n","protected":false},"author":4,"featured_media":2584,"comment_status":"closed","ping_status":"open","sticky":false,"template":"","format":"standard","meta":{"footnotes":""},"categories":[5],"tags":[111,27],"class_list":["post-2767","post","type-post","status-publish","format-standard","has-post-thumbnail","hentry","category-novedades","tag-radio-floreal","tag-salud"],"_links":{"self":[{"href":"https:\/\/campusff.ms.gba.gov.ar\/comunidaddea-ff\/wp-json\/wp\/v2\/posts\/2767","targetHints":{"allow":["GET"]}}],"collection":[{"href":"https:\/\/campusff.ms.gba.gov.ar\/comunidaddea-ff\/wp-json\/wp\/v2\/posts"}],"about":[{"href":"https:\/\/campusff.ms.gba.gov.ar\/comunidaddea-ff\/wp-json\/wp\/v2\/types\/post"}],"author":[{"embeddable":true,"href":"https:\/\/campusff.ms.gba.gov.ar\/comunidaddea-ff\/wp-json\/wp\/v2\/users\/4"}],"replies":[{"embeddable":true,"href":"https:\/\/campusff.ms.gba.gov.ar\/comunidaddea-ff\/wp-json\/wp\/v2\/comments?post=2767"}],"version-history":[{"count":3,"href":"https:\/\/campusff.ms.gba.gov.ar\/comunidaddea-ff\/wp-json\/wp\/v2\/posts\/2767\/revisions"}],"predecessor-version":[{"id":2777,"href":"https:\/\/campusff.ms.gba.gov.ar\/comunidaddea-ff\/wp-json\/wp\/v2\/posts\/2767\/revisions\/2777"}],"wp:featuredmedia":[{"embeddable":true,"href":"https:\/\/campusff.ms.gba.gov.ar\/comunidaddea-ff\/wp-json\/wp\/v2\/media\/2584"}],"wp:attachment":[{"href":"https:\/\/campusff.ms.gba.gov.ar\/comunidaddea-ff\/wp-json\/wp\/v2\/media?parent=2767"}],"wp:term":[{"taxonomy":"category","embeddable":true,"href":"https:\/\/campusff.ms.gba.gov.ar\/comunidaddea-ff\/wp-json\/wp\/v2\/categories?post=2767"},{"taxonomy":"post_tag","embeddable":true,"href":"https:\/\/campusff.ms.gba.gov.ar\/comunidaddea-ff\/wp-json\/wp\/v2\/tags?post=2767"}],"curies":[{"name":"wp","href":"https:\/\/api.w.org\/{rel}","templated":true}]}}