{"id":2765,"date":"2024-09-04T10:18:44","date_gmt":"2024-09-04T13:18:44","guid":{"rendered":"https:\/\/campusff.ms.gba.gov.ar\/comunidaddea-ff\/?p=2765"},"modified":"2024-09-04T10:18:45","modified_gmt":"2024-09-04T13:18:45","slug":"reporte-de-salud-internacional-25","status":"publish","type":"post","link":"https:\/\/campusff.ms.gba.gov.ar\/comunidaddea-ff\/2024\/09\/04\/reporte-de-salud-internacional-25\/","title":{"rendered":"Reporte de salud internacional #25"},"content":{"rendered":"\n<p><em>Por Mario Rovere.\u00a0<a href=\"https:\/\/revistasoberaniasanitaria.com.ar\/reporte-de-salud-internacional-25\/\" target=\"_blank\" rel=\"noreferrer noopener\">Publicado en Revista Soberan\u00eda Sanitaria.<\/a><\/em><\/p>\n\n\n\n<p><strong><em>\u201cLa batalla celeste\u201d ya hab\u00eda sido anunciada<\/em><em>: &nbsp;Homenaje a Leopoldo Marechal<\/em><\/strong><\/p>\n\n\n\n<p>Dejemos para el final la pregunta m\u00e1s inquietante del actual momento hist\u00f3rico: \u00bfhan logrado las \u201credes sociales\u201d cambiar las reglas de las batallas electorales?. El sorprendente conflicto del gobierno de Brasil con Elon Musk as\u00ed parece confirmarlo.<\/p>\n\n\n\n<p>Pero las \u201cbatallas terrestres\u201d contin\u00faan con fuertes novedades en el frente. En Ucrania se festeja el control de una porci\u00f3n del territorio ruso en Kursk con la expectativa de intercambiarlo por la p\u00e9rdida del 19 % del territorio propio y prevenir el desaliento por un retroceso desordenado en el Domb\u00e1s.<\/p>\n\n\n\n<p>Reiterando que \u201ctodo tiene que ver con todo\u201d el Sunday Times de hoy titula en tapa: \u201cla [tasa de] amputaci\u00f3n en los veteranos en Ucrania muestra como los antibi\u00f3ticos est\u00e1n perdiendo le guerra\u201d. Un nuevo frente inesperado de la resistencia antimicrobiana.<\/p>\n\n\n\n<p>En la franja de Gaza la salud, o m\u00e1s bien la enfermedad, tambi\u00e9n meti\u00f3 la cola. La poliomielitis logr\u00f3 lo que otros mediadores (peace makers) no lograron: una tregua para vacunar. Las im\u00e1genes de la CNN del peque\u00f1o &nbsp;Abdul Rahman, nacido durante el conflicto y el temor a una epidemia incontrolable logr\u00f3 lo que hasta ayer parec\u00eda imposible.<\/p>\n\n\n\n<p>Pero si de desastres humanitarios se trata la mirada mundial se traslada ahora al territorio de Sud\u00e1n. Una naci\u00f3n del oeste africano devastada por una guerra civil sin cuartel que amenaza con ser m\u00e1s mort\u00edfera que los otros conflictos abiertos. \u201cThe Economist\u201d lo dimensiona as\u00ed:&nbsp;<em>\u201c<\/em><em>El tercer pa\u00eds m\u00e1s grande de \u00c1frica est\u00e1 en llamas. Su capital ha sido arrasada, tal vez 150.000 personas han sido asesinadas y los cuerpos se amontonan en cementerios improvisados \u200b\u200bvisibles desde el espacio. M\u00e1s de 10 millones de personas, una quinta parte de la poblaci\u00f3n, se han visto obligadas a huir de sus hogares. Se avecina una hambruna que podr\u00eda ser m\u00e1s mort\u00edfera que la de Etiop\u00eda en los a\u00f1os 1980: algunos estiman que 2,5 millones de civiles podr\u00edan morir hasta finales de a\u00f1o\u201d.<\/em><\/p>\n\n\n\n<p>Regresemos a nuestra pregunta inicial. Yanis Varoufakis postula que no&nbsp;<em>avanzamos<\/em>&nbsp;hacia un capitalismo tard\u00edo, sino que&nbsp;<em>retrocedemos<\/em>&nbsp;hacia un tecnofeudalismo (el t\u00edtulo de su \u00faltimo libro). Los se\u00f1ores feudales de hoy como los de ayer desaf\u00edan el poder de los Estados, pero lejos de medir su poder relativo en acres o en hect\u00e1reas lo hacen en dinero y en el control de medios con los que pueden manipular la subjetividad de millones de personas, algo esencial cuando el orden pol\u00edtico depende del voto y el voto depende no solo de las convicciones, sino tambi\u00e9n del humor de les votantes.<\/p>\n\n\n\n<p>Algo as\u00ed se puso de manifiesto a partir de la compra por parte de Elon Musk de la exitosa red Twitter\u201d, El nuevo se\u00f1or feudal ya no simula neutralidad como sus otros competidores; expresa abiertamente sus intenciones de incidir, de inclinar la balanza en las contiendas electorales en funci\u00f3n de sus preferencias e intereses.<\/p>\n\n\n\n<p>Hace d\u00e9cadas que la penetraci\u00f3n de medios viene socavando la soberan\u00eda de los pa\u00edses por lo que la decisi\u00f3n de la Corte Suprema de Brasil, ratificada por el presidente Lula da Silva tiene la virtud de poner de manifiesto una penetraci\u00f3n que se extiende tambi\u00e9n a la red Starlink sospechada hoy por un acuerdo de la \u00e9poca de Bolsonaro de controlar las acciones del ej\u00e9rcito y de los terratenientes en el amplio y disputado territorio del Amazonas.<\/p>\n\n\n\n<p><em>Se puede acceder a la nota completa a trav\u00e9s del\u00a0<a href=\"https:\/\/www.pagina12.com.ar\/763972-expulsada-de-brasil-x-se-va-pero-no-se-resigna\" target=\"_blank\" rel=\"noreferrer noopener\">enlace<\/a><\/em><\/p>\n\n\n\n<p><strong><em>Hemoderivados en el comercio internacional:<\/em><em>&nbsp;\u201cm\u00e1s rentables que el oro\u201d<\/em><\/strong><\/p>\n\n\n\n<p>A pesar de los esc\u00e1ndalos del pasado, por la exportaci\u00f3n de hemoderivados contaminados con VIH a Francia, &nbsp;la donaci\u00f3n de sangre en Estados Unidos, a diferencia del resto del mundo, se contin\u00faa pagando y a partir de la plasmaf\u00e9resis que permite extracciones m\u00e1s frecuentes en la misma persona puede resultar adicionalmente en una atractiva fuente de ingresos, aunque sesgue el pool de donantes a grupos de riesgo (personas en situaci\u00f3n de c\u00e1rcel, homeless, etc.).<\/p>\n\n\n\n<p>Lo notable es que el plasma y sus subproductos est\u00e1n escalando hasta transformarse en una commodity del comercio internacional. Durante el 2023&nbsp;<em>\u201clas exportaciones estadounidenses de productos sangu\u00edneos representaron el 1,8% de las exportaciones totales de bienes del pa\u00eds, frente a apenas el 0,5% hace una d\u00e9cada, y ascendieron a 37.000 millones de d\u00f3lares. Eso convierte a la sangre en el noveno producto de exportaci\u00f3n m\u00e1s importante del pa\u00eds, por delante del carb\u00f3n y del oro. En total, Estados Unidos suministra ahora aproximadamente el 70% del plasma que se utiliza&nbsp;<\/em>[en el mundo]<em>&nbsp;para fabricar medicamentos\u201d<\/em>.<\/p>\n\n\n\n<p><em>Se puede acceder a la nota completa a trav\u00e9s del\u00a0<a href=\"https:\/\/www.economist.com\/finance-and-economics\/2024\/08\/29\/the-plasma-trade-is-becoming-ever-more-hypocritical\" target=\"_blank\" rel=\"noreferrer noopener\">enlace<\/a><\/em><\/p>\n\n\n\n<p><strong><em>El temible Sars-Cov 2<\/em><em>&nbsp;\u00bfest\u00e1 en el pasado?<\/em><\/strong><\/p>\n\n\n\n<p>No parece, al menos por mediciones en Estados Unidos en donde sorprendi\u00f3 un brote en pleno verano y en donde al igual que en otros pa\u00edses se ha debilitado el seguimiento epidemiol\u00f3gico, en las personas. Sin embargo, la vigilancia contin\u00faa ahora con nuevas estrategias para detectar los virus en las aguas residuales.<\/p>\n\n\n\n<p><em>\u00abSe trata de un aumento muy significativo. Los niveles son muy altos. Son los m\u00e1s altos que hemos registrado durante una oleada de verano<\/em>\u00ab, afirm\u00f3 la Dra. Marlene Wolfe, profesora adjunta de Salud Medioambiental y Salud P\u00fablica en la Universidad de Emory y directora del programa WastewaterSCAN.&nbsp;<em>\u00abAhora mismo estamos detectando SARS-CoV-2 en el 100% de nuestras muestras en todo el pa\u00eds\u00bb.<\/em><\/p>\n\n\n\n<p><em>Se puede acceder a la nota completa a trav\u00e9s del\u00a0<a href=\"https:\/\/cnnespanol.cnn.com\/2024\/08\/16\/estados-unidos-mayor-oleada-covid-19-verano-dos-anos-trax\/\" target=\"_blank\" rel=\"noreferrer noopener\">enlace<\/a><\/em><\/p>\n\n\n\n<p><strong><em>Salud Internacional<\/em><em>&nbsp;o un cuestionamiento a la neutralidad de \u201cla salud global\u201d<\/em><\/strong><\/p>\n\n\n\n<p>Agradeciendo que en la continuidad de este reporte van surgiendo colaboradores ayudando a explorar fuentes menos accesibles o que pasan inadvertidas, accedimos a una extensa y fundamentada nota Daniel Krugman y colaboradores de mayo de este a\u00f1o<\/p>\n\n\n\n<p><em>.<\/em><em>&nbsp;el campo que com\u00fanmente se conoce como \u201csalud global\u201d o \u201csalud p\u00fablica global\u201d ha hecho lo que mejor sabe hacer en momentos de crisis pol\u00edticas: gestos superficiales y exhibiciones de falsa neutralidad\u2026.<\/em>&nbsp;<em>Tres de las revistas m\u00e9dicas m\u00e1s importantes del mundo \u2014BMJ, The Lancet y JAMA\u2014 han publicado editoriales que deshistorizan el conflicto, restan importancia a las atrocidades que se est\u00e1n cometiendo y\/o culpan a los palestinos de sus propias muertes en masa.<\/em><\/p>\n\n\n\n<p>Identifican en el art\u00edculo que&nbsp;<em>\u201cun art\u00edculo en JAMA cuestionaba si los profesionales de la salud tienen la responsabilidad de hablar sobre el asesinato sistem\u00e1tico y generalizado de personas mediante bombardeos, hambruna intencional y propagaci\u00f3n de enfermedades\u2026\u201d.<\/em><\/p>\n\n\n\n<p>Daniel Krugman es un antrop\u00f3logo m\u00e9dico y ling\u00fc\u00edstico su proyecto actual examina el movimiento de \u201cdescolonizaci\u00f3n de la salud global\u201d. Brown University<\/p>\n\n\n\n<p><em>Se puede acceder a la nota completa a trav\u00e9s del\u00a0<a href=\"https:\/\/medium.com\/@daniel_krugman\/we-do-not-deserve-to-be-called-global-health-d894c73cd36b\" target=\"_blank\" rel=\"noreferrer noopener\">enlace<\/a><\/em><\/p>\n","protected":false},"excerpt":{"rendered":"<p>Por Mario Rovere.\u00a0Publicado en Revista Soberan\u00eda Sanitaria. \u201cLa batalla celeste\u201d ya hab\u00eda sido anunciada: &nbsp;Homenaje a Leopoldo Marechal Dejemos para el final la pregunta m\u00e1s inquietante del actual momento hist\u00f3rico: \u00bfhan logrado las \u201credes sociales\u201d [&hellip;]<\/p>\n","protected":false},"author":2,"featured_media":2534,"comment_status":"closed","ping_status":"open","sticky":false,"template":"","format":"standard","meta":{"footnotes":""},"categories":[123],"tags":[],"class_list":["post-2765","post","type-post","status-publish","format-standard","has-post-thumbnail","hentry","category-salud-internacional"],"_links":{"self":[{"href":"https:\/\/campusff.ms.gba.gov.ar\/comunidaddea-ff\/wp-json\/wp\/v2\/posts\/2765","targetHints":{"allow":["GET"]}}],"collection":[{"href":"https:\/\/campusff.ms.gba.gov.ar\/comunidaddea-ff\/wp-json\/wp\/v2\/posts"}],"about":[{"href":"https:\/\/campusff.ms.gba.gov.ar\/comunidaddea-ff\/wp-json\/wp\/v2\/types\/post"}],"author":[{"embeddable":true,"href":"https:\/\/campusff.ms.gba.gov.ar\/comunidaddea-ff\/wp-json\/wp\/v2\/users\/2"}],"replies":[{"embeddable":true,"href":"https:\/\/campusff.ms.gba.gov.ar\/comunidaddea-ff\/wp-json\/wp\/v2\/comments?post=2765"}],"version-history":[{"count":1,"href":"https:\/\/campusff.ms.gba.gov.ar\/comunidaddea-ff\/wp-json\/wp\/v2\/posts\/2765\/revisions"}],"predecessor-version":[{"id":2766,"href":"https:\/\/campusff.ms.gba.gov.ar\/comunidaddea-ff\/wp-json\/wp\/v2\/posts\/2765\/revisions\/2766"}],"wp:featuredmedia":[{"embeddable":true,"href":"https:\/\/campusff.ms.gba.gov.ar\/comunidaddea-ff\/wp-json\/wp\/v2\/media\/2534"}],"wp:attachment":[{"href":"https:\/\/campusff.ms.gba.gov.ar\/comunidaddea-ff\/wp-json\/wp\/v2\/media?parent=2765"}],"wp:term":[{"taxonomy":"category","embeddable":true,"href":"https:\/\/campusff.ms.gba.gov.ar\/comunidaddea-ff\/wp-json\/wp\/v2\/categories?post=2765"},{"taxonomy":"post_tag","embeddable":true,"href":"https:\/\/campusff.ms.gba.gov.ar\/comunidaddea-ff\/wp-json\/wp\/v2\/tags?post=2765"}],"curies":[{"name":"wp","href":"https:\/\/api.w.org\/{rel}","templated":true}]}}