{"id":2756,"date":"2024-08-31T18:02:30","date_gmt":"2024-08-31T21:02:30","guid":{"rendered":"https:\/\/campusff.ms.gba.gov.ar\/comunidaddea-ff\/?p=2756"},"modified":"2024-08-31T18:07:25","modified_gmt":"2024-08-31T21:07:25","slug":"resumen-semanal-de-radio-floreal-10","status":"publish","type":"post","link":"https:\/\/campusff.ms.gba.gov.ar\/comunidaddea-ff\/2024\/08\/31\/resumen-semanal-de-radio-floreal-10\/","title":{"rendered":"Resumen semanal de Radio Floreal #10"},"content":{"rendered":"\n<p><em>Resumen semanal de Radio Floreal \u2013 Semana 26\/08\/2024<\/em><\/p>\n\n\n\n<p>\u00a1<strong>Te invitamos escuchar los programas de la semana de Radio Floreal<\/strong>!<\/p>\n\n\n\n<p><a href=\"https:\/\/go.ivoox.com\/rf\/133165086\"><strong>Floreal Mensajero \u2013 Lunes 11 AM.<\/strong>&nbsp;<\/a>&nbsp;En &#8220;Floreal Mensajero&#8221; abordamos el D\u00eda Nacional por una Argentina sin Chagas, que se conmemora desde 2011 el \u00faltimo viernes de agosto. Adem\u00e1s, celebramos el D\u00eda Internacional contra el Dengue y el D\u00eda Nacional del Vacunador y la Vacunadora. Y por \u00faltimo, desarrollamos nuestra secci\u00f3n Hacer Escuela con las \u00faltimas noticias de la Escuela de Gobierno. <\/p>\n\n\n\n<p><a href=\"https:\/\/go.ivoox.com\/rf\/133306405\"><strong>Bibliograf\u00eda obligatoria&nbsp;<\/strong>\u2013&nbsp;<strong>Martes 11 AM.&nbsp;<\/strong><\/a>&nbsp;El equipo de Bibliograf\u00eda convers\u00f3 con Gerardo Tassara,  Responsable editorial y de gesti\u00f3n integral de la Editorial UNICEN (Universidad Nacional del Centro de PBA) con sede central en Tandil y las sedes de Azul y Olavarr\u00eda, as\u00ed como una subsede en Quequ\u00e9n. \u00a1Escucha la nota completa! <\/p>\n\n\n\n<p><strong><a href=\"https:\/\/go.ivoox.com\/rf\/133306471\">DiploMate&nbsp;\u2013&nbsp;Mi\u00e9rcoles 11 AM.&nbsp;<\/a><\/strong>&nbsp;Continuamos conociendo Diplomaturas, y esta vez lleg\u00f3 el turno de la Diplomatura en Atenci\u00f3n Primaria de la Salud y Salud Comunitaria. Es por eso que dialogamos con una de sus coordinadoras Ver\u00f3nica Gonz\u00e1lez Mart\u00ednez, quien tambi\u00e9n es Directora de Investigaci\u00f3n y Cooperaci\u00f3n T\u00e9cnica. <\/p>\n\n\n\n<figure class=\"wp-block-gallery has-nested-images columns-default is-cropped wp-block-gallery-1 is-layout-flex wp-block-gallery-is-layout-flex\">\n<figure class=\"wp-block-image size-full is-style-default\"><img loading=\"lazy\" decoding=\"async\" width=\"2560\" height=\"1557\" data-id=\"2759\" src=\"https:\/\/campusff.ms.gba.gov.ar\/comunidaddea-ff\/wp-content\/uploads\/sites\/3\/2024\/08\/Imagen-de-WhatsApp-2024-08-30-a-las-11.23.40_b9782ba8-2-scaled.jpg\" alt=\"\" class=\"wp-image-2759\" srcset=\"https:\/\/campusff.ms.gba.gov.ar\/comunidaddea-ff\/wp-content\/uploads\/sites\/3\/2024\/08\/Imagen-de-WhatsApp-2024-08-30-a-las-11.23.40_b9782ba8-2-scaled.jpg 2560w, https:\/\/campusff.ms.gba.gov.ar\/comunidaddea-ff\/wp-content\/uploads\/sites\/3\/2024\/08\/Imagen-de-WhatsApp-2024-08-30-a-las-11.23.40_b9782ba8-2-300x182.jpg 300w, https:\/\/campusff.ms.gba.gov.ar\/comunidaddea-ff\/wp-content\/uploads\/sites\/3\/2024\/08\/Imagen-de-WhatsApp-2024-08-30-a-las-11.23.40_b9782ba8-2-1024x623.jpg 1024w, https:\/\/campusff.ms.gba.gov.ar\/comunidaddea-ff\/wp-content\/uploads\/sites\/3\/2024\/08\/Imagen-de-WhatsApp-2024-08-30-a-las-11.23.40_b9782ba8-2-768x467.jpg 768w, https:\/\/campusff.ms.gba.gov.ar\/comunidaddea-ff\/wp-content\/uploads\/sites\/3\/2024\/08\/Imagen-de-WhatsApp-2024-08-30-a-las-11.23.40_b9782ba8-2-1536x934.jpg 1536w, https:\/\/campusff.ms.gba.gov.ar\/comunidaddea-ff\/wp-content\/uploads\/sites\/3\/2024\/08\/Imagen-de-WhatsApp-2024-08-30-a-las-11.23.40_b9782ba8-2-2048x1245.jpg 2048w, https:\/\/campusff.ms.gba.gov.ar\/comunidaddea-ff\/wp-content\/uploads\/sites\/3\/2024\/08\/Imagen-de-WhatsApp-2024-08-30-a-las-11.23.40_b9782ba8-2-205x125.jpg 205w, https:\/\/campusff.ms.gba.gov.ar\/comunidaddea-ff\/wp-content\/uploads\/sites\/3\/2024\/08\/Imagen-de-WhatsApp-2024-08-30-a-las-11.23.40_b9782ba8-2-480x292.jpg 480w\" sizes=\"auto, (max-width: 2560px) 100vw, 2560px\" \/><figcaption class=\"wp-element-caption\">Ver\u00f3nica Gonz\u00e1lez Mart\u00ednez,<br> Directora de Investigaci\u00f3n y Cooperaci\u00f3n T\u00e9cnica. <\/figcaption><\/figure>\n<\/figure>\n\n\n\n<p><\/p>\n\n\n\n<p><a href=\"https:\/\/go.ivoox.com\/rf\/132146744\"><strong>El ba\u00fal de Avicena<\/strong>&nbsp;<strong>(BdA) \u2013<\/strong>&nbsp;<strong>Viernes 11 AM<\/strong>.<\/a><a href=\"https:\/\/go.ivoox.com\/sq\/2370020\">&nbsp;<\/a>&nbsp;El arte y la sexualidad han sido dos hitos claves en la historia de las sociedades, BdA contin\u00faa con el ciclo de arte y sexualidad. Escucha su \u00faltimo programa de la serie: el arte y la sexualidad en el renacimiento.<\/p>\n\n\n\n<p><a href=\"https:\/\/go.ivoox.com\/sq\/2429566\"><strong>Pon\u00e9 REC<\/strong>&nbsp;<\/a>\u2013 Es un programa de radio de la Residencia de Epidemiolog\u00eda de Campo de la Secretar\u00eda de Salud de Bah\u00eda Blanca que se emite por la Radio UNS, emisora de la Universidad Nacional del Sur, los viernes a las 14 hs. Se puede escuchar por la AM 1240 \u00f3 a trav\u00e9s del sitio de la radio&nbsp;<a href=\"https:\/\/radio.uns.edu.ar\/\">https:\/\/radio.uns.edu.ar\/<\/a>.<\/p>\n\n\n\n<p><a href=\"https:\/\/campusff.ms.gba.gov.ar\/comunidaddea-ff\/salud-internacional-en-la-escuela-de-gobierno-en-salud\/\"><strong>Salud Internacional en la Escuela de Gobierno en Salud<\/strong><\/a>&nbsp;\u2013 Boletines semanales con las \u00faltimas novedades sobre Salud Internacional.&nbsp;<a href=\"https:\/\/go.ivoox.com\/rf\/133293664\">\u00a1Escucha el \u00faltimo reporte de agosto! (24\/08\/2024)<\/a><\/p>\n","protected":false},"excerpt":{"rendered":"<p>Resumen semanal de Radio Floreal \u2013 Semana 26\/08\/2024 \u00a1Te invitamos escuchar los programas de la semana de Radio Floreal! Floreal Mensajero \u2013 Lunes 11 AM.&nbsp;&nbsp;En &#8220;Floreal Mensajero&#8221; abordamos el D\u00eda Nacional por una Argentina sin [&hellip;]<\/p>\n","protected":false},"author":4,"featured_media":2584,"comment_status":"closed","ping_status":"open","sticky":false,"template":"","format":"standard","meta":{"footnotes":""},"categories":[5],"tags":[],"class_list":["post-2756","post","type-post","status-publish","format-standard","has-post-thumbnail","hentry","category-novedades"],"_links":{"self":[{"href":"https:\/\/campusff.ms.gba.gov.ar\/comunidaddea-ff\/wp-json\/wp\/v2\/posts\/2756","targetHints":{"allow":["GET"]}}],"collection":[{"href":"https:\/\/campusff.ms.gba.gov.ar\/comunidaddea-ff\/wp-json\/wp\/v2\/posts"}],"about":[{"href":"https:\/\/campusff.ms.gba.gov.ar\/comunidaddea-ff\/wp-json\/wp\/v2\/types\/post"}],"author":[{"embeddable":true,"href":"https:\/\/campusff.ms.gba.gov.ar\/comunidaddea-ff\/wp-json\/wp\/v2\/users\/4"}],"replies":[{"embeddable":true,"href":"https:\/\/campusff.ms.gba.gov.ar\/comunidaddea-ff\/wp-json\/wp\/v2\/comments?post=2756"}],"version-history":[{"count":4,"href":"https:\/\/campusff.ms.gba.gov.ar\/comunidaddea-ff\/wp-json\/wp\/v2\/posts\/2756\/revisions"}],"predecessor-version":[{"id":2764,"href":"https:\/\/campusff.ms.gba.gov.ar\/comunidaddea-ff\/wp-json\/wp\/v2\/posts\/2756\/revisions\/2764"}],"wp:featuredmedia":[{"embeddable":true,"href":"https:\/\/campusff.ms.gba.gov.ar\/comunidaddea-ff\/wp-json\/wp\/v2\/media\/2584"}],"wp:attachment":[{"href":"https:\/\/campusff.ms.gba.gov.ar\/comunidaddea-ff\/wp-json\/wp\/v2\/media?parent=2756"}],"wp:term":[{"taxonomy":"category","embeddable":true,"href":"https:\/\/campusff.ms.gba.gov.ar\/comunidaddea-ff\/wp-json\/wp\/v2\/categories?post=2756"},{"taxonomy":"post_tag","embeddable":true,"href":"https:\/\/campusff.ms.gba.gov.ar\/comunidaddea-ff\/wp-json\/wp\/v2\/tags?post=2756"}],"curies":[{"name":"wp","href":"https:\/\/api.w.org\/{rel}","templated":true}]}}