{"id":2751,"date":"2024-08-19T11:20:49","date_gmt":"2024-08-19T14:20:49","guid":{"rendered":"https:\/\/campusff.ms.gba.gov.ar\/comunidaddea-ff\/?p=2751"},"modified":"2024-08-28T11:23:22","modified_gmt":"2024-08-28T14:23:22","slug":"reporte-de-salud-internacional-23","status":"publish","type":"post","link":"https:\/\/campusff.ms.gba.gov.ar\/comunidaddea-ff\/2024\/08\/19\/reporte-de-salud-internacional-23\/","title":{"rendered":"Reporte de salud internacional #23"},"content":{"rendered":"\n<p><em>Por Mario Rovere.\u00a0<a href=\"https:\/\/revistasoberaniasanitaria.com.ar\/reporte-de-salud-internacional-23\/\" target=\"_blank\" rel=\"noreferrer noopener\">Publicado en Revista Soberan\u00eda Sanitaria.<\/a><\/em><br><br><strong><em>Una estrategia \u201canti ka-mala\u201d en Estados Unidos, mientras se incrementa el riesgo de conflicto nuclear en el mundo.<\/em><\/strong><\/p>\n\n\n\n<p>En Estados Unidos se abre un escenario m\u00e1s que conocido por estas tierras: el \u00edcono de la prensa amarilla, &nbsp;\u201cNew York Post\u201d -propiedad de Rupert Murdoch, un australiano naturalizado due\u00f1o de la cadena FOX- dedica tapas a denostar a la candidata Kamala Harris con obvios juegos de palabras tales como \u201cKamala KAMELEON\u201d (12 de agosto) aludiendo a su pasado radical, ahora \u201cdisfrazado de centrista\u201d. Sirve como ejes de esa nota los puntos dolorosos para la ultraderecha norteamericana. En su pasado afirman: &nbsp;posicion\u00f3 contra el Fraking, declar\u00f3 \u201cno vamos a tratar a los indocumentados como criminales, elogi\u00f3 los movimientos ecologistas conocidos como \u201cgreen new deal\u201d, descree de la forma como Israel act\u00faa en la franja de Gaza y apoy\u00f3 la campa\u00f1a Medicare para todos de Bernie&nbsp; Sanders. Todos pecados imperdonables.<\/p>\n\n\n\n<p>El s\u00e1bado 17 de agosto el peri\u00f3dico volvi\u00f3 a la carga con una tapa con la palabra KAMUNISM \u201cdevelando\u201d un \u201cavieso\u201d proyecto de \u201ccontrol de precios\u201d de la actual vicepresidenta.<\/p>\n\n\n\n<p>En el frente belico el ingreso. reconocido por Rusia, de tropas ucranianas en territorio propio, en la regi\u00f3n de Kursk, con toma de rehenes, genera esta semana una oleada de triunfalismo ampliamente replicada por la cadena de medios occidentales. La situaci\u00f3n geopol\u00edtica es sin embargo compleja. \u00bfQu\u00e9 pasar\u00eda si Rusia decide utilizar armas no convencionales en su propio territorio?. \u00bfHabilitar\u00eda la posible represalia de la OTAN por el uso de armas nucleares? En todo caso resulta dif\u00edcil creer que una potencia nuclear resignar\u00eda parte de su territorio sin pelear cuando el principal argumento para ingresar a esta guerra era que la OTAN no pudiera colocar misiles que pudieran llegar en minutos a Mosc\u00fa. Perdiendo Kursk la amenaza empeora.<\/p>\n\n\n\n<p>Mientras tanto Eric Calcagno devela el entramado del golpe de Estado en Bangladesh en ese pa\u00eds en donde la selecci\u00f3n argentina de futbol juega de local:&nbsp;<em>\u201cSi hubiese permitido una base norteamericana en St. Martin, todav\u00eda estar\u00eda en el poder\u201d, afirm\u00f3 [<\/em>la derrocada<em>] Hasina. Esa isla comanda la Bah\u00eda de Bengala, que conecta a Jap\u00f3n, China y Corea con el medio oriente, pues domina el estrecho de Malacca. El golpe afecta la \u201dRuta y Franja de la Seda\u201d, aleja a Bangladesh de los BRICS y es una cu\u00f1a entre India y China, que de adversarios quiz\u00e1s ma\u00f1ana ser\u00e1n aliados: nadie quiere una Ucrania a las puertas. La portavoz de la Casa Blanca afirm\u00f3 que los Estados Unidos no tienen nada que ver con \u201cla decisi\u00f3n del pueblo bengal\u00ed\u201d. Pod\u00edan escucharse risitas ahogadas desde la Corporaci\u00f3n Rand hasta en los servicios de inteligencia estadounidense, brit\u00e1nico y sobre todo pakistan\u00ed, que lo vive como una revancha. Son los autores del crimen\u201d<\/em>.<\/p>\n\n\n\n<p><em>Se puede acceder a la nota completa a trav\u00e9s del\u00a0<a href=\"https:\/\/www.tiempoar.com.ar\/ta_article\/golpe-en-bangladesh\/\" target=\"_blank\" rel=\"noreferrer noopener\">enlace<\/a><\/em><\/p>\n\n\n\n<p><strong><em>Y por casa como andamos; Alimentos ultraprocesados \u201chiperpalatables\u201d, (es decir adictivos)<\/em><\/strong><\/p>\n\n\n\n<p>Se multiplican las investigaciones que prueban que la alteraci\u00f3n intencional y rentable de la alimentaci\u00f3n humana viene generando m\u00faltiples da\u00f1os a la salud en todas las etapas del ciclo vital. La definici\u00f3n de alimento ultraprocesado (UPF por sus siglas en ingl\u00e9s) del Clinical Nutrition Journal ayuda a definir y delimitar este problema:<\/p>\n\n\n\n<p><em>\u201cSe trata de formulaciones industriales fabricadas a partir de sustancias derivadas de alimentos o sintetizadas a partir de otras fuentes org\u00e1nicas. Por lo general, contienen poco o nada de alimentos integrales y est\u00e1n listas para consumir o calentar. Suelen tener un alto contenido de grasas, sal o az\u00facar (nutrientes asociados a un mayor riesgo para la salud) y\/o menores cantidades de fibra diet\u00e9tica, prote\u00ednas, micronutrientes y otros compuestos bioactivos (nutrientes u otras sustancias alimentarias asociadas a menores riesgos para la salud). Contienen una variedad de aditivos alimentarios para que los productos finales sean hiperpalatables, altamente rentables y listos para consumir con una vida \u00fatil prolongada. Impulsado por estas caracter\u00edsticas, por el lobby de la industria alimentaria y por estrategias de marketing efectivas, el consumo de UPF ha aumentado dr\u00e1sticamente en todo el mundo y ahora es un componente cada vez m\u00e1s importante en la dieta, que representa m\u00e1s del 50% de la ingesta energ\u00e9tica en muchos pa\u00edses de altos ingresos como Estados Unidos y el Reino Unido\u201d.<\/em><\/p>\n\n\n\n<p>Estudios de gran escala muestran una fuerte asociaci\u00f3n con incrementos significativos a escala poblacional de depresi\u00f3n en todas las edades, de obesidad y de trastornos respiratorios en la infancia.<\/p>\n\n\n\n<p>\u201cA pesar de las regulaciones existentes, las empresas contin\u00faan eludiendo eficazmente las restricciones publicitarias dirigidas a los ni\u00f1os, lo que intensifica el desaf\u00edo de controlar la obesidad infantil. El problema se ve agravado por cuestiones de accesibilidad y asequibilidad de los alimentos saludables, en particular para las familias de bajos ingresos. Esta situaci\u00f3n pone de relieve la necesidad de mejorar las estrategias pol\u00edticas que no s\u00f3lo se centren en controles m\u00e1s estrictos de la publicidad, sino que tambi\u00e9n promuevan la educaci\u00f3n nutricional en las escuelas e iniciativas comunitarias como los huertos comunitarios para fomentar estilos de vida m\u00e1s saludables desde una edad temprana\u201d.<\/p>\n\n\n\n<p><em>Se puede acceder a la nota completa a trav\u00e9s del\u00a0<a href=\"https:\/\/www.thelancet.com\/journals\/lanam\/article\/PIIS2667-193X(24)00130-3\/fulltext?dgcid=raven_jbs_etoc_email\" target=\"_blank\" rel=\"noreferrer noopener\">enlace<\/a><\/em><\/p>\n\n\n\n<p><strong><em>Otro virus salta de especie<\/em><em>: una nueva variante prueba que viruela es viruela<\/em><\/strong><\/p>\n\n\n\n<p>Comenzaremos a familiarizarnos con el t\u00e9rmino \u201cclado\u201d (del griego rama) mientras nos empezamos a preocupar diferencialmente por los rasgos de esta nueva amenaza mundial.<\/p>\n\n\n\n<p>Con epicentro en la Rep\u00fablica del Congo la enfermedad casi triplic\u00f3 su incidencia y su mortalidad comparadas con el a\u00f1o pasado. Diversific\u00e1ndose en varias ramas, del Clado 2 m\u00e1s leve, pasamos al Clado 1 m\u00e1s grave y al Clado 1b m\u00e1s grave a\u00fan que se diferencian en su contagiosidad, en la edad que elige atacar (impacto en la infancia: el 80 % de la mortalidad es en ni\u00f1os y ni\u00f1as) y en su capacidad de matar (letalidad: relaci\u00f3n fallecidos sobre el total de enfermos detectados).<\/p>\n\n\n\n<p>En setiembre del 2023 la rama 1b que a\u00fan no registra casos detectados en Am\u00e9rica cambi\u00f3 el genio epidemiol\u00f3gico en \u00c1frica, pero al registrarse casos nuevos con contacto probado con viajes internacionales en nuestra regi\u00f3n es solo cuesti\u00f3n de tiempo para que se difunda de una forma diferente del brote 2022 muy cercano a una enfermedad de transmisi\u00f3n sexual.<\/p>\n\n\n\n<p>El Director General de la OMS, Dr. Tedros Adhanom Ghebreyesus, ha determinado que el recrudecimiento de la viruela s\u00edmica (mpox) en la Rep\u00fablica Democr\u00e1tica del Congo y en un n\u00famero creciente de pa\u00edses de \u00c1frica constituye una emergencia de salud p\u00fablica de importancia internacional (ESPII) con arreglo al Reglamento Sanitario Internacional.<\/p>\n\n\n\n<p>Mientras tanto sin comunicaci\u00f3n oficial del Ministerio de Salud de la Naci\u00f3n, los medios apelaron al bolet\u00edn epidemiol\u00f3gico de la semana 31 para enterarse que este a\u00f1o se confirmaron cinco casos en Argentina 4 de ellos en las \u00faltimas semanas, tres de ellos con probado v\u00ednculo epidemiol\u00f3gico con viajes o contacto con viajeros a \u00c1frica. Aun sin el bolet\u00edn de la semana 32 este domingo 18 de agosto Infobae cita fuentes ministeriales para notificar que el n\u00famero de casos en nuestro pa\u00eds se increment\u00f3 a 8, es decir con tres casos nuevos confirmados.<\/p>\n","protected":false},"excerpt":{"rendered":"<p>Por Mario Rovere.\u00a0Publicado en Revista Soberan\u00eda Sanitaria. Una estrategia \u201canti ka-mala\u201d en Estados Unidos, mientras se incrementa el riesgo de conflicto nuclear en el mundo. En Estados Unidos se abre un escenario m\u00e1s que conocido [&hellip;]<\/p>\n","protected":false},"author":2,"featured_media":2534,"comment_status":"closed","ping_status":"open","sticky":false,"template":"","format":"standard","meta":{"footnotes":""},"categories":[123],"tags":[],"class_list":["post-2751","post","type-post","status-publish","format-standard","has-post-thumbnail","hentry","category-salud-internacional"],"_links":{"self":[{"href":"https:\/\/campusff.ms.gba.gov.ar\/comunidaddea-ff\/wp-json\/wp\/v2\/posts\/2751","targetHints":{"allow":["GET"]}}],"collection":[{"href":"https:\/\/campusff.ms.gba.gov.ar\/comunidaddea-ff\/wp-json\/wp\/v2\/posts"}],"about":[{"href":"https:\/\/campusff.ms.gba.gov.ar\/comunidaddea-ff\/wp-json\/wp\/v2\/types\/post"}],"author":[{"embeddable":true,"href":"https:\/\/campusff.ms.gba.gov.ar\/comunidaddea-ff\/wp-json\/wp\/v2\/users\/2"}],"replies":[{"embeddable":true,"href":"https:\/\/campusff.ms.gba.gov.ar\/comunidaddea-ff\/wp-json\/wp\/v2\/comments?post=2751"}],"version-history":[{"count":1,"href":"https:\/\/campusff.ms.gba.gov.ar\/comunidaddea-ff\/wp-json\/wp\/v2\/posts\/2751\/revisions"}],"predecessor-version":[{"id":2752,"href":"https:\/\/campusff.ms.gba.gov.ar\/comunidaddea-ff\/wp-json\/wp\/v2\/posts\/2751\/revisions\/2752"}],"wp:featuredmedia":[{"embeddable":true,"href":"https:\/\/campusff.ms.gba.gov.ar\/comunidaddea-ff\/wp-json\/wp\/v2\/media\/2534"}],"wp:attachment":[{"href":"https:\/\/campusff.ms.gba.gov.ar\/comunidaddea-ff\/wp-json\/wp\/v2\/media?parent=2751"}],"wp:term":[{"taxonomy":"category","embeddable":true,"href":"https:\/\/campusff.ms.gba.gov.ar\/comunidaddea-ff\/wp-json\/wp\/v2\/categories?post=2751"},{"taxonomy":"post_tag","embeddable":true,"href":"https:\/\/campusff.ms.gba.gov.ar\/comunidaddea-ff\/wp-json\/wp\/v2\/tags?post=2751"}],"curies":[{"name":"wp","href":"https:\/\/api.w.org\/{rel}","templated":true}]}}