{"id":2749,"date":"2024-08-12T11:16:31","date_gmt":"2024-08-12T14:16:31","guid":{"rendered":"https:\/\/campusff.ms.gba.gov.ar\/comunidaddea-ff\/?p=2749"},"modified":"2024-08-28T11:20:16","modified_gmt":"2024-08-28T14:20:16","slug":"reporte-de-salud-internacional-22","status":"publish","type":"post","link":"https:\/\/campusff.ms.gba.gov.ar\/comunidaddea-ff\/2024\/08\/12\/reporte-de-salud-internacional-22\/","title":{"rendered":"Reporte de salud internacional #22"},"content":{"rendered":"\n<p><em>Por Mario Rovere.\u00a0<a href=\"https:\/\/revistasoberaniasanitaria.com.ar\/reporte-de-salud-internacional-22\/\" target=\"_blank\" rel=\"noreferrer noopener\">Publicado en Revista Soberan\u00eda Sanitaria.<\/a><\/em><br><\/p>\n\n\n\n<p><strong><em>El \u201cpatio trasero\u201d podr\u00eda no serlo tanto.<\/em><\/strong><\/p>\n\n\n\n<p>Durante el \u201cCurso de Formaci\u00f3n Pol\u00edtica\u201d del ICP en la Ciudad de La Plata, Telma Luzzani periodista experta en geopol\u00edtica, cit\u00f3 a Nicholas Spykman, autor de la \u201cTeor\u00eda de la Contenci\u00f3n\u201d un influyente ide\u00f3logo del imperialismo que devel\u00f3 la estrategia de dividir por subregiones a Am\u00e9rica Latina seg\u00fan la cercan\u00eda, aplicando \u201cdiferentes niveles de dureza\u201d y mencion\u00f3 la frase de Hugo Moldiz&nbsp;<em>\u201cEstados Unidos necesita para ser potencia mundial el control social y pol\u00edtico de Am\u00e9rica Latina<\/em>\u201d, por eso, resumi\u00f3,&nbsp;<em>\u201cpara Estados Unidos la integraci\u00f3n de Am\u00e9rica del sur es kryptonita\u201d.<\/em><\/p>\n\n\n\n<p>Mientras tanto Donald Trump que por primera vez est\u00e1 abajo en las encuestas ya mencion\u00f3 su predecible ep\u00edteto sobre Kamala Harris y Tim Waltz su nuevo candidato a vicepresidente;&nbsp;<em>\u201cson comunistas\u201d.<\/em>&nbsp;Espec\u00edficamente sobre Waltz no se ahorr\u00f3 dos comentarios que intentaron ser descalificantes:&nbsp;<em>\u201cest\u00e1 a favor de los transexuales\u201d<\/em>&nbsp;y \u201c<em>cuando era presidente tuve que salvarlo\u201d<\/em>&nbsp;porque manifestantes rodearon su casa y quer\u00edan agredirlo por el confinamiento del SARS Covid; \u201c<em>Les dije que era buena persona (\u00bf?) y los manifestantes -que eran miles- bajaron sus banderas y se fueron\u201d<\/em>.<\/p>\n\n\n\n<p>En Asia una rebeli\u00f3n de base estudiantil, que se cobr\u00f3 al menos 300 v\u00edctimas fatales, termin\u00f3, luego de 15 a\u00f1os en el poder, con el gobierno de la primera ministra bengal\u00ed Sheikh Hasina. Poco se conoce de Bangladesh, un pa\u00eds de 170 millones de habitantes con una muy particular afici\u00f3n por la selecci\u00f3n argentina de futbol. Una adhesi\u00f3n que parece haber nacido durante el mundial de M\u00e9xico de 1986 en donde se interpret\u00f3 el triunfo frente a Inglaterra como una reivindicaci\u00f3n por la guerra de Malvinas. &nbsp;&nbsp;<\/p>\n\n\n\n<p>La expectativa mundial con el nuevo gobierno se acrecent\u00f3 por la llegada como primer ministro interino de Muhammad Yunus un influyente economista, ampliamente conocido a nivel internacional, ganador del premio Nobel por sus estudios y propuestas sobre econom\u00eda popular.<\/p>\n\n\n\n<p>En Venezuela contin\u00faa la tensi\u00f3n poselectoral, pero sin la confrontaci\u00f3n en las calles que era lo que m\u00e1s se tem\u00eda. La tensi\u00f3n se traslad\u00f3 a la Suprema Corte mientras una batalla colateral no deja de sorprender: la intromisi\u00f3n directa de Elon Musk, en la disputa electoral utilizando abiertamente la red X como herramienta para apoyar movimientos, partidos y gobiernos de ultraderecha. &nbsp;No es una denuncia aislada, el gobierno de Gran Breta\u00f1a lo denunci\u00f3 como instigador de la oleada de ataques xen\u00f3fobos de las \u00faltimas semanas.<\/p>\n\n\n\n<p>La agencia NODAL de noticias public\u00f3 en su portal la argumentaci\u00f3n del Gobierno Venezolano:<\/p>\n\n\n\n<p><em>\u201c\u2026tenemos que derrotar el golpe de estado cibern\u00e9tico\u2026haciendo referencia a los due\u00f1os de las redes sociales como Elon Musk y Mark Elliot Zuckerberg. la red social X fue utilizada como plataforma para multiplicar mensajes de odio. \u201cElon Musk ha violado todas las normas de la propia red social X, que antes era Twitter, incitando al odio, al fascismo, a la guerra civil, a la muerte, al enfrentamiento entre los venezolanos violando todas las leyes de Venezuela\u201d, dijo para argumentar su decisi\u00f3n de bloquear por 10 d\u00edas el acceso a la red social de Elon Musk\u201d.<\/em><\/p>\n\n\n\n<p><em>Se puede acceder a la nota completa a trav\u00e9s del\u00a0<a href=\"https:\/\/www.nodal.am\/2024\/08\/venezuela-maduro-auncia-que-conatel-desconectara-la-red-social-x-durante-10-dias\/\" target=\"_blank\" rel=\"noreferrer noopener\">enlace<\/a><\/em><\/p>\n\n\n\n<p><strong><em>Datos que abrir\u00e1n \u201csanas\u201d discusiones<\/em><em>: \u201c\u00bfte puede ir mejor con una m\u00e9dica mujer?\u201d<\/em><\/strong><\/p>\n\n\n\n<p>Una documentada nota de \u201cThe Economist\u201d de esta semana, re\u00fane un conjunto de estudios de gran escala comparando resultados en pacientes seg\u00fan hayan sido tratados por m\u00e9dicas o por m\u00e9dicos encontrando diferencias del orden del 4 % , significativas, dado el enorme tama\u00f1o de las muestras relevadas en diversos estudios desde 2017 a la fecha.<\/p>\n\n\n\n<p>Las explicaciones pueden ser diversas ya que se trata de estudios retrospectivos sobre patolog\u00edas cl\u00ednicas y quir\u00fargicas, pero pueden resultar muy significativas para discutir la Educaci\u00f3n M\u00e9dica de grado y posgrado.<\/p>\n\n\n\n<p><em>\u201cS\u00f3lo en los \u00faltimos 12 meses, dos ex\u00e1menes de aproximadamente 1 mill\u00f3n de pacientes de cirug\u00eda y otro de 2,7 millones de pacientes de gastroenterolog\u00eda en Ontario y uno de 770.000 estadounidenses mayores con problemas m\u00e9dicos han concluido que los pacientes tienen mejores resultados, seg\u00fan diversas mediciones, despu\u00e9s de ser tratados por m\u00e9dicas o cirujanas, o por equipos de anestesistas y cirujanos en los que hay m\u00e1s mujeres\u201d.<\/em><\/p>\n\n\n\n<p><em>Se puede acceder a la nota completa a trav\u00e9s del\u00a0<a href=\"https:\/\/www.economist.com\/science-and-technology\/2024\/08\/07\/do-women-make-better-doctors-than-men\" target=\"_blank\" rel=\"noreferrer noopener\">enlace<\/a><\/em><\/p>\n\n\n\n<p><strong><em>Las vidas salvadas por las vacunas COVID<\/em><\/strong><\/p>\n\n\n\n<p>Un estudio exhaustivo realizado para Europa demuestra que del total de muertes que el virus SARS Covid 19 pudo arrebatar entre 2020 y 2023 las vacunas aplicadas lograron una reducci\u00f3n del 59 %. Esta cifra es superior entre los pa\u00edses que comenzaron antes como Gran Breta\u00f1a, Irlanda, B\u00e9lgica u Holanda y fuera de Europa casos como Israel o Argentina que fue pionero en Am\u00e9rica Latina.<\/p>\n\n\n\n<p>Los datos publicados por la Regional EURO de la Organizaci\u00f3n Mundial de la Salud indican un \u201cahorro\u201d de mortalidad de 1,6 millones de personas sobre 2,2 millones que efectivamente fallecieron. La proyecci\u00f3n de estas proporciones a la Argentina, que estimulan nuevos estudios, permite especular que la precoz y amplia campa\u00f1a de vacunaci\u00f3n pudo haber salvado al menos 97.000 vidas.<\/p>\n\n\n\n<p>La autora del estudio, la Margaux Mesl\u00e9<strong>,<\/strong>&nbsp;afirma que&nbsp;<em>\u00ablos resultados son claros: la vacunaci\u00f3n contra la COVID-19 ha salvado vidas\u00bb\u2026<\/em><em>\u00abSin el enorme esfuerzo de vacunaci\u00f3n, habr\u00edamos visto muchas m\u00e1s familias perdiendo a sus miembros m\u00e1s vulnerables\u00bb.<\/em><\/p>\n\n\n\n<p><em>Se puede acceder a la nota completa a trav\u00e9s del\u00a0<a href=\"https:\/\/www.immedicohospitalario.es\/noticia\/47348\/las-vacunas-contra-la-covid19-salvaron-16-millones-de-vidas-en-europ.html\" target=\"_blank\" rel=\"noreferrer noopener\">enlace<\/a><\/em><\/p>\n\n\n\n<p><em><strong>\u00bfY por casa?: \u00bfComo se dice Medicina General en noruego?<\/strong><\/em><\/p>\n\n\n\n<p>Un reciente trabajo basado en la reutilizaci\u00f3n de un censo de salud del 2021 publicado por m\u00e9dicos generalistas de Noruega muestra la importancia central de la medicina general en el acompa\u00f1amiento de pacientes cr\u00f3nicos o con multi-morbilidad (que tambi\u00e9n implica interactuar con demasiados especialistas).<\/p>\n\n\n\n<p><em>\u201cLos pacientes con multimorbilidad enfatizaron la importancia del tiempo dedicado a las consultas, el encuentro con el mismo m\u00e9dico de cabecera, el seguimiento y la calidad de la relaci\u00f3n\u201d<\/em><\/p>\n\n\n\n<p><em>\u201cLos resultados destacan la necesidad de que el sistema de atenci\u00f3n sanitaria proporcione apoyo personalizado a los pacientes con enfermedades cr\u00f3nicas y multimorbilidad. Abordar las necesidades espec\u00edficas de los pacientes con multimorbilidad es un paso fundamental para mejorar la experiencia del paciente y la calidad de la atenci\u00f3n en la pr\u00e1ctica general\u201d.<\/em><\/p>\n\n\n\n<p><em>Se puede acceder a la nota completa a trav\u00e9s del\u00a0<a href=\"https:\/\/bmcprimcare.biomedcentral.com\/articles\/10.1186\/s12875-024-02495-1\" target=\"_blank\" rel=\"noreferrer noopener\">enlace<\/a><\/em><\/p>\n","protected":false},"excerpt":{"rendered":"<p>Por Mario Rovere.\u00a0Publicado en Revista Soberan\u00eda Sanitaria. El \u201cpatio trasero\u201d podr\u00eda no serlo tanto. Durante el \u201cCurso de Formaci\u00f3n Pol\u00edtica\u201d del ICP en la Ciudad de La Plata, Telma Luzzani periodista experta en geopol\u00edtica, cit\u00f3 [&hellip;]<\/p>\n","protected":false},"author":2,"featured_media":2534,"comment_status":"closed","ping_status":"open","sticky":false,"template":"","format":"standard","meta":{"footnotes":""},"categories":[123],"tags":[],"class_list":["post-2749","post","type-post","status-publish","format-standard","has-post-thumbnail","hentry","category-salud-internacional"],"_links":{"self":[{"href":"https:\/\/campusff.ms.gba.gov.ar\/comunidaddea-ff\/wp-json\/wp\/v2\/posts\/2749","targetHints":{"allow":["GET"]}}],"collection":[{"href":"https:\/\/campusff.ms.gba.gov.ar\/comunidaddea-ff\/wp-json\/wp\/v2\/posts"}],"about":[{"href":"https:\/\/campusff.ms.gba.gov.ar\/comunidaddea-ff\/wp-json\/wp\/v2\/types\/post"}],"author":[{"embeddable":true,"href":"https:\/\/campusff.ms.gba.gov.ar\/comunidaddea-ff\/wp-json\/wp\/v2\/users\/2"}],"replies":[{"embeddable":true,"href":"https:\/\/campusff.ms.gba.gov.ar\/comunidaddea-ff\/wp-json\/wp\/v2\/comments?post=2749"}],"version-history":[{"count":1,"href":"https:\/\/campusff.ms.gba.gov.ar\/comunidaddea-ff\/wp-json\/wp\/v2\/posts\/2749\/revisions"}],"predecessor-version":[{"id":2750,"href":"https:\/\/campusff.ms.gba.gov.ar\/comunidaddea-ff\/wp-json\/wp\/v2\/posts\/2749\/revisions\/2750"}],"wp:featuredmedia":[{"embeddable":true,"href":"https:\/\/campusff.ms.gba.gov.ar\/comunidaddea-ff\/wp-json\/wp\/v2\/media\/2534"}],"wp:attachment":[{"href":"https:\/\/campusff.ms.gba.gov.ar\/comunidaddea-ff\/wp-json\/wp\/v2\/media?parent=2749"}],"wp:term":[{"taxonomy":"category","embeddable":true,"href":"https:\/\/campusff.ms.gba.gov.ar\/comunidaddea-ff\/wp-json\/wp\/v2\/categories?post=2749"},{"taxonomy":"post_tag","embeddable":true,"href":"https:\/\/campusff.ms.gba.gov.ar\/comunidaddea-ff\/wp-json\/wp\/v2\/tags?post=2749"}],"curies":[{"name":"wp","href":"https:\/\/api.w.org\/{rel}","templated":true}]}}