{"id":2722,"date":"2024-08-17T09:19:13","date_gmt":"2024-08-17T12:19:13","guid":{"rendered":"https:\/\/campusff.ms.gba.gov.ar\/comunidaddea-ff\/?p=2722"},"modified":"2024-08-17T09:22:52","modified_gmt":"2024-08-17T12:22:52","slug":"resumen-semanal-de-radio-floreal-8","status":"publish","type":"post","link":"https:\/\/campusff.ms.gba.gov.ar\/comunidaddea-ff\/2024\/08\/17\/resumen-semanal-de-radio-floreal-8\/","title":{"rendered":"Resumen semanal de Radio Floreal #8"},"content":{"rendered":"\n<p><em>Resumen semanal de Radio Floreal \u2013 Semana 12\/08\/2024<\/em><\/p>\n\n\n\n<p><strong>Volv\u00e9 a escuchar los programas de la semana de Radio Floreal<\/strong><\/p>\n\n\n\n<p><a href=\"https:\/\/go.ivoox.com\/rf\/132765068\"><strong>Floreal Mensajero \u2013 Lunes 11 AM.<\/strong>&nbsp;<\/a>  Desde Floreal Mensajero abordamos el d\u00eda de la y el nutricionista y conversamos con Guadalupe Cavana y Micaela Fiordelli integrantes de la \u201cDirecci\u00f3n de Prevenci\u00f3n de Enfermedades No Transmisibles\u201d. Adem\u00e1s, compartimos junto a Lida Santa Cruz &#8211; Directora de Prevenci\u00f3n de VIH, ITS y Hepatitis&nbsp;Virales- el encuentro intercohortes y entrega de t\u00edtulos 2022 y 2023 de la Diplomatura en VIH, ITS y sexualidades.  <\/p>\n\n\n\n<figure class=\"wp-block-gallery has-nested-images columns-default is-cropped wp-block-gallery-1 is-layout-flex wp-block-gallery-is-layout-flex\"><\/figure>\n\n\n\n<figure class=\"wp-block-gallery has-nested-images columns-default is-cropped wp-block-gallery-2 is-layout-flex wp-block-gallery-is-layout-flex\">\n<figure class=\"wp-block-image size-large\"><img loading=\"lazy\" decoding=\"async\" width=\"1024\" height=\"768\" data-id=\"2727\" src=\"https:\/\/campusff.ms.gba.gov.ar\/comunidaddea-ff\/wp-content\/uploads\/sites\/3\/2024\/08\/IMG_9790-1-1-1024x768.jpg\" alt=\"\" class=\"wp-image-2727\" srcset=\"https:\/\/campusff.ms.gba.gov.ar\/comunidaddea-ff\/wp-content\/uploads\/sites\/3\/2024\/08\/IMG_9790-1-1-1024x768.jpg 1024w, https:\/\/campusff.ms.gba.gov.ar\/comunidaddea-ff\/wp-content\/uploads\/sites\/3\/2024\/08\/IMG_9790-1-1-300x225.jpg 300w, https:\/\/campusff.ms.gba.gov.ar\/comunidaddea-ff\/wp-content\/uploads\/sites\/3\/2024\/08\/IMG_9790-1-1-768x576.jpg 768w, https:\/\/campusff.ms.gba.gov.ar\/comunidaddea-ff\/wp-content\/uploads\/sites\/3\/2024\/08\/IMG_9790-1-1-1536x1152.jpg 1536w, https:\/\/campusff.ms.gba.gov.ar\/comunidaddea-ff\/wp-content\/uploads\/sites\/3\/2024\/08\/IMG_9790-1-1-2048x1536.jpg 2048w, https:\/\/campusff.ms.gba.gov.ar\/comunidaddea-ff\/wp-content\/uploads\/sites\/3\/2024\/08\/IMG_9790-1-1-205x154.jpg 205w, https:\/\/campusff.ms.gba.gov.ar\/comunidaddea-ff\/wp-content\/uploads\/sites\/3\/2024\/08\/IMG_9790-1-1-480x360.jpg 480w, https:\/\/campusff.ms.gba.gov.ar\/comunidaddea-ff\/wp-content\/uploads\/sites\/3\/2024\/08\/IMG_9790-1-1-600x450.jpg 600w\" sizes=\"auto, (max-width: 1024px) 100vw, 1024px\" \/><figcaption class=\"wp-element-caption\">Lida Santa Cruz<br>Directora de Prevenci\u00f3n de VIH, ITS y Hepatitis&nbsp;Virales<\/figcaption><\/figure>\n\n\n\n<figure class=\"wp-block-image size-large\"><img loading=\"lazy\" decoding=\"async\" width=\"1024\" height=\"768\" data-id=\"2728\" src=\"https:\/\/campusff.ms.gba.gov.ar\/comunidaddea-ff\/wp-content\/uploads\/sites\/3\/2024\/08\/IMG_9779-3-1024x768.jpg\" alt=\"\" class=\"wp-image-2728\" srcset=\"https:\/\/campusff.ms.gba.gov.ar\/comunidaddea-ff\/wp-content\/uploads\/sites\/3\/2024\/08\/IMG_9779-3-1024x768.jpg 1024w, https:\/\/campusff.ms.gba.gov.ar\/comunidaddea-ff\/wp-content\/uploads\/sites\/3\/2024\/08\/IMG_9779-3-300x225.jpg 300w, https:\/\/campusff.ms.gba.gov.ar\/comunidaddea-ff\/wp-content\/uploads\/sites\/3\/2024\/08\/IMG_9779-3-768x576.jpg 768w, https:\/\/campusff.ms.gba.gov.ar\/comunidaddea-ff\/wp-content\/uploads\/sites\/3\/2024\/08\/IMG_9779-3-1536x1152.jpg 1536w, https:\/\/campusff.ms.gba.gov.ar\/comunidaddea-ff\/wp-content\/uploads\/sites\/3\/2024\/08\/IMG_9779-3-2048x1536.jpg 2048w, https:\/\/campusff.ms.gba.gov.ar\/comunidaddea-ff\/wp-content\/uploads\/sites\/3\/2024\/08\/IMG_9779-3-205x154.jpg 205w, https:\/\/campusff.ms.gba.gov.ar\/comunidaddea-ff\/wp-content\/uploads\/sites\/3\/2024\/08\/IMG_9779-3-480x360.jpg 480w, https:\/\/campusff.ms.gba.gov.ar\/comunidaddea-ff\/wp-content\/uploads\/sites\/3\/2024\/08\/IMG_9779-3-600x450.jpg 600w\" sizes=\"auto, (max-width: 1024px) 100vw, 1024px\" \/><figcaption class=\"wp-element-caption\">Guadalupe Cavana y Micaela Fiordelli, integrantes de la Direcci\u00f3n de Prevenci\u00f3n de Enfermedades No Transmisibles.<\/figcaption><\/figure>\n<\/figure>\n\n\n\n<p><\/p>\n\n\n\n<p><a href=\"https:\/\/go.ivoox.com\/rf\/132771940\"><strong>Bibliograf\u00eda obligatoria <\/strong>\u2013 <strong>Martes 11 AM. <\/strong>&nbsp;<\/a> Reviv\u00ed la entrevista a Claudia Bang. Es doctora en psicolog\u00eda y participa de diversos colectivos y organizaciones en defensa de la desmanicomializaci\u00f3n y de una atenci\u00f3n digna e integral de los padecimientos mentales en comunidad. <\/p>\n\n\n\n<p><a href=\"https:\/\/go.ivoox.com\/rf\/132146744\"><strong>El ba\u00fal de Avicena<\/strong>&nbsp;<strong>(BdA) \u2013<\/strong>&nbsp;<strong>Viernes 11 AM<\/strong>.<\/a><a href=\"https:\/\/go.ivoox.com\/sq\/2370020\">&nbsp;<\/a>&nbsp;El arte y la sexualidad han sido dos hitos claves en la historia de las sociedades, BdA contin\u00faa con el ciclo de arte y sexualidad. Escucha el sexto programa de esta serie: el arte y la sexualidad en el renacimiento. <\/p>\n\n\n\n<p><a href=\"https:\/\/go.ivoox.com\/rf\/132624818\"><strong>Pon\u00e9 REC<\/strong>&nbsp;<\/a>\u2013 Es un programa de radio de la Residencia de Epidemiolog\u00eda de Campo de la Secretar\u00eda de Salud de Bah\u00eda Blanca que se emite por la Radio UNS, emisora de la Universidad Nacional del Sur, los viernes a las 14 hs. Se puede escuchar por la AM 1240 \u00f3 a trav\u00e9s del sitio de la radio&nbsp;<a href=\"https:\/\/radio.uns.edu.ar\/\">https:\/\/radio.uns.edu.ar\/<\/a>. <\/p>\n\n\n\n<p><a href=\"https:\/\/campusff.ms.gba.gov.ar\/comunidaddea-ff\/salud-internacional-en-la-escuela-de-gobierno-en-salud\/\"><strong>Salud Internacional en la Escuela de Gobierno en Salud<\/strong><\/a> \u2013 Boletines semanales con las \u00faltimas novedades sobre Salud Internacional. <a href=\"https:\/\/go.ivoox.com\/rf\/132867178\">Escucha el reporte de esta semana!<\/a> <\/p>\n","protected":false},"excerpt":{"rendered":"<p>Resumen semanal de Radio Floreal \u2013 Semana 12\/08\/2024 Volv\u00e9 a escuchar los programas de la semana de Radio Floreal Floreal Mensajero \u2013 Lunes 11 AM.&nbsp; Desde Floreal Mensajero abordamos el d\u00eda de la y el [&hellip;]<\/p>\n","protected":false},"author":4,"featured_media":2584,"comment_status":"closed","ping_status":"open","sticky":false,"template":"","format":"standard","meta":{"footnotes":""},"categories":[5],"tags":[22,111,128],"class_list":["post-2722","post","type-post","status-publish","format-standard","has-post-thumbnail","hentry","category-novedades","tag-novedades","tag-radio-floreal","tag-resumen"],"_links":{"self":[{"href":"https:\/\/campusff.ms.gba.gov.ar\/comunidaddea-ff\/wp-json\/wp\/v2\/posts\/2722","targetHints":{"allow":["GET"]}}],"collection":[{"href":"https:\/\/campusff.ms.gba.gov.ar\/comunidaddea-ff\/wp-json\/wp\/v2\/posts"}],"about":[{"href":"https:\/\/campusff.ms.gba.gov.ar\/comunidaddea-ff\/wp-json\/wp\/v2\/types\/post"}],"author":[{"embeddable":true,"href":"https:\/\/campusff.ms.gba.gov.ar\/comunidaddea-ff\/wp-json\/wp\/v2\/users\/4"}],"replies":[{"embeddable":true,"href":"https:\/\/campusff.ms.gba.gov.ar\/comunidaddea-ff\/wp-json\/wp\/v2\/comments?post=2722"}],"version-history":[{"count":4,"href":"https:\/\/campusff.ms.gba.gov.ar\/comunidaddea-ff\/wp-json\/wp\/v2\/posts\/2722\/revisions"}],"predecessor-version":[{"id":2732,"href":"https:\/\/campusff.ms.gba.gov.ar\/comunidaddea-ff\/wp-json\/wp\/v2\/posts\/2722\/revisions\/2732"}],"wp:featuredmedia":[{"embeddable":true,"href":"https:\/\/campusff.ms.gba.gov.ar\/comunidaddea-ff\/wp-json\/wp\/v2\/media\/2584"}],"wp:attachment":[{"href":"https:\/\/campusff.ms.gba.gov.ar\/comunidaddea-ff\/wp-json\/wp\/v2\/media?parent=2722"}],"wp:term":[{"taxonomy":"category","embeddable":true,"href":"https:\/\/campusff.ms.gba.gov.ar\/comunidaddea-ff\/wp-json\/wp\/v2\/categories?post=2722"},{"taxonomy":"post_tag","embeddable":true,"href":"https:\/\/campusff.ms.gba.gov.ar\/comunidaddea-ff\/wp-json\/wp\/v2\/tags?post=2722"}],"curies":[{"name":"wp","href":"https:\/\/api.w.org\/{rel}","templated":true}]}}