{"id":2718,"date":"2024-08-05T07:08:42","date_gmt":"2024-08-05T10:08:42","guid":{"rendered":"https:\/\/campusff.ms.gba.gov.ar\/comunidaddea-ff\/?p=2718"},"modified":"2024-08-12T07:17:54","modified_gmt":"2024-08-12T10:17:54","slug":"reporte-de-salud-internacional-21","status":"publish","type":"post","link":"https:\/\/campusff.ms.gba.gov.ar\/comunidaddea-ff\/2024\/08\/05\/reporte-de-salud-internacional-21\/","title":{"rendered":"Reporte de salud internacional #21"},"content":{"rendered":"\n<p><em>Por Mario Rovere.\u00a0<a href=\"https:\/\/revistasoberaniasanitaria.com.ar\/\" target=\"_blank\" rel=\"noreferrer noopener\">Publicado en Revista Soberan\u00eda Sanitaria.<\/a><\/em><\/p>\n\n\n\n<p><strong>Venezuela vuelve a atraer la mirada del mundo a Am\u00e9rica Latina; \u201cse juega demasiado\u201d<\/strong><\/p>\n\n\n\n<p>Como pronostic\u00e1bamos en el reporte anterior lo \u00fanico seguro de esta elecci\u00f3n era que los resultados no ser\u00edan aceptados. Quiz\u00e1s el l\u00edder de Pink Floyd: Roger Waters lo anticipaba con mayor claridad al incluir los intereses de la petrolera internacional Chevr\u00f3n en su llamado internacional a votar por Maduro. Pero quiz\u00e1s lo mas revelador de esta elecci\u00f3n sea que adem\u00e1s del voto y de la conquista de la calle la pelea y los mecanismos de legitimidad se extiendan a la opini\u00f3n de l\u00edderes mundiales en una suerte de domin\u00f3 donde cada uno mide las palabras gestos y posiciones del otro. \u00bfQu\u00e9 opiniones y posiciones cuentan? \u00bfla de Estados Unidos dubitativa que vir\u00f3 en una semana del reconocimiento a Maduro al reconocimiento a su opositor? \u00bfla de Lula, sumada a la de L\u00f3pez Obrador y de Petro?. \u00bfla de los pa\u00edses europeos? \u00bfla de China, de Rusia o de Ir\u00e1n?.<\/p>\n\n\n\n<p>Quiz\u00e1s lo m\u00e1s llamativo resulta de la alta responsabilidad y de la dificultad de opinar cuando la imagen internacional de Maduro y de Corina Machado se encuentran por el suelo y sus posiciones extremas hacen pensar en un posible enfrentamiento abierto en las calles de Caracas.<\/p>\n\n\n\n<p>Por eso la esperada conferencia en M\u00e9xico de Cristina resulta en una pieza de precisi\u00f3n quir\u00fargica para el estudio de las relaciones internacionales: Est\u00e1 en juego el gobierno de la principal potencia petrolera del planeta, \u201cNo hay \u00e1ngeles ni demonios en Venezuela\u201d. sumado a celebrar \u201cla cort\u00edsima clandestinidad de Corina Machado\u201d, a la solicitud de la transparencia necesaria exponiendo las actas, a la apelaci\u00f3n a honrar \u201cel legado\u201dde Chavez y sobre todo la priorizaci\u00f3n de la construcci\u00f3n de paz, aunada a la justicia -que hizo recordar un lema del Papa Paulo VI; \u201csi quieres la paz, lucha por la justicia\u201d- b\u00e1sicamente para prevenir una escalada del conflicto en las calles.<\/p>\n\n\n\n<p>Pero los pa\u00edses centrales enfrentan sus propios problemas: Como una ilustraci\u00f3n de la dial\u00e9ctica al abrumador triunfo de los laboristas en Gran Breta\u00f1a se le contrapone una exacerbaci\u00f3n de grupos de ultraderecha violentos que a partir del asesinato de tres ni\u00f1as por parte de un adolescente musulm\u00e1n generan disturbios de fuerte motivaci\u00f3n xen\u00f3foba en Manchester y Liverpool. Al choque de grupos de ultraderecha, hooligans y polic\u00edas se le suma la de grupos movilizados que apoyan el multiculturalismo con modales igualmente \u00e1speros.<\/p>\n\n\n\n<p>En Estados Unidos la guerra electoral cambia de eje y aunque retrocede en las encuestas Donald Trump se dirige a denigrar a su oponente no solo por su condici\u00f3n de mujer, como ya hizo con Hillary Clinton, sino intentando sacar directamente a Kamala Harris del ring: <em>\u201cElla no es uno de los nuestros\u201d, \u201csu posicionamiento como afrodescendente es pura conveniencia electoral\u201d,<\/em> Primeras escaramuzas de lo que se anuncia como una verdadera lucha en el barro, en una democracia y en un sistema electoral que perdi\u00f3 las credenciales para presentarse como ejemplo para el mundo.<\/p>\n\n\n\n<p><em>Se puede acceder a la nota completa a trav\u00e9s del\u00a0<a href=\"https:\/\/www.tiempoar.com.ar\/ta_article\/cristina-sobre-venezuela-por-respeto-al-legado-de-chavez-muestren-las-actas\/\" target=\"_blank\" rel=\"noreferrer noopener\">enlace<\/a><\/em><br><\/p>\n\n\n\n<p><strong>Cambio clim\u00e1tico y vectores<\/strong><\/p>\n\n\n\n<p>El incremento temporal y espacial de la presencia de vectores en el planeta estimulado por el cambio clim\u00e1tico no deja de producir sorpresas. Dos nuevos virus se suman a la problem\u00e1tica incrementando las posibilidades que la pr\u00f3xima pandemia llegue de la mano de este mecanismo de transmisi\u00f3n.<\/p>\n\n\n\n<p>En el reporte anterior (20) mencion\u00e1bamos el alerta por la expansi\u00f3n del virus Oropouche sobre el que la OPS el 2 de agosto realiz\u00f3 un nuevo llamado: \u201cHasta finales de julio, en 2024 se han reportado 8.078 casos confirmados de Oropouche en la regi\u00f3n, con dos defunciones. Los casos se distribuyen en cinco pa\u00edses: Bolivia (356 casos), Brasil (7.284 casos, incluyendo dos defunciones), Colombia (74 casos), Cuba (74 casos) y Per\u00fa (290 casos)\u201d.<\/p>\n\n\n\n<p>Pero ahora por su letalidad (superior al 50 %) y por comenzar su despliegue en el pa\u00eds m\u00e1s poblado del mundo, la mirada se posa sobre otro nombre extra\u00f1o: el virus Chandipura. 150 casos de encefalitis en el \u00faltimo mes reportados en Gujarat o Guyarat, sacuden una provincia hind\u00fa, coste\u00f1a sobre el mar ar\u00e1bigo que ya en 2011 contaba con 60,1 millones de habitantes. La sospecha sobre nuestro conocido aedes aegypti como uno de los eficientes agentes transmisores multiplica la preocupaci\u00f3n y revitaliza la necesidad de una estrategia sanitaria basada en saberes entomol\u00f3gicos.<\/p>\n\n\n\n<p>\u00bfSer\u00e1 un enfoque como el de One Health una base adecuada para enfrentar el problema?. EL diagn\u00f3stico del Economic World E\u00f3rum as\u00ed parece justificarlo; \u201c<em>Se prev\u00e9 que para 2050 el cambio clim\u00e1tico causar\u00e1 14,5 millones de muertes y 12,5 billones de d\u00f3lares en p\u00e9rdidas econ\u00f3micas, y los pa\u00edses de ingresos bajos y medios se ver\u00e1n afectados de manera desproporcionada, ya que en los \u00faltimos 20 a\u00f1os han sufrido el 91% de las muertes por fen\u00f3menos relacionados con el clima\u201d.<\/em><\/p>\n\n\n\n<p><em>Se puede acceder a la nota completa a trav\u00e9s del\u00a0<a href=\"https:\/\/www.weforum.org\/agenda\/2024\/07\/one-health-can-help-ease-climate-driven-health-crises\" target=\"_blank\" rel=\"noreferrer noopener\">enlace<\/a><br><\/em><\/p>\n\n\n\n<p><strong>La reducci\u00f3n de la demencia como problema de salud global<\/strong><\/p>\n\n\n\n<p>En 2021 la Organizaci\u00f3n Mundial de la Salud estimaba que \u201c<em>m\u00e1s de 55 millones de personas (el 8,1% de las mujeres y el 5,4% de los hombres mayores de 65 a\u00f1os) viven con&nbsp;<\/em><em>demencia<\/em><em>, 10,3 millones en la Regi\u00f3n de las Am\u00e9ricas. Se calcula que esta cifra aumentar\u00e1 a 78 millones para 2030 y a 139 millones para 2050\u201d.<\/em><\/p>\n\n\n\n<p>La Comisi\u00f3n&nbsp;permanente del <em>Lancet<\/em>&nbsp;sobre la demencia, viene actualizando y priorizando en su informe 2024 <em>\u201clas revisiones sistem\u00e1ticas y los metaan\u00e1lisis y triangulando los hallazgos de diferentes estudios que muestran c\u00f3mo se desarrollan la reserva cognitiva y f\u00edsica a lo largo del ciclo de vida y c\u00f3mo es probable que la reducci\u00f3n del da\u00f1o vascular (por ejemplo, reduciendo el tabaquismo y tratando la presi\u00f3n arterial alta) haya contribuido a una reducci\u00f3n en la incidencia de la demencia relacionada con la edad\u201d.<\/em><\/p>\n\n\n\n<p>Sostiene en su reciente comunicaci\u00f3n que: <em>\u201cCada vez hay m\u00e1s pruebas, y ahora son m\u00e1s s\u00f3lidas que antes, de que abordar los numerosos factores de riesgo de la demencia, es decir, menor educaci\u00f3n, p\u00e9rdida de audici\u00f3n, [y de visi\u00f3n] hipertensi\u00f3n, tabaquismo, obesidad, depresi\u00f3n, inactividad f\u00edsica, diabetes, consumo excesivo de alcohol, lesi\u00f3n cerebral traum\u00e1tica, la contaminaci\u00f3n del aire y el aislamiento social reduce el riesgo de desarrollar demencia\u201d<\/em><\/p>\n\n\n\n<p><em>Se puede acceder a la nota completa a trav\u00e9s del\u00a0<a href=\"https:\/\/www.thelancet.com\/journals\/lancet\/article\/PIIS0140-6736(24)01296-0\/fulltext\" target=\"_blank\" rel=\"noreferrer noopener\">enlace<\/a><\/em><\/p>\n","protected":false},"excerpt":{"rendered":"<p>Por Mario Rovere.\u00a0Publicado en Revista Soberan\u00eda Sanitaria. Venezuela vuelve a atraer la mirada del mundo a Am\u00e9rica Latina; \u201cse juega demasiado\u201d Como pronostic\u00e1bamos en el reporte anterior lo \u00fanico seguro de esta elecci\u00f3n era que [&hellip;]<\/p>\n","protected":false},"author":2,"featured_media":2534,"comment_status":"closed","ping_status":"open","sticky":false,"template":"","format":"standard","meta":{"footnotes":""},"categories":[123],"tags":[],"class_list":["post-2718","post","type-post","status-publish","format-standard","has-post-thumbnail","hentry","category-salud-internacional"],"_links":{"self":[{"href":"https:\/\/campusff.ms.gba.gov.ar\/comunidaddea-ff\/wp-json\/wp\/v2\/posts\/2718","targetHints":{"allow":["GET"]}}],"collection":[{"href":"https:\/\/campusff.ms.gba.gov.ar\/comunidaddea-ff\/wp-json\/wp\/v2\/posts"}],"about":[{"href":"https:\/\/campusff.ms.gba.gov.ar\/comunidaddea-ff\/wp-json\/wp\/v2\/types\/post"}],"author":[{"embeddable":true,"href":"https:\/\/campusff.ms.gba.gov.ar\/comunidaddea-ff\/wp-json\/wp\/v2\/users\/2"}],"replies":[{"embeddable":true,"href":"https:\/\/campusff.ms.gba.gov.ar\/comunidaddea-ff\/wp-json\/wp\/v2\/comments?post=2718"}],"version-history":[{"count":1,"href":"https:\/\/campusff.ms.gba.gov.ar\/comunidaddea-ff\/wp-json\/wp\/v2\/posts\/2718\/revisions"}],"predecessor-version":[{"id":2719,"href":"https:\/\/campusff.ms.gba.gov.ar\/comunidaddea-ff\/wp-json\/wp\/v2\/posts\/2718\/revisions\/2719"}],"wp:featuredmedia":[{"embeddable":true,"href":"https:\/\/campusff.ms.gba.gov.ar\/comunidaddea-ff\/wp-json\/wp\/v2\/media\/2534"}],"wp:attachment":[{"href":"https:\/\/campusff.ms.gba.gov.ar\/comunidaddea-ff\/wp-json\/wp\/v2\/media?parent=2718"}],"wp:term":[{"taxonomy":"category","embeddable":true,"href":"https:\/\/campusff.ms.gba.gov.ar\/comunidaddea-ff\/wp-json\/wp\/v2\/categories?post=2718"},{"taxonomy":"post_tag","embeddable":true,"href":"https:\/\/campusff.ms.gba.gov.ar\/comunidaddea-ff\/wp-json\/wp\/v2\/tags?post=2718"}],"curies":[{"name":"wp","href":"https:\/\/api.w.org\/{rel}","templated":true}]}}