{"id":2713,"date":"2024-08-10T09:59:03","date_gmt":"2024-08-10T12:59:03","guid":{"rendered":"https:\/\/campusff.ms.gba.gov.ar\/comunidaddea-ff\/?p=2713"},"modified":"2024-08-10T10:01:46","modified_gmt":"2024-08-10T13:01:46","slug":"resumen-semanal-de-radio-floreal-7","status":"publish","type":"post","link":"https:\/\/campusff.ms.gba.gov.ar\/comunidaddea-ff\/2024\/08\/10\/resumen-semanal-de-radio-floreal-7\/","title":{"rendered":"Resumen semanal de Radio Floreal #7"},"content":{"rendered":"\n<p><em>Resumen semanal de Radio Floreal \u2013 Semana 05\/08\/2024<\/em><\/p>\n\n\n\n<p><strong>Volv\u00e9 a escuchar los programas de la semana de Radio Floreal<\/strong> <\/p>\n\n\n\n<p><a href=\"https:\/\/go.ivoox.com\/rf\/132658828\" data-type=\"link\" data-id=\"https:\/\/go.ivoox.com\/rf\/132658828\"><strong>Floreal Mensajero \u2013 Lunes 11 AM.<\/strong>&nbsp;<\/a> Alejandra Contrera, integrante de la Direcci\u00f3n Provincial de Equidad de G\u00e9nero en Salud y la Direcci\u00f3n de Maternidad y Salud Perinatal, convers\u00f3 con el equipo de Floreal Mensajero sobre la Semana Mundial de la lactancia bajo el lema de este a\u00f1o <em>\u201cConstruyendo equidad para sostener las lactancias\u201d<\/em>.<\/p>\n\n\n\n<p><a href=\"https:\/\/go.ivoox.com\/rf\/132659052\" data-type=\"link\" data-id=\"https:\/\/go.ivoox.com\/rf\/132659052\"><strong>Bibliograf\u00eda obligatoria <\/strong>\u2013 <strong>Martes 11 AM. <\/strong><\/a>&nbsp;\u00daltima columna del Ciclo de Lectura \u201cLa Belleza de este mundo extra\u00f1o&#8221;, adem\u00e1s escucha la recomendaci\u00f3n literaria en base a Encuesta de Acceso, Uso y Satisfacci\u00f3n con los Servicios de Salud.<\/p>\n\n\n\n<p><a href=\"https:\/\/go.ivoox.com\/rf\/132598574\" data-type=\"link\" data-id=\"https:\/\/go.ivoox.com\/rf\/132598574\"><strong>DiploMate&nbsp;<\/strong>\u2013&nbsp;<strong>Mi\u00e9rcoles 11 AM<\/strong>.<\/a>&nbsp; En DiploMate se realiz\u00f3 un resumen sobre las cinco diplomaturas que pasaron por el programa hasta la fecha. Reviv\u00ed esos momentos!<\/p>\n\n\n\n<p><a href=\"https:\/\/go.ivoox.com\/rf\/132146744\"><strong>El ba\u00fal de Avicena<\/strong>&nbsp;<strong>(BdA) \u2013<\/strong>&nbsp;<strong>Viernes 11 AM<\/strong>.<\/a><a href=\"https:\/\/go.ivoox.com\/sq\/2370020\">&nbsp;<\/a>&nbsp;El arte y la sexualidad han sido dos hitos claves en la historia de las sociedades, BdA contin\u00faa con el ciclo de arte y sexualidad. Escucha la quinta parte de esta serie.<\/p>\n\n\n\n<p><a href=\"https:\/\/go.ivoox.com\/rf\/132624818\"><strong>Pon\u00e9 REC<\/strong>\u00a0<\/a>\u2013 Es un programa de radio de la Residencia de Epidemiolog\u00eda de Campo de la Secretar\u00eda de Salud de Bah\u00eda Blanca que se emite por la Radio UNS, emisora de la Universidad Nacional del Sur, los viernes a las 14 hs. Se puede escuchar por la AM 1240 \u00f3 a trav\u00e9s del sitio de la radio\u00a0<a href=\"https:\/\/radio.uns.edu.ar\/\">https:\/\/radio.uns.edu.ar\/<\/a>. Compartimos su <a href=\"https:\/\/go.ivoox.com\/rf\/132624818\" data-type=\"link\" data-id=\"https:\/\/go.ivoox.com\/rf\/132624818\">programa N\u00b012<\/a> sobre <em>&#8220;Semana mundial de la lactancia humana&#8221;.<\/em><\/p>\n\n\n\n<p><a href=\"https:\/\/campusff.ms.gba.gov.ar\/comunidaddea-ff\/salud-internacional-en-la-escuela-de-gobierno-en-salud\/\"><strong>Salud Internacional en la Escuela de Gobierno en Salud<\/strong><\/a> &#8211; Boletines semanales con las \u00faltimas novedades sobre Salud Internacional. <a href=\"https:\/\/go.ivoox.com\/rf\/132661979?utm_source=embed_podcast_new&amp;utm_medium=share&amp;utm_campaign=new_embeds\">Escucha el reporte de esta semana! <\/a><\/p>\n","protected":false},"excerpt":{"rendered":"<p>Resumen semanal de Radio Floreal \u2013 Semana 05\/08\/2024 Volv\u00e9 a escuchar los programas de la semana de Radio Floreal Floreal Mensajero \u2013 Lunes 11 AM.&nbsp; Alejandra Contrera, integrante de la Direcci\u00f3n Provincial de Equidad de [&hellip;]<\/p>\n","protected":false},"author":4,"featured_media":2584,"comment_status":"closed","ping_status":"open","sticky":false,"template":"","format":"standard","meta":{"footnotes":""},"categories":[5],"tags":[],"class_list":["post-2713","post","type-post","status-publish","format-standard","has-post-thumbnail","hentry","category-novedades"],"_links":{"self":[{"href":"https:\/\/campusff.ms.gba.gov.ar\/comunidaddea-ff\/wp-json\/wp\/v2\/posts\/2713","targetHints":{"allow":["GET"]}}],"collection":[{"href":"https:\/\/campusff.ms.gba.gov.ar\/comunidaddea-ff\/wp-json\/wp\/v2\/posts"}],"about":[{"href":"https:\/\/campusff.ms.gba.gov.ar\/comunidaddea-ff\/wp-json\/wp\/v2\/types\/post"}],"author":[{"embeddable":true,"href":"https:\/\/campusff.ms.gba.gov.ar\/comunidaddea-ff\/wp-json\/wp\/v2\/users\/4"}],"replies":[{"embeddable":true,"href":"https:\/\/campusff.ms.gba.gov.ar\/comunidaddea-ff\/wp-json\/wp\/v2\/comments?post=2713"}],"version-history":[{"count":4,"href":"https:\/\/campusff.ms.gba.gov.ar\/comunidaddea-ff\/wp-json\/wp\/v2\/posts\/2713\/revisions"}],"predecessor-version":[{"id":2717,"href":"https:\/\/campusff.ms.gba.gov.ar\/comunidaddea-ff\/wp-json\/wp\/v2\/posts\/2713\/revisions\/2717"}],"wp:featuredmedia":[{"embeddable":true,"href":"https:\/\/campusff.ms.gba.gov.ar\/comunidaddea-ff\/wp-json\/wp\/v2\/media\/2584"}],"wp:attachment":[{"href":"https:\/\/campusff.ms.gba.gov.ar\/comunidaddea-ff\/wp-json\/wp\/v2\/media?parent=2713"}],"wp:term":[{"taxonomy":"category","embeddable":true,"href":"https:\/\/campusff.ms.gba.gov.ar\/comunidaddea-ff\/wp-json\/wp\/v2\/categories?post=2713"},{"taxonomy":"post_tag","embeddable":true,"href":"https:\/\/campusff.ms.gba.gov.ar\/comunidaddea-ff\/wp-json\/wp\/v2\/tags?post=2713"}],"curies":[{"name":"wp","href":"https:\/\/api.w.org\/{rel}","templated":true}]}}