{"id":2701,"date":"2024-07-29T23:15:00","date_gmt":"2024-07-30T02:15:00","guid":{"rendered":"https:\/\/campusff.ms.gba.gov.ar\/comunidaddea-ff\/?p=2701"},"modified":"2024-08-08T10:44:29","modified_gmt":"2024-08-08T13:44:29","slug":"reporte-de-salud-internacional-20","status":"publish","type":"post","link":"https:\/\/campusff.ms.gba.gov.ar\/comunidaddea-ff\/2024\/07\/29\/reporte-de-salud-internacional-20\/","title":{"rendered":"Reporte de salud internacional #20"},"content":{"rendered":"\n<p><em>Por Mario Rovere.\u00a0<a href=\"https:\/\/revistasoberaniasanitaria.com.ar\/reporte-de-salud-internacional-20\/\" target=\"_blank\" rel=\"noreferrer noopener\">Publicado en Revista Soberan\u00eda Sanitaria.<\/a><\/em><\/p>\n\n\n\n<p><strong><em>\u201cEl mal nunca triunfa; porque si triunfase se llamar\u00eda bien\u201d&nbsp;<\/em>P. Coelho<\/strong><\/p>\n\n\n\n<p>Esta frase refleja adecuadamente el clima de desconcierto que vive la prensa hegem\u00f3nica cada vez que cambia, a ritmo vertiginoso la lista de a qui\u00e9n debe endiosar y a quien debe denostar. Se nota mucho en el tratamiento del atentado que suaviza y victimiza a Donald Trump y en los reflectores puestos sobre Kamala Harris, \u201cla esperanza\u201d, luego de cuatro a\u00f1os de \u201cninguneo\u201d medi\u00e1tico. disimulando sus frases pol\u00edticamente incorrectas como \u201cno permanecer\u00e9 en silencio sobre la magnitud del sufrimiento humano en Gaza\u201d justo cuando Netanyahu realiza una nueva gira por Estados Unidos buscando apoyo del Congreso e incluso del propio Donald Trump. No debe haber salido muy contento ya que Trump le adelant\u00f3 que tiene su propio plan de paz para medio oriente y que solo \u00e9l, ganando, puede detener una tercera guerra mundial.<\/p>\n\n\n\n<p>Los observatorios mundiales minimizaron el masivo sabotaje a la red ferroviaria de alta velocidad previa a la inauguraci\u00f3n de las Olimp\u00edadas en Par\u00eds, pero las vulnerabilidades puestas de manifiesto en un pa\u00eds internamente convulsionado e internacionalmente beligerante como Francia no son para ignorar. Mientras tanto los ojos se centrar\u00e1n este fin de semana en Venezuela en donde se juega un lance electoral que excede los intereses dom\u00e9sticos y se extiende a la arena internacional, el \u00fanico resultado seguro es que los resultados electorales no ser\u00e1n reconocidos por quienes pierdan la elecci\u00f3n.<\/p>\n\n\n\n<p>\u201cEntre la diplomacia y la guerra solo quedan las sanciones comerciales\u201d; as\u00ed titula un extenso informe publicado esta semana por el Washington Post mostrando la extensi\u00f3n y el rendimiento decreciente de esta herramienta a nivel Mundial. Es decir que no solo \u201cel eje del mal\u201d:&nbsp; Cuba, Rusia, China, Corea del Norte, Ir\u00e1n, Venezuela, Afganist\u00e1n y Siria, sino que a lo largo de 6 d\u00e9cadas m\u00e1s de 70 pa\u00edses, -sin contar los innumerables bancos y empresas que comerciaban con ellos-, han sido \u201csancionados\u201d siguiendo prolijamente los intereses geopol\u00edticos y geoecon\u00f3micos de los Estados Unidos y sus aliados. Lo real es que entre la diplomacia y la guerra surgen incesantemente otros nuevos instrumentos tales como el lawfare, la manipulaci\u00f3n electoral con los usos de la big data, los hackeos selectivos, los levantamientos policiales, el linchamiento medi\u00e1tico, los asesinatos de l\u00edderes, los golpes de mercado y tantas otras innumerables herramientas de manipulaci\u00f3n entre las cuales obviamente resulta imposible ignorar las guerras bacteriol\u00f3gicas o microbiol\u00f3gicas. No queda claro si el art\u00edculo denuncia o defiende como mal menor la injerencia, pero en todo caso naturaliza el rol de gendarme del mundo libre que Estados Unidos se autoatribuye.<\/p>\n\n\n\n<p><em>Se puede acceder a la nota completa a trav\u00e9s del&nbsp;<a href=\"https:\/\/diplomatizzando.blogspot.com\/2024\/07\/us-sanctions-accros-globe-washington.html\" target=\"_blank\" rel=\"noreferrer noopener\">enlace<\/a><\/em><\/p>\n\n\n\n<p><strong><em>Hambre siglo XXI: un nuevo llamado \u00e9tico del presidente de Brasil<\/em><\/strong><\/p>\n\n\n\n<p>Como pasando una antorcha intergeneracional, el presidente Lula aprovech\u00f3 la presidencia temporaria del G20 \u00b4para lanzar un llamado mundial en una lucha frontal contra el hambre y contra la evasi\u00f3n fiscal de los super ricos. Lanza al ruedo internacional y se apoya en los estudios sobre inequidad global de un joven economista Gabriel Zucman. Autor entre otras obras del informe mundial sobre desigualdad 2018 es miembro del Wold Inequality Lab.<\/p>\n\n\n\n<p><em>\u201c<\/em><em>El presidente brasile\u00f1o, Luiz In\u00e1cio Lula da Silva, llam\u00f3 el mi\u00e9rcoles a los gobiernos del mundo a adoptar \u201csoluciones duraderas\u201d contra el hambre, en v\u00edsperas de una reuni\u00f3n de ministros de finanzas del G20 en R\u00edo de Janeiro.<\/em><\/p>\n\n\n\n<p><em>\u201cEl hambre es la m\u00e1s degradante de las privaciones humanas\u201d, dijo Lula al anunciar la creaci\u00f3n de la Alianza Global contra el Hambre y la Pobreza.<\/em><\/p>\n\n\n\n<p><em>\u201cEn pleno siglo XXI, nada es m\u00e1s absurdo e inaceptable que la persistencia del hambre y la pobreza\u201d, afirm\u00f3 el mandatario\u2026, visiblemente emocionado durante el discurso.<\/em><\/p>\n\n\n\n<p><em>Se puede acceder a la nota completa a trav\u00e9s del&nbsp;<a href=\"https:\/\/www.swissinfo.ch\/spa\/lula-pide-al-g20-actuar-contra-la-pobreza-y-el-hambre-%22degradante%22\/84846506\" target=\"_blank\" rel=\"noreferrer noopener\">enlace<\/a><\/em><\/p>\n\n\n\n<p><strong><em>Cambio clim\u00e1tico: El calor en las grandes ciudades<\/em><\/strong><\/p>\n\n\n\n<p>Comparando las \u00faltimas dos d\u00e9cadas entre s\u00ed, la cantidad de d\u00edas que la temperatura super\u00f3 el umbral de los 35 grados se ha incrementado significativamente lo que combinado con un incremento sostenido de las temperaturas nocturnas trae importantes consecuencias sanitarias.<\/p>\n\n\n\n<p>Nueva Delhi lidera el ranking pero Paris, Seul, Yakarta, Londres, El Cairo, Tokio y Buenos Aires se intercambian en el podio de las diez megaciudades m\u00e1s afectadas. En el caso de Buenos Aires vio incrementarse en un 344 % la cantidad de d\u00edas de calor extremo en la \u00faltima d\u00e9cada y Yakarta experiment\u00f3 30 dias seguidos de temperaturas superiores a los 35 grados en octubre del 2023.<\/p>\n\n\n\n<p>Los focos de calor no son homog\u00e9neos, las megaciudades est\u00e1n m\u00e1s c\u00e1lidas que su hinterland y disipan menos calor por los pavimentos, por los automotores, especialmente por los atascamientos, pudiendo generar diversos fen\u00f3menos biol\u00f3gicos como el incremento de vectores en cantidad y en n\u00famero de d\u00edas de amenaza, o meteorol\u00f3gicos como atraer granizo, o revertir el flujo de aire haciendo que los gases industriales en vez de disiparse desciendan y generen nubes t\u00f3xicas irrespirables. &nbsp;<\/p>\n\n\n\n<p>La preparaci\u00f3n para enfrentar temperaturas extremas requerir\u00e1 m\u00e1s temprano que tarde de equipamientos, dispositivos o estrategias para enfrentarlas protegiendo la salud de las poblaciones, especialmente las m\u00e1s vulnerables por edad o por condiciones preexistente.<\/p>\n\n\n\n<p><em>Se puede acceder a la nota completa a trav\u00e9s del&nbsp;<a href=\"https:\/\/www.meteored.com.ar\/noticias\/actualidad\/las-mayores-capitales-del-mundo-registran-un-aumento-del-52-en-los-dias-con-temperaturas-superiores-a-los-35-c.html\" target=\"_blank\" rel=\"noreferrer noopener\">enlace<\/a><\/em><\/p>\n\n\n\n<p><strong><em>Oropouche y Jejenes: nueva enfermedad y nuevo vector en el radar de las regiones templadas<\/em><\/strong><\/p>\n\n\n\n<p>No es realmente nuevo ya que se ha convertido en una de las causas m\u00e1s frecuentes de s\u00edndrome febril en las regiones tropicales. Se detect\u00f3 en 1955 cuando fue descubierto en la cuenca del rio &nbsp;Oropouche, en Trinidad y Tobago. No se la conoc\u00eda como una enfermedad grave y se encuentra difundida en varios pa\u00edses de Am\u00e9rica Latina como Colombia, Cuba, Guyana pero salt\u00f3 a los medios esta semana por el registro de dos fallecimientos. Nuevamente como en los casos del Zika o del Chikungu\u00f1a es la vigilancia epidemiol\u00f3gica de Brasil la que da la alerta en la Regi\u00f3n registrando no solo casos y defunciones sino tambi\u00e9n transmisi\u00f3n vertical (de madre al feto) con riesgo de microcefalia; todo muy relevante dado que en nuestras regiones templadas ya se encuentra el vector conocido com\u00fanmente por su muy molesta picadura con el nombre de jej\u00e9n. Un vector susceptible de expandir su presencia en contextos de cambio clim\u00e1tico solo a la espera de un caso importado para comenzar un brote.<\/p>\n\n\n\n<p>Para conocer m\u00e1s sobre vectores como el jej\u00e9n en nuestra regi\u00f3n, contamos con el invalorable trabajo de los equipos especializados del Centro de Estudios Parasitol\u00f3gicos y Vectores CEPAVE de &nbsp;la Universidad Nacional de La Plata. Una comunicaci\u00f3n de este a\u00f1o invita a visitar un cat\u00e1logo de acceso libre y de actualizaci\u00f3n permanente, enriquecido &nbsp;con material fotogr\u00e1fico, al que se puede acceder desde cualquier dispositivo.<\/p>\n\n\n\n<p><em>Se puede acceder a la nota completa a trav\u00e9s del&nbsp;<a href=\"https:\/\/unlp.edu.ar\/investiga\/cienciaenaccion\/jejenes-argentinos-la-unlp-publico-el-primer-catalogo-de-ceratopogonidos-75702\/\" target=\"_blank\" rel=\"noreferrer noopener\">enlace<\/a><\/em><\/p>\n","protected":false},"excerpt":{"rendered":"<p>Por Mario Rovere.\u00a0Publicado en Revista Soberan\u00eda Sanitaria. \u201cEl mal nunca triunfa; porque si triunfase se llamar\u00eda bien\u201d&nbsp;P. Coelho Esta frase refleja adecuadamente el clima de desconcierto que vive la prensa hegem\u00f3nica cada vez que cambia, [&hellip;]<\/p>\n","protected":false},"author":2,"featured_media":2534,"comment_status":"closed","ping_status":"open","sticky":false,"template":"","format":"standard","meta":{"footnotes":""},"categories":[123],"tags":[],"class_list":["post-2701","post","type-post","status-publish","format-standard","has-post-thumbnail","hentry","category-salud-internacional"],"_links":{"self":[{"href":"https:\/\/campusff.ms.gba.gov.ar\/comunidaddea-ff\/wp-json\/wp\/v2\/posts\/2701","targetHints":{"allow":["GET"]}}],"collection":[{"href":"https:\/\/campusff.ms.gba.gov.ar\/comunidaddea-ff\/wp-json\/wp\/v2\/posts"}],"about":[{"href":"https:\/\/campusff.ms.gba.gov.ar\/comunidaddea-ff\/wp-json\/wp\/v2\/types\/post"}],"author":[{"embeddable":true,"href":"https:\/\/campusff.ms.gba.gov.ar\/comunidaddea-ff\/wp-json\/wp\/v2\/users\/2"}],"replies":[{"embeddable":true,"href":"https:\/\/campusff.ms.gba.gov.ar\/comunidaddea-ff\/wp-json\/wp\/v2\/comments?post=2701"}],"version-history":[{"count":2,"href":"https:\/\/campusff.ms.gba.gov.ar\/comunidaddea-ff\/wp-json\/wp\/v2\/posts\/2701\/revisions"}],"predecessor-version":[{"id":2710,"href":"https:\/\/campusff.ms.gba.gov.ar\/comunidaddea-ff\/wp-json\/wp\/v2\/posts\/2701\/revisions\/2710"}],"wp:featuredmedia":[{"embeddable":true,"href":"https:\/\/campusff.ms.gba.gov.ar\/comunidaddea-ff\/wp-json\/wp\/v2\/media\/2534"}],"wp:attachment":[{"href":"https:\/\/campusff.ms.gba.gov.ar\/comunidaddea-ff\/wp-json\/wp\/v2\/media?parent=2701"}],"wp:term":[{"taxonomy":"category","embeddable":true,"href":"https:\/\/campusff.ms.gba.gov.ar\/comunidaddea-ff\/wp-json\/wp\/v2\/categories?post=2701"},{"taxonomy":"post_tag","embeddable":true,"href":"https:\/\/campusff.ms.gba.gov.ar\/comunidaddea-ff\/wp-json\/wp\/v2\/tags?post=2701"}],"curies":[{"name":"wp","href":"https:\/\/api.w.org\/{rel}","templated":true}]}}