{"id":2696,"date":"2024-08-03T11:23:17","date_gmt":"2024-08-03T14:23:17","guid":{"rendered":"https:\/\/campusff.ms.gba.gov.ar\/comunidaddea-ff\/?p=2696"},"modified":"2024-08-08T10:45:52","modified_gmt":"2024-08-08T13:45:52","slug":"resumen-semanal-de-radio-floreal-6","status":"publish","type":"post","link":"https:\/\/campusff.ms.gba.gov.ar\/comunidaddea-ff\/2024\/08\/03\/resumen-semanal-de-radio-floreal-6\/","title":{"rendered":"Resumen semanal de Radio Floreal #6"},"content":{"rendered":"\n<p><em>Resumen semanal de Radio Floreal \u2013 Semana 29\/07\/2024<\/em><\/p>\n\n\n\n<p><strong>Volv\u00e9 a escuchar los programas de la semana de Radio Floreal<\/strong> <\/p>\n\n\n\n<p><a href=\"https:\/\/go.ivoox.com\/rf\/132175768\" data-type=\"link\" data-id=\"https:\/\/go.ivoox.com\/rf\/132175768\"><strong>Floreal Mensajero \u2013 Lunes 11 AM.<\/strong><\/a>&nbsp; Hacemos Escuela y compartimos las noticias de salud m\u00e1s importantes de la semana: efem\u00e9rides de salud, novedades, recomendaciones y postas de salud. <\/p>\n\n\n\n<p><a href=\"https:\/\/go.ivoox.com\/rf\/132272704\" data-type=\"link\" data-id=\"https:\/\/go.ivoox.com\/rf\/132272704\"><strong>DiploMate&nbsp;<\/strong>\u2013&nbsp;<strong>Mi\u00e9rcoles 11 AM<\/strong><\/a><a href=\"https:\/\/go.ivoox.com\/rf\/131852655\">.<\/a>&nbsp; El equipo de Salud Digital, Sim\u00f3n Aguirre &#8211; Director de Salud Digital y Coordinador de la Diplomatura y Marianela Peraf\u00e1n &#8211; Coordinadora del \u00c1rea de Formaci\u00f3n en Salud Digital, conversaron con Diplomate sobre la segunda cohorte de la Diplomatura en Salud Digital.<\/p>\n\n\n\n<p><a href=\"https:\/\/go.ivoox.com\/rf\/132146744\"><strong>El ba\u00fal de Avicena<\/strong>\u00a0<strong>(BdA) \u2013<\/strong>\u00a0<strong>Viernes 11 AM<\/strong>.<\/a><a href=\"https:\/\/go.ivoox.com\/sq\/2370020\">\u00a0<\/a>\u00a0El arte y la sexualidad han sido dos hitos claves en la historia de las sociedades, BdA contin\u00faa con el ciclo de arte y sexualidad. Escuch\u00e1 la cuarta parte de esta serie.<\/p>\n\n\n\n<p><a href=\"https:\/\/go.ivoox.com\/rf\/131210109\"><strong>Pon\u00e9 REC<\/strong>&nbsp;<\/a>\u2013 Es un programa de radio de la Residencia de Epidemiolog\u00eda de Campo de la Secretar\u00eda de Salud de Bah\u00eda Blanca que se emite por la Radio UNS, emisora de la Universidad Nacional del Sur, los viernes a las 14 hs. Se puede escuchar por la AM 1240 \u00f3 a trav\u00e9s del sitio de la radio&nbsp;<a href=\"https:\/\/radio.uns.edu.ar\/\">https:\/\/radio.uns.edu.ar\/<\/a><\/p>\n\n\n\n<p><\/p>\n","protected":false},"excerpt":{"rendered":"<p>Resumen semanal de Radio Floreal \u2013 Semana 29\/07\/2024 Volv\u00e9 a escuchar los programas de la semana de Radio Floreal Floreal Mensajero \u2013 Lunes 11 AM.&nbsp; Hacemos Escuela y compartimos las noticias de salud m\u00e1s importantes [&hellip;]<\/p>\n","protected":false},"author":4,"featured_media":2584,"comment_status":"closed","ping_status":"open","sticky":false,"template":"","format":"standard","meta":{"footnotes":""},"categories":[5],"tags":[],"class_list":["post-2696","post","type-post","status-publish","format-standard","has-post-thumbnail","hentry","category-novedades"],"_links":{"self":[{"href":"https:\/\/campusff.ms.gba.gov.ar\/comunidaddea-ff\/wp-json\/wp\/v2\/posts\/2696","targetHints":{"allow":["GET"]}}],"collection":[{"href":"https:\/\/campusff.ms.gba.gov.ar\/comunidaddea-ff\/wp-json\/wp\/v2\/posts"}],"about":[{"href":"https:\/\/campusff.ms.gba.gov.ar\/comunidaddea-ff\/wp-json\/wp\/v2\/types\/post"}],"author":[{"embeddable":true,"href":"https:\/\/campusff.ms.gba.gov.ar\/comunidaddea-ff\/wp-json\/wp\/v2\/users\/4"}],"replies":[{"embeddable":true,"href":"https:\/\/campusff.ms.gba.gov.ar\/comunidaddea-ff\/wp-json\/wp\/v2\/comments?post=2696"}],"version-history":[{"count":5,"href":"https:\/\/campusff.ms.gba.gov.ar\/comunidaddea-ff\/wp-json\/wp\/v2\/posts\/2696\/revisions"}],"predecessor-version":[{"id":2711,"href":"https:\/\/campusff.ms.gba.gov.ar\/comunidaddea-ff\/wp-json\/wp\/v2\/posts\/2696\/revisions\/2711"}],"wp:featuredmedia":[{"embeddable":true,"href":"https:\/\/campusff.ms.gba.gov.ar\/comunidaddea-ff\/wp-json\/wp\/v2\/media\/2584"}],"wp:attachment":[{"href":"https:\/\/campusff.ms.gba.gov.ar\/comunidaddea-ff\/wp-json\/wp\/v2\/media?parent=2696"}],"wp:term":[{"taxonomy":"category","embeddable":true,"href":"https:\/\/campusff.ms.gba.gov.ar\/comunidaddea-ff\/wp-json\/wp\/v2\/categories?post=2696"},{"taxonomy":"post_tag","embeddable":true,"href":"https:\/\/campusff.ms.gba.gov.ar\/comunidaddea-ff\/wp-json\/wp\/v2\/tags?post=2696"}],"curies":[{"name":"wp","href":"https:\/\/api.w.org\/{rel}","templated":true}]}}